{"id":619078,"date":"2025-12-24T02:17:17","date_gmt":"2025-12-24T02:17:17","guid":{"rendered":"https:\/\/www.europesays.com\/fr\/619078\/"},"modified":"2025-12-24T02:17:17","modified_gmt":"2025-12-24T02:17:17","slug":"jetais-nul-cest-frustrant-martin-groslambert-sest-enfonce-dans-le-sable-actualite","status":"publish","type":"post","link":"https:\/\/www.europesays.com\/fr\/619078\/","title":{"rendered":"\u00ab J\u2019\u00e9tais nul, c\u2019est frustrant \u00bb : Martin Groslambert s\u2019est enfonc\u00e9 dans le sable &#8211; Actualit\u00e9"},"content":{"rendered":"<p><strong><a href=\"https:\/\/www.directvelo.com\/coureur\/30796\/martin-groslambert\" target=\"_blank\" rel=\"noopener\">Martin Groslambert<\/a><\/strong> ne gardera pas de grands souvenirs du triptyque des trois derniers jours dans les sous-bois. Le soci\u00e9taire de la Sebmotobikes CX Team a encha\u00een\u00e9 les \u00e9preuves d\u2019Anvers, Coxyde et Hofstade sans jamais parvenir \u00e0 faire mieux que 25e. Une d\u00e9ception mais pas une grande surprise pour un athl\u00e8te qui a pein\u00e9, tout le week-end, dans le sable.<\/p>\n<p>\u201cLes deux fois samedi et dimanche, j\u2019ai pris un bon d\u00e9part. Mais \u00e0 Anvers, j\u2019ai d\u00e9raill\u00e9 puis crev\u00e9 assez loin du poste. Et \u00e0 Coxyde, ce n\u2019\u00e9tait pas terrible. Pourtant, j\u2019ai pris un bon d\u00e9part l\u00e0-aussi, j\u2019\u00e9tais vers la vingti\u00e8me place mais j\u2019ai tout de suite senti que je n\u2019avais pas les jambes\u201d, conc\u00e9dait-il apr\u00e8s la course aupr\u00e8s de\u00a0DirectVelo. Tout simplement \u201cpas dans une grande journ\u00e9e\u201d, l\u2019athl\u00e8te de 23 ans admet qu\u2019il n\u2019avait \u201cpas de force\u201d <strong><a href=\"https:\/\/www.directvelo.com\/epreuve\/49021\/cc-coxyde-coupe-du-monde-elite-hommes-2025\" target=\"_blank\" rel=\"noopener\">et n&rsquo;a pas fini dans les 30<\/a><\/strong>.\u00a0<\/p>\n<p>\u201cTechniquement, je n\u2019\u00e9tais pas dedans non plus. Je ne roule pas souvent sur le sable et j\u2019ai bien senti que j\u2019\u00e9tais nul. C\u2019est frustrant, je suis d\u00e9\u00e7u\u201d, regrette celui qui, de surcro\u00eet, a fini l\u2019\u00e9preuve de Coxyde avec le genou ensanglant\u00e9. \u201cJe ne suis pas tomb\u00e9 mais j\u2019ai tap\u00e9 une barri\u00e8re bien fort\u201d. Ce qui ne l\u2019a donc pas emp\u00each\u00e9 d\u2019encha\u00eener ce lundi, malgr\u00e9 tout. \u201cCe week-end, on peut dire que j\u2019ai gal\u00e9r\u00e9 \u00e0 chaque fois dans le sable. Mais bon, j\u2019arrivais dans l\u2019inconnu, en sachant que ce n\u2019est pas ma sp\u00e9cialit\u00e9. Ce n\u2019est pas alarmant pour la suite de la saison\u201d.<\/p>\n","protected":false},"excerpt":{"rendered":"Martin Groslambert ne gardera pas de grands souvenirs du triptyque des trois derniers jours dans les sous-bois. Le&hellip;\n","protected":false},"author":2,"featured_media":619079,"comment_status":"","ping_status":"","sticky":false,"template":"","format":"standard","meta":{"footnotes":""},"categories":[1411],"tags":[834,828,836,829,837,827,83,826,824,823,1154,207,814,817,815,816,822,821,832,211,839,1011,27,820,818,819,835,831,830,833,838,60,212,208,825],"class_list":{"0":"post-619078","1":"post","2":"type-post","3":"status-publish","4":"format-standard","5":"has-post-thumbnail","7":"category-cyclisme","8":"tag-attaque","9":"tag-belgique","10":"tag-braquet","11":"tag-bretagne","12":"tag-chute","13":"tag-competition","14":"tag-coupe-de-france","15":"tag-coureur","16":"tag-course-cyclisme","17":"tag-course-cycliste","18":"tag-cycling","19":"tag-cyclisme","20":"tag-direct","21":"tag-direct-velo","22":"tag-directvelo","23":"tag-directvelo-com","24":"tag-epreuve","25":"tag-epreuve-cycliste","26":"tag-federation-francaise-de-cyclisme","27":"tag-ffc","28":"tag-flandres","29":"tag-fr","30":"tag-france","31":"tag-live","32":"tag-live-course","33":"tag-live-epreuve","34":"tag-peloton","35":"tag-radio-peloton","36":"tag-radio-tour","37":"tag-ravitaillement","38":"tag-relance","39":"tag-sports","40":"tag-uci","41":"tag-velo","42":"tag-velos"},"share_on_mastodon":{"url":"https:\/\/pubeurope.com\/@fr\/115772145292560633","error":""},"_links":{"self":[{"href":"https:\/\/www.europesays.com\/fr\/wp-json\/wp\/v2\/posts\/619078","targetHints":{"allow":["GET"]}}],"collection":[{"href":"https:\/\/www.europesays.com\/fr\/wp-json\/wp\/v2\/posts"}],"about":[{"href":"https:\/\/www.europesays.com\/fr\/wp-json\/wp\/v2\/types\/post"}],"author":[{"embeddable":true,"href":"https:\/\/www.europesays.com\/fr\/wp-json\/wp\/v2\/users\/2"}],"replies":[{"embeddable":true,"href":"https:\/\/www.europesays.com\/fr\/wp-json\/wp\/v2\/comments?post=619078"}],"version-history":[{"count":0,"href":"https:\/\/www.europesays.com\/fr\/wp-json\/wp\/v2\/posts\/619078\/revisions"}],"wp:featuredmedia":[{"embeddable":true,"href":"https:\/\/www.europesays.com\/fr\/wp-json\/wp\/v2\/media\/619079"}],"wp:attachment":[{"href":"https:\/\/www.europesays.com\/fr\/wp-json\/wp\/v2\/media?parent=619078"}],"wp:term":[{"taxonomy":"category","embeddable":true,"href":"https:\/\/www.europesays.com\/fr\/wp-json\/wp\/v2\/categories?post=619078"},{"taxonomy":"post_tag","embeddable":true,"href":"https:\/\/www.europesays.com\/fr\/wp-json\/wp\/v2\/tags?post=619078"}],"curies":[{"name":"wp","href":"https:\/\/api.w.org\/{rel}","templated":true}]}}