{"id":619090,"date":"2025-12-24T02:24:15","date_gmt":"2025-12-24T02:24:15","guid":{"rendered":"https:\/\/www.europesays.com\/fr\/619090\/"},"modified":"2025-12-24T02:24:15","modified_gmt":"2025-12-24T02:24:15","slug":"le-temps-des-moissons-de-huo-meng-une-fresque-eblouissante-sur-la-modernisation-a-marche-forcee-de-la-chine-telerama","status":"publish","type":"post","link":"https:\/\/www.europesays.com\/fr\/619090\/","title":{"rendered":"\u201cLe Temps des moissons\u201d, de Huo Meng : une fresque \u00e9blouissante sur la modernisation \u00e0 marche forc\u00e9e de la Chine &#8211; T\u00e9l\u00e9rama"},"content":{"rendered":"<ol>\n<li><a href=\"https:\/\/news.google.com\/rss\/articles\/CBMi8AFBVV95cUxOWWQ3V2llTkJHVlNLUnQ2bW1QZTlIVFJIUm5nQ0pSQTZYeGw4ZFprdE5LQ1NicklRRFJaMmZOcGtJeHlJSGdVWWpiZncyNzdYQXNRV3VtNG5kdG9SNERCcENDZ1gtZWt4NkVqYzJCM3ZkWVV4UXVrdTh2NENva2QySEpkaFdia08yRG9VYjMtVW1qdkwxNVE4bnJfUGdxbWpoSVQwQkdSZFZZa2R6WjdDZWZ0WXJjajZvSGx4TDFlUndOaUd2NTRaUjh0aDlRMGx1TnRaN1dHUFNjN1R6QmFnazVNVzhZX2tQa3NjMndPMGc?oc=5\" target=\"_blank\" rel=\"noopener\">\u201cLe Temps des moissons\u201d, de Huo Meng : une fresque \u00e9blouissante sur la modernisation \u00e0 marche forc\u00e9e de la Chine<\/a>&nbsp;&nbsp;T\u00e9l\u00e9rama<\/li>\n<li><a href=\"https:\/\/news.google.com\/rss\/articles\/CBMihwJBVV95cUxNaVpPdkZpTUdETE13MHV1djR5MG9hUTU4UTlZQWE0Z1hvY3pYWk5VVW9KaHZYLXdRTnBWeHdHM0k5ZlZuQ1oyeEUtcVkta1hYVHQ4WTduOFBJOGhOWjNSeFVUR2hfbFlaRXJkd1pTMm1BSmVIc0ZpcUtRMkJrVERJRUM1STM5XzA4aTRPWVp2MEtqV1pJOWlWbk90MHFLYWpzYV80VmNMTlBlWm1fTlRnaDc0N1BZelg2Tk94Mk1YLW5SVkJzVWhadHF5R0cwU1JHWE90NjQ2dm55c2hrQXRTbGkzbTc3VFF4VURMNHYzcWZqUUU4WnFvQzNzb3ExMGhnc3pVb0tycw?oc=5\" target=\"_blank\" rel=\"noopener\">\u00ab\u00a0Le Temps des moissons\u00a0\u00bb : le monde agricole chinois \u00e0 l&rsquo;heure des grandes mutations, dans les yeux d&rsquo;un enfant<\/a>&nbsp;&nbsp;Franceinfo<\/li>\n<li><a href=\"https:\/\/news.google.com\/rss\/articles\/CBMingFBVV95cUxOUThOVXlpYzdUNlZSZ0NwcUw2bzZNWXo2UzlSbUE5b09fMWsyZ192S2RMZW56eGc4bExOdXBUZTZmZkhHcmwwTjBTMHBvbTBIZDFjTlFCLTEzOTMtaUtZNE5TQnA4LVdvSXV6ZHJJS0F0NExRcWppLXk0a1hQdEJieHFpdFFsczNYN1g4emlfWmg1aWN4WkhBR2kxWEJ3UQ?oc=5\" target=\"_blank\" rel=\"noopener\">Notre critique du Temps des moissons : l\u2019enfant des champs<\/a>&nbsp;&nbsp;Le Figaro<\/li>\n<li><a href=\"https:\/\/news.google.com\/rss\/articles\/CBMiqgFBVV95cUxPcXlCSGwyTlFibnNIRmRuak1xR3JLTi00TGl6MVpRM3dteUNRcVdtWXFHUjhEOEh1V25Lb1plLXhWYm1IcWo5bk82UTFDOWZpUXNnTUEzSE1TUGRKQVRwS3Z1cDctSTYySHpsTXlfbjVuMnVKeUlkeWczX3pFZzhQeVVhb2NXOGotQTA4RzQxVktXTG41bUlNdkNkMVNvLVdUS0d4TGVaVmMwQQ?oc=5\" target=\"_blank\" rel=\"noopener\">\u00ab Le Temps des moissons \u00bb : au c\u0153ur de la Chine rurale, un monde r\u00e9volu<\/a>&nbsp;&nbsp;La Croix<\/li>\n<li><a href=\"https:\/\/news.google.com\/rss\/articles\/CBMivAFBVV95cUxQU3NDNGxHRHhlUGthSXBIODJVMjdTX3hTam94X3I1dkxWQUI5b29HbzNmY0FrMHRNTEFSTDBoWURwdDNHczFFbFFPRHdWNkhQU3JaVUVJa2VnT0IxRGxmTkVoelJlSUdGd1FYS0dvcHlZNDRqVFdSTU5CcnA5VVFZSG5UNUlJVFZibGw0MVQtYVpGdWFWLXlMM0NUS2hPaEE2OV9JLXlOUk9zOVJBOGRlYk1mYlhUOXphZlNVUA?oc=5\" target=\"_blank\" rel=\"noopener\">Au cin\u00e9ma le 24 d\u00e9cembre : Le temps des moissons et La pire m\u00e8re au monde<\/a>&nbsp;&nbsp;Radio VINCI Autoroutes<\/li>\n<\/ol>\n","protected":false},"excerpt":{"rendered":"\u201cLe Temps des moissons\u201d, de Huo Meng : une fresque \u00e9blouissante sur la modernisation \u00e0 marche forc\u00e9e de&hellip;\n","protected":false},"author":2,"featured_media":619091,"comment_status":"","ping_status":"","sticky":false,"template":"","format":"standard","meta":{"footnotes":""},"categories":[1354],"tags":[58,59,1346,1011,27,1360],"class_list":{"0":"post-619090","1":"post","2":"type-post","3":"status-publish","4":"format-standard","5":"has-post-thumbnail","7":"category-films","8":"tag-divertissement","9":"tag-entertainment","10":"tag-films","11":"tag-fr","12":"tag-france","13":"tag-movies"},"share_on_mastodon":{"url":"https:\/\/pubeurope.com\/@fr\/115772172843717135","error":""},"_links":{"self":[{"href":"https:\/\/www.europesays.com\/fr\/wp-json\/wp\/v2\/posts\/619090","targetHints":{"allow":["GET"]}}],"collection":[{"href":"https:\/\/www.europesays.com\/fr\/wp-json\/wp\/v2\/posts"}],"about":[{"href":"https:\/\/www.europesays.com\/fr\/wp-json\/wp\/v2\/types\/post"}],"author":[{"embeddable":true,"href":"https:\/\/www.europesays.com\/fr\/wp-json\/wp\/v2\/users\/2"}],"replies":[{"embeddable":true,"href":"https:\/\/www.europesays.com\/fr\/wp-json\/wp\/v2\/comments?post=619090"}],"version-history":[{"count":0,"href":"https:\/\/www.europesays.com\/fr\/wp-json\/wp\/v2\/posts\/619090\/revisions"}],"wp:featuredmedia":[{"embeddable":true,"href":"https:\/\/www.europesays.com\/fr\/wp-json\/wp\/v2\/media\/619091"}],"wp:attachment":[{"href":"https:\/\/www.europesays.com\/fr\/wp-json\/wp\/v2\/media?parent=619090"}],"wp:term":[{"taxonomy":"category","embeddable":true,"href":"https:\/\/www.europesays.com\/fr\/wp-json\/wp\/v2\/categories?post=619090"},{"taxonomy":"post_tag","embeddable":true,"href":"https:\/\/www.europesays.com\/fr\/wp-json\/wp\/v2\/tags?post=619090"}],"curies":[{"name":"wp","href":"https:\/\/api.w.org\/{rel}","templated":true}]}}