{"id":619101,"date":"2025-12-24T02:31:19","date_gmt":"2025-12-24T02:31:19","guid":{"rendered":"https:\/\/www.europesays.com\/fr\/619101\/"},"modified":"2025-12-24T02:31:19","modified_gmt":"2025-12-24T02:31:19","slug":"washington-interdit-de-visa-cinq-europeens-dont-le-francais-thierry-breton","status":"publish","type":"post","link":"https:\/\/www.europesays.com\/fr\/619101\/","title":{"rendered":"Washington interdit de visa cinq Europ\u00e9ens, dont le Fran\u00e7ais Thierry Breton"},"content":{"rendered":"<p>\n    Les agissements de ces cinq personnalit\u00e9s, engag\u00e9es pour une stricte r\u00e9gulation de la tech, s\u2019apparentent \u00e0 de la \u00abcensure\u00bb au d\u00e9triment des int\u00e9r\u00eats am\u00e9ricains, a justifi\u00e9 le d\u00e9partement d\u2019\u00c9tat.<\/p>\n<p class=\"fig-paragraph\">Apr\u00e8s les menaces, les\u00a0<a href=\"http:\/\/sante.lefigaro.fr\/social\/sante-publique\/aux-etats-unis-un-an-de-charge-antivax-par-le-ministre-de-la-sante-robert-kennedy-jr-20251223\" target=\"_blank\" data-fig-type=\"Article\" rel=\"noopener\" data-gtm-custom-categorie=\"navigation\" data-gtm-custom-action=\"crossclick\" data-gtm-custom-label=\"Contextuel\" data-gtm-event=\"customEventSPE\" data-fig-domain=\"SANTE\">\u00c9tats-Unis<\/a>\u00a0passent \u00e0 l\u2019acte: criant \u00e0 la censure, l\u2019administration Trump a annonc\u00e9 mardi des sanctions visant cinq personnalit\u00e9s europ\u00e9ennes engag\u00e9es pour une stricte r\u00e9gulation de la tech et contre la d\u00e9sinformation en ligne, dont un ancien commissaire europ\u00e9en, le Fran\u00e7ais Thierry Breton. Une d\u00e9cision d\u00e9nonc\u00e9e \u00abavec la plus grande fermet\u00e9\u00bb par Paris.<\/p>\n<p class=\"fig-paragraph\">\u00abLa France d\u00e9nonce avec la plus grande fermet\u00e9 la restriction de visa prise par les \u00c9tats-Unis \u00e0 l\u2019encontre de Thierry Breton, ancien ministre et commissaire europ\u00e9en, et quatre autres personnalit\u00e9s europ\u00e9ennes\u00bb, d\u00e9clare le chef de la diplomatie fran\u00e7aise dans un message post\u00e9 sur X. \u00abLes peuples de l\u2019Europe sont libres et souverains et ne sauraient se faire imposer par d\u2019autres les r\u00e8gles s\u2019appliquant \u00e0 leur espace num\u00e9rique\u00bb, souligne Jean-No\u00ebl Barrot.<\/p>\n<p>                                            <a class=\"fig-a11y-skip\" href=\"#fig-a11y-skip-main-inarticle\" data-module=\"a11y-skip\" data-context=\"was @visible\"><br \/>\n    Passer la publicit\u00e9<br \/>\n<\/a>            <\/p>\n<p class=\"fig-paragraph\">Les agissements de ces personnes, qui se voient interdites de s\u00e9jour aux \u00c9tats-Unis, s\u2019apparentent \u00e0 de la \u00abcensure\u00bb au d\u00e9triment des int\u00e9r\u00eats am\u00e9ricains, a justifi\u00e9 le d\u00e9partement d\u2019\u00c9tat. \u00abDepuis trop longtemps, les id\u00e9ologues europ\u00e9ens m\u00e8nent des actions concert\u00e9es pour contraindre les plateformes am\u00e9ricaines \u00e0 sanctionner les opinions am\u00e9ricaines auxquelles ils s\u2019opposent\u00bb, a fustig\u00e9 le chef de la diplomatie am\u00e9ricaine, Marco Rubio, sur X. \u00abL\u2019administration Trump ne tol\u00e9rera plus ces actes flagrants de censure extraterritoriale\u00bb, a-t-il ajout\u00e9, d\u00e9non\u00e7ant \u00abun complexe industriel mondial de la censure\u00bb.<\/p>\n<p>                                            Repr\u00e9sentants d\u2019ONG<\/p>\n<p class=\"fig-paragraph\">L\u2019annonce des sanctions s\u2019est d\u00e9roul\u00e9e en deux temps: d\u2019abord, un communiqu\u00e9 du d\u00e9partement d\u2019\u00c9tat \u00e9voquant cinq individus sans les nommer, puis le message de Marco Rubio sur X. C\u2019est seulement ensuite que la sous-secr\u00e9taire d\u2019\u00c9tat pour la diplomatie publique, Sarah Rogers, a r\u00e9v\u00e9l\u00e9 \u00e9galement sur X les noms des personnes concern\u00e9es. A commencer par le Fran\u00e7ais Thierry Breton, ancien ministre et artisan de la directive europ\u00e9enne sur les services num\u00e9riques, qui a \u00e9t\u00e9 commissaire au March\u00e9 int\u00e9rieur de 2019 \u00e0 2024, avec de larges comp\u00e9tences en particulier sur les dossiers num\u00e9riques et industriels.<\/p>\n<p class=\"fig-paragraph\">Les quatre autres personnes sanctionn\u00e9es sont des repr\u00e9sentants d\u2019ONG luttant contre la d\u00e9sinformation et la haine en ligne au Royaume-Uni et en Allemagne: Imran Ahmed, qui dirige le Center for Countering Digital Hate (CCDH), Clare Melford, \u00e0 la t\u00eate d\u2019un index de la d\u00e9sinformation (GDI) bas\u00e9 au Royaume-Uni, ainsi que Anna-Lena von Hodenberg, fondatrice de HateAid, une ONG allemande, et Josephine Ballon, de la m\u00eame association.<\/p>\n<p class=\"fig-paragraph\">Le pr\u00e9sident am\u00e9ricain Donald Trump m\u00e8ne une offensive d\u2019envergure contre les r\u00e8gles de l\u2019Union europ\u00e9enne sur la tech qui imposent aux plateformes des obligations en particulier de signalement de contenus probl\u00e9matiques, ce que les \u00c9tats-Unis jugent comme des atteintes \u00e0 la libert\u00e9 d\u2019expression. L\u2019UE dispose de fait de l\u2019arsenal juridique le plus puissant au monde pour r\u00e9guler le num\u00e9rique.<\/p>\n<p>                                            L\u2019Europe dans le collimateur<\/p>\n<p class=\"fig-paragraph\">La crise couve depuis des mois. Washington a notamment tr\u00e8s mal pris l\u2019amende de 140 millions de dollars inflig\u00e9e par l\u2019UE d\u00e9but d\u00e9cembre \u00e0 X, le r\u00e9seau social du milliardaire Elon Musk. Marco Rubio a alors parl\u00e9 d\u2019une \u00abattaque contre toutes les plateformes technologiques am\u00e9ricaines et le peuple am\u00e9ricain par des gouvernements \u00e9trangers\u00bb. Depuis son retour au pouvoir, Donald Trump a l\u2019Europe dans le collimateur.<\/p>\n<p>                                            <a class=\"fig-a11y-skip\" href=\"#fig-a11y-skip-main-inarticle_mtf\" data-module=\"a11y-skip\" data-context=\"was @visible\"><br \/>\n    Passer la publicit\u00e9<br \/>\n<\/a>            <\/p>\n<p class=\"fig-paragraph\">Dans sa nouvelle Strat\u00e9gie de s\u00e9curit\u00e9 nationale, publi\u00e9e r\u00e9cemment, qui parle d\u2019un \u00abeffacement civilisationnel\u00bb de l\u2019Europe, Washington cible p\u00eale-m\u00e8le les instances europ\u00e9ennes \u00abqui sapent la libert\u00e9 politique et la souverainet\u00e9\u00bb, les politiques migratoires, \u00abla censure de la libert\u00e9 d\u2019expression et la r\u00e9pression de l\u2019opposition politique, l\u2019effondrement des taux de natalit\u00e9 et la perte des identit\u00e9s nationales et de la confiance en soi\u00bb en Europe.<\/p>\n<p class=\"fig-paragraph\">D\u00e8s f\u00e9vrier dernier, le vice-pr\u00e9sident am\u00e9ricain, JD Vance, avait constern\u00e9 les Allemands et, plus g\u00e9n\u00e9ralement, les Europ\u00e9ens, lors d\u2019un discours \u00e0 Munich dans lequel il avait affirm\u00e9 que la libert\u00e9 d\u2019expression \u00abreculait\u00bb sur le continent. Il avait alors \u00e9pous\u00e9 les vues des partis d\u2019extr\u00eame droite comme l\u2019AfD, en Allemagne. En mai, le secr\u00e9taire d\u2019\u00c9tat am\u00e9ricain avait annonc\u00e9 des restrictions de visas pour les \u00e9trangers accus\u00e9s de \u00abcensurer les Am\u00e9ricains\u00bb, affirmant que la libert\u00e9 d\u2019expression \u00e9tait \u00abessentielle au mode de vie am\u00e9ricain\u00bb.<\/p>\n<p class=\"fig-paragraph\">Par ailleurs, un r\u00e9cent m\u00e9mo du d\u00e9partement d\u2019\u00c9tat, cit\u00e9 dans la presse am\u00e9ricaine, \u00e9voque de nouvelles consignes du gouvernement am\u00e9ricain visant \u00e0 restreindre les visas pour des personnes travaillant dans la tech (les visas H-1B), notamment sp\u00e9cialis\u00e9es dans la mod\u00e9ration de contenu. Le R\u00e9seau international de v\u00e9rification des faits (IFCN, International fact-checking network), bas\u00e9 aux \u00c9tats-Unis et qui rassemble plus de 170 entit\u00e9s travaillant sur la v\u00e9rification des faits et la lutte contre la d\u00e9sinformation, avait exprim\u00e9 sa \u00abprofonde pr\u00e9occupation\u00bb \u00e0 ce sujet.<\/p>\n","protected":false},"excerpt":{"rendered":"Les agissements de ces cinq personnalit\u00e9s, engag\u00e9es pour une stricte r\u00e9gulation de la tech, s\u2019apparentent \u00e0 de la&hellip;\n","protected":false},"author":2,"featured_media":619102,"comment_status":"","ping_status":"","sticky":false,"template":"","format":"standard","meta":{"footnotes":""},"categories":[5],"tags":[11,1011,27,14,12,39049,28],"class_list":{"0":"post-619101","1":"post","2":"type-post","3":"status-publish","4":"format-standard","5":"has-post-thumbnail","7":"category-international","8":"tag-actualites","9":"tag-fr","10":"tag-france","11":"tag-international","12":"tag-news","13":"tag-thierry-breton","14":"tag-world"},"share_on_mastodon":{"url":"https:\/\/pubeurope.com\/@fr\/115772200339482262","error":""},"_links":{"self":[{"href":"https:\/\/www.europesays.com\/fr\/wp-json\/wp\/v2\/posts\/619101","targetHints":{"allow":["GET"]}}],"collection":[{"href":"https:\/\/www.europesays.com\/fr\/wp-json\/wp\/v2\/posts"}],"about":[{"href":"https:\/\/www.europesays.com\/fr\/wp-json\/wp\/v2\/types\/post"}],"author":[{"embeddable":true,"href":"https:\/\/www.europesays.com\/fr\/wp-json\/wp\/v2\/users\/2"}],"replies":[{"embeddable":true,"href":"https:\/\/www.europesays.com\/fr\/wp-json\/wp\/v2\/comments?post=619101"}],"version-history":[{"count":0,"href":"https:\/\/www.europesays.com\/fr\/wp-json\/wp\/v2\/posts\/619101\/revisions"}],"wp:featuredmedia":[{"embeddable":true,"href":"https:\/\/www.europesays.com\/fr\/wp-json\/wp\/v2\/media\/619102"}],"wp:attachment":[{"href":"https:\/\/www.europesays.com\/fr\/wp-json\/wp\/v2\/media?parent=619101"}],"wp:term":[{"taxonomy":"category","embeddable":true,"href":"https:\/\/www.europesays.com\/fr\/wp-json\/wp\/v2\/categories?post=619101"},{"taxonomy":"post_tag","embeddable":true,"href":"https:\/\/www.europesays.com\/fr\/wp-json\/wp\/v2\/tags?post=619101"}],"curies":[{"name":"wp","href":"https:\/\/api.w.org\/{rel}","templated":true}]}}