{"id":619103,"date":"2025-12-24T02:32:12","date_gmt":"2025-12-24T02:32:12","guid":{"rendered":"https:\/\/www.europesays.com\/fr\/619103\/"},"modified":"2025-12-24T02:32:12","modified_gmt":"2025-12-24T02:32:12","slug":"mort-dun-des-quatre-blesses","status":"publish","type":"post","link":"https:\/\/www.europesays.com\/fr\/619103\/","title":{"rendered":"mort d&rsquo;un des quatre bless\u00e9s"},"content":{"rendered":"<p>                    Par<br \/>\n        <strong><br \/>\n            <a href=\"https:\/\/actu.fr\/auteur\/nicolas-zaugra\" title=\"Consulter tous les articles de Nicolas Zaugra\" target=\"_blank\" rel=\"noopener\">Nicolas Zaugra<\/a><br \/>\n                    <\/strong><\/p>\n<p>        Publi\u00e9 le<\/p>\n<p>            23 d\u00e9c. 2025 \u00e0 21h36<br \/>\n        ; mis \u00e0 jour le 23 d\u00e9c. 2025 \u00e0 21h40    <\/p>\n<p>Une des quatre personnes bless\u00e9es lundi dans l\u2019<a href=\"https:\/\/actu.fr\/auvergne-rhone-alpes\/saint-fons_69199\/explosion-d-une-usine-chimique-pres-de-lyon-nouveau-bilan-trois-blesses-en-urgence-absolue_63614267.html\" target=\"_blank\" rel=\"noopener\">explosion dans l\u2019usine chimique Elkem Silicones<\/a> \u00e0 Saint-Fons, pr\u00e8s de Lyon, est d\u00e9c\u00e9d\u00e9e mardi apr\u00e8s-midi, a indiqu\u00e9 la pr\u00e9fecture.<\/p>\n<p class=\" wall-content\">La victime, un homme \u00e2ge de 47 ans dont le <a href=\"https:\/\/actu.fr\/auvergne-rhone-alpes\/saint-fons_69199\/explosion-d-une-usine-chimique-pres-de-lyon-nouveau-bilan-trois-blesses-en-urgence-absolue_63614267.html\" target=\"_blank\" rel=\"noopener\">pronostic vital \u00e9tait engag\u00e9<\/a>, \u00ab\u00a0est d\u00e9c\u00e9d\u00e9e des suites de ses br\u00fblures\u00a0\u00bb, a pr\u00e9cis\u00e9 la pr\u00e9fecture \u00e0 l\u2019AFP, confirmant une information de <a href=\"https:\/\/www.rtl.fr\/actu\/justice-faits-divers\/explosion-a-saint-fons-un-technicien-grievement-blesse-est-mort-des-suites-de-ses-blessures-7900582193\" target=\"_blank\" rel=\"noopener\">RTL<\/a>.<\/p>\n<p class=\" wall-content\">Le parquet de Lyon a confirm\u00e9 plus t\u00f4t dans la journ\u00e9e un bilan de quatre bless\u00e9s, dont trois \u00ab gri\u00e8vement br\u00fbl\u00e9s \u00bb, et indiqu\u00e9 avoir ouvert une enqu\u00eate pour \u00ab blessures involontaires par personne morale suivies d\u2019incapacit\u00e9 sup\u00e9rieure \u00e0 trois mois \u00bb.<\/p>\n<p>Enqu\u00eate judiciaire ouverte<\/p>\n<p class=\" wall-content\">La Division de la criminalit\u00e9 organis\u00e9e sp\u00e9cialis\u00e9e (DCOS, ex PJ), et la Direction d\u00e9partementale de l\u2019emploi, du travail et des solidarit\u00e9s (DDETS), ont \u00e9t\u00e9 saisies pour d\u00e9terminer les causes et circonstances de l\u2019explosion, selon le parquet.<\/p>\n<p class=\" wall-content\">La d\u00e9flagration a pu \u00eatre caus\u00e9e par l\u2019\u00e9manation d\u2019hydrog\u00e8ne \u00ab\u00a0dans un atelier exp\u00e9rimental\u00a0\u00bb, avait d\u00e9clar\u00e9 lundi \u00e0 la presse Jean-Pierre Lerat, le directeur du l\u2019usine.\u00a0<\/p>\n<p class=\" wall-content\">Selon le porte-parole Guillaume Artois, cet atelier \u00e9tait une \u00ab\u00a0unit\u00e9 bien particuli\u00e8re, le laboratoire pilote, qui n\u2019est pas connect\u00e9 au reste du site\u00a0\u00bb. Il avait \u00e9t\u00e9 install\u00e9 en 2021 et r\u00e9pondait aux exigences des \u00ab\u00a0derni\u00e8res normes de s\u00e9curit\u00e9\u00a0\u00bb, a-t-il assur\u00e9.<\/p>\n<p class=\" wall-content\"><strong>Avec AFP<\/strong><\/p>\n<p class=\" wall-content\">Personnalisez votre actualit\u00e9 en ajoutant vos villes et m\u00e9dias en favori avec <a href=\"https:\/\/moncompte.actu.fr\" title=\"D\u00e9couvez Mon Actu\" rel=\"nofollow noopener\" data-trk=\"{&quot;cta&quot;:{&quot;action&quot;:&quot;https:\\\/\\\/moncompte.actu.fr&quot;,&quot;category&quot;:&quot;mon compte&quot;,&quot;from&quot;:&quot;article footer&quot;,&quot;name&quot;:&quot;Mon actu&quot;,&quot;type&quot;:&quot;cta&quot;}}\" target=\"_blank\">Mon Actu<\/a>.<\/p>\n","protected":false},"excerpt":{"rendered":"Par Nicolas Zaugra Publi\u00e9 le 23 d\u00e9c. 2025 \u00e0 21h36 ; mis \u00e0 jour le 23 d\u00e9c. 2025&hellip;\n","protected":false},"author":2,"featured_media":619104,"comment_status":"","ping_status":"","sticky":false,"template":"","format":"standard","meta":{"footnotes":""},"categories":[4],"tags":[11,118,1011,27,693,303,12,25],"class_list":{"0":"post-619103","1":"post","2":"type-post","3":"status-publish","4":"format-standard","5":"has-post-thumbnail","7":"category-france","8":"tag-actualites","9":"tag-faits-divers","10":"tag-fr","11":"tag-france","12":"tag-industrie","13":"tag-justice","14":"tag-news","15":"tag-republique-francaise"},"share_on_mastodon":{"url":"https:\/\/pubeurope.com\/@fr\/115772204299270086","error":""},"_links":{"self":[{"href":"https:\/\/www.europesays.com\/fr\/wp-json\/wp\/v2\/posts\/619103","targetHints":{"allow":["GET"]}}],"collection":[{"href":"https:\/\/www.europesays.com\/fr\/wp-json\/wp\/v2\/posts"}],"about":[{"href":"https:\/\/www.europesays.com\/fr\/wp-json\/wp\/v2\/types\/post"}],"author":[{"embeddable":true,"href":"https:\/\/www.europesays.com\/fr\/wp-json\/wp\/v2\/users\/2"}],"replies":[{"embeddable":true,"href":"https:\/\/www.europesays.com\/fr\/wp-json\/wp\/v2\/comments?post=619103"}],"version-history":[{"count":0,"href":"https:\/\/www.europesays.com\/fr\/wp-json\/wp\/v2\/posts\/619103\/revisions"}],"wp:featuredmedia":[{"embeddable":true,"href":"https:\/\/www.europesays.com\/fr\/wp-json\/wp\/v2\/media\/619104"}],"wp:attachment":[{"href":"https:\/\/www.europesays.com\/fr\/wp-json\/wp\/v2\/media?parent=619103"}],"wp:term":[{"taxonomy":"category","embeddable":true,"href":"https:\/\/www.europesays.com\/fr\/wp-json\/wp\/v2\/categories?post=619103"},{"taxonomy":"post_tag","embeddable":true,"href":"https:\/\/www.europesays.com\/fr\/wp-json\/wp\/v2\/tags?post=619103"}],"curies":[{"name":"wp","href":"https:\/\/api.w.org\/{rel}","templated":true}]}}