{"id":619110,"date":"2025-12-24T02:39:40","date_gmt":"2025-12-24T02:39:40","guid":{"rendered":"https:\/\/www.europesays.com\/fr\/619110\/"},"modified":"2025-12-24T02:39:40","modified_gmt":"2025-12-24T02:39:40","slug":"jean-denis-firoloni-reelu-a-la-presidence-de-la-commission-medicale-de","status":"publish","type":"post","link":"https:\/\/www.europesays.com\/fr\/619110\/","title":{"rendered":"Jean-Denis Firoloni, r\u00e9\u00e9lu \u00e0 la pr\u00e9sidence de la Commission M\u00e9dicale de (\u2026)"},"content":{"rendered":"<p>                    <img loading=\"lazy\" decoding=\"async\" src=\"https:\/\/www.europesays.com\/fr\/wp-content\/uploads\/2025\/12\/e21806528bffe53eb6fa35642dbac9.jpg\" class=\"img-responsive post-image\" width=\"680\" height=\"510\" alt=\"Jean-Denis Firoloni, (\u2026)\" title=\"Jean-Denis Firoloni, r\u00e9\u00e9lu \u00e0 la pr\u00e9sidence de la Commission M\u00e9dicale de Sainte-Musse\"\/><\/p>\n<p class=\"chapo\">Le Dr Jean-Denis Firoloni, m\u00e9decin urgentiste a \u00e9t\u00e9 r\u00e9\u00e9lu \u00e0 la pr\u00e9sidence de la Commission M\u00e9dicale d\u2019\u00c9tablissement (CME) pour une dur\u00e9e de 4 ans.<\/p>\n<p class=\"texte\">La Commission M\u00e9dicale d\u2019Etablissement est l\u2019instance repr\u00e9sentative du corps m\u00e9dical, elle joue un r\u00f4le essentiel dans la gouvernance de l\u2019h\u00f4pital en participant \u00e0 l\u2019\u00e9laboration et \u00e0 la mise en \u0153uvre du projet m\u00e9dical, en veillant \u00e0 la qualit\u00e9 et \u00e0 la s\u00e9curit\u00e9 des soins, et en contribuant \u00e0 la politique de recherche, d\u2019enseignement et d\u2019innovation.<\/p>\n<p>Le <strong>Dr Jean-Denis Firoloni <\/strong> a pr\u00e9cis\u00e9 les axes th\u00e9matiques de travail pour ce deuxi\u00e8me mandat\u00a0: \u00ab\u00a0 Je souhaite accompagner les mesures li\u00e9es \u00e0 la situation financi\u00e8re de l\u2019\u00e9tablissement, d\u00e9velopper de nouvelles activit\u00e9s m\u00e9dicales tout en consolidant l\u2019offre de soins existante et renforcer le lien avec le Centre Hospitalier Intercommunal Toulon \u2013 La Seyne-sur-Mer\u00a0\u00bb.<\/p>\n<p>Enfin, la direction de l\u2019\u00e9tablissement a f\u00e9licit\u00e9 le Dr Jean-Denis Firoloni pour sa r\u00e9\u00e9lection.<\/p>\n<p>Photo de Une\u00a0: \u00a9Samantha ERNST<\/p>\n","protected":false},"excerpt":{"rendered":"Le Dr Jean-Denis Firoloni, m\u00e9decin urgentiste a \u00e9t\u00e9 r\u00e9\u00e9lu \u00e0 la pr\u00e9sidence de la Commission M\u00e9dicale d\u2019\u00c9tablissement (CME)&hellip;\n","protected":false},"author":2,"featured_media":619111,"comment_status":"","ping_status":"","sticky":false,"template":"","format":"standard","meta":{"footnotes":""},"categories":[9619],"tags":[1111,11,2408,1777,674,1011,27,12,882,25,2310],"class_list":{"0":"post-619110","1":"post","2":"type-post","3":"status-publish","4":"format-standard","5":"has-post-thumbnail","7":"category-toulon","8":"tag-actu","9":"tag-actualites","10":"tag-appels-d","11":"tag-eu","12":"tag-europe","13":"tag-fr","14":"tag-france","15":"tag-news","16":"tag-provence-alpes-cote-dazur","17":"tag-republique-francaise","18":"tag-toulon"},"share_on_mastodon":{"url":"https:\/\/pubeurope.com\/@fr\/115772232510184824","error":""},"_links":{"self":[{"href":"https:\/\/www.europesays.com\/fr\/wp-json\/wp\/v2\/posts\/619110","targetHints":{"allow":["GET"]}}],"collection":[{"href":"https:\/\/www.europesays.com\/fr\/wp-json\/wp\/v2\/posts"}],"about":[{"href":"https:\/\/www.europesays.com\/fr\/wp-json\/wp\/v2\/types\/post"}],"author":[{"embeddable":true,"href":"https:\/\/www.europesays.com\/fr\/wp-json\/wp\/v2\/users\/2"}],"replies":[{"embeddable":true,"href":"https:\/\/www.europesays.com\/fr\/wp-json\/wp\/v2\/comments?post=619110"}],"version-history":[{"count":0,"href":"https:\/\/www.europesays.com\/fr\/wp-json\/wp\/v2\/posts\/619110\/revisions"}],"wp:featuredmedia":[{"embeddable":true,"href":"https:\/\/www.europesays.com\/fr\/wp-json\/wp\/v2\/media\/619111"}],"wp:attachment":[{"href":"https:\/\/www.europesays.com\/fr\/wp-json\/wp\/v2\/media?parent=619110"}],"wp:term":[{"taxonomy":"category","embeddable":true,"href":"https:\/\/www.europesays.com\/fr\/wp-json\/wp\/v2\/categories?post=619110"},{"taxonomy":"post_tag","embeddable":true,"href":"https:\/\/www.europesays.com\/fr\/wp-json\/wp\/v2\/tags?post=619110"}],"curies":[{"name":"wp","href":"https:\/\/api.w.org\/{rel}","templated":true}]}}