{"id":619116,"date":"2025-12-24T02:49:04","date_gmt":"2025-12-24T02:49:04","guid":{"rendered":"https:\/\/www.europesays.com\/fr\/619116\/"},"modified":"2025-12-24T02:49:04","modified_gmt":"2025-12-24T02:49:04","slug":"un-homme-arme-dans-une-auto-ecole-la-police-ouvre-le-feu","status":"publish","type":"post","link":"https:\/\/www.europesays.com\/fr\/619116\/","title":{"rendered":"un homme arm\u00e9 dans une auto-\u00e9cole, la police ouvre le feu"},"content":{"rendered":"<p class=\"app_entry_lead\">\n<p>                    <a title=\"\u00a0\u00a9\u00a0NICOLAS MESSYASZ\/SIPA (publi\u00e9e le 22\/12\/2025)\" href=\"https:\/\/www.europesays.com\/fr\/wp-content\/uploads\/2025\/12\/84112807.jpg\" class=\"fancy\"><\/p>\n<p>                            <img loading=\"lazy\" decoding=\"async\" src=\"https:\/\/www.europesays.com\/fr\/wp-content\/uploads\/2025\/12\/84112807.jpg\" alt=\"Grenoble\u00a0: un homme arm\u00e9 dans une auto-\u00e9cole, la police ouvre le feu\" width=\"1500\" height=\"1002\"\/><\/p>\n<p>                    <\/a><\/p>\n<p>                                    Un individu mena\u00e7ant a \u00e9t\u00e9 bless\u00e9 par balle par des policiers, \u00e0 Grenoble ce lundi 22\u00a0d\u00e9cembre 2025. Les faits se sont d\u00e9roul\u00e9s dans une auto-\u00e9cole o\u00f9 l&rsquo;homme, arm\u00e9 d&rsquo;un couteau, a menac\u00e9 le personnel avec une arme blanche.\n                            <\/p>\n<p>                Je m&rsquo;abonne \u00e0 la newsletter Bons Plans<\/p>\n<p>Un homme, arm\u00e9 d&rsquo;un couteau, a \u00e9t\u00e9 bless\u00e9 par balle par des policiers, ce lundi 22\u00a0d\u00e9cembre \u00e0 Grenoble en Is\u00e8re, rapporte le <a href=\"https:\/\/www.ledauphine.com\/faits-divers-justice\/2025\/12\/22\/un-homme-arme-d-un-couteau-maitrise-par-la-police-on-a-entendu-crier-arrete-toi-arrete-toi-et-puis-les-coups-de-feu\" target=\"_blank\" rel=\"noopener\">Dauphin\u00e9 Lib\u00e9r\u00e9.<\/a><\/p>\n<p>Il est 9\u00a0h 00\u00a0quand un homme d&rsquo;une trentaine d&rsquo;ann\u00e9es entre dans une auto-\u00e9cole de Grenoble et menace le personnel avec un couteau. Apr\u00e8s avoir appel\u00e9 la police, les salari\u00e9s constatent que l&rsquo;individu a pris la fuite.<\/p>\n<p>Retrouv\u00e9 par la police sur la voie publique, l&rsquo;homme de 34\u00a0ans a fonc\u00e9 sur les policiers, qui ont fini par ouvrir le feu, rapporte <a href=\"https:\/\/france3-regions.franceinfo.fr\/auvergne-rhone-alpes\/isere\/grenoble\/la-police-tire-sur-un-homme-arme-d-un-couteau-dans-le-centre-ville-de-grenoble-3270641.html\" target=\"_blank\" rel=\"noopener\">France 3\u00a0R\u00e9gions.<\/a><\/p>\n<p>L&rsquo;homme bless\u00e9 mais pas en danger de mort<\/p>\n<p>Bien que l&rsquo;homme soit bless\u00e9, son pronostic vital n&rsquo;est pas engag\u00e9. Le suspect a \u00e9t\u00e9 atteint \u00e0 une main et en haut du corps. Il a \u00e9t\u00e9 transport\u00e9 au centre hospitalier universitaire <a href=\"https:\/\/www.linternaute.com\/ville\/grenoble\/ville-38185\" title=\"Grenoble\" target=\"_blank\" rel=\"noopener\">Grenoble<\/a>-Alpes.<\/p>\n<p>Son pronostic vital n&rsquo;est pas engag\u00e9. Cet individu \u00e9tait d\u00e9j\u00e0 connu des services de police, mais \u00ab\u00a0pas pour des faits li\u00e9s au terrorisme\u00a0\u00bb, indique une source proche du dossier au m\u00e9dia local.<\/p>\n<p>Au total, deux enqu\u00eates ont \u00e9t\u00e9 ouvertes. L&rsquo;une concerne l&rsquo;interpellation de cet individu et a \u00e9t\u00e9 confi\u00e9e au service local de police judiciaire [SLPJ]. L&rsquo;autre, sur l&rsquo;usage de l&rsquo;arme \u00e0 feu par le fonctionnaire, a \u00e9t\u00e9 confi\u00e9e \u00e0 l&rsquo;inspection g\u00e9n\u00e9rale de la police nationale [IGPN].<\/p>\n","protected":false},"excerpt":{"rendered":"Un individu mena\u00e7ant a \u00e9t\u00e9 bless\u00e9 par balle par des policiers, \u00e0 Grenoble ce lundi 22\u00a0d\u00e9cembre 2025. Les&hellip;\n","protected":false},"author":2,"featured_media":619117,"comment_status":"","ping_status":"","sticky":false,"template":"","format":"standard","meta":{"footnotes":""},"categories":[9566],"tags":[1111,11,72905,2430,72904,51761,1777,674,118,51763,1011,27,2731,12,51767,25],"class_list":{"0":"post-619116","1":"post","2":"type-post","3":"status-publish","4":"format-standard","5":"has-post-thumbnail","7":"category-grenoble","8":"tag-actu","9":"tag-actualites","10":"tag-auto-ecole","11":"tag-auvergne-rhone-alpes","12":"tag-cms-linternaute-9497290","13":"tag-controller-content","14":"tag-eu","15":"tag-europe","16":"tag-faits-divers","17":"tag-format-papier","18":"tag-fr","19":"tag-france","20":"tag-grenoble","21":"tag-news","22":"tag-parallaxeinfeed","23":"tag-republique-francaise"},"share_on_mastodon":{"url":"https:\/\/pubeurope.com\/@fr\/115772272077101342","error":""},"_links":{"self":[{"href":"https:\/\/www.europesays.com\/fr\/wp-json\/wp\/v2\/posts\/619116","targetHints":{"allow":["GET"]}}],"collection":[{"href":"https:\/\/www.europesays.com\/fr\/wp-json\/wp\/v2\/posts"}],"about":[{"href":"https:\/\/www.europesays.com\/fr\/wp-json\/wp\/v2\/types\/post"}],"author":[{"embeddable":true,"href":"https:\/\/www.europesays.com\/fr\/wp-json\/wp\/v2\/users\/2"}],"replies":[{"embeddable":true,"href":"https:\/\/www.europesays.com\/fr\/wp-json\/wp\/v2\/comments?post=619116"}],"version-history":[{"count":0,"href":"https:\/\/www.europesays.com\/fr\/wp-json\/wp\/v2\/posts\/619116\/revisions"}],"wp:featuredmedia":[{"embeddable":true,"href":"https:\/\/www.europesays.com\/fr\/wp-json\/wp\/v2\/media\/619117"}],"wp:attachment":[{"href":"https:\/\/www.europesays.com\/fr\/wp-json\/wp\/v2\/media?parent=619116"}],"wp:term":[{"taxonomy":"category","embeddable":true,"href":"https:\/\/www.europesays.com\/fr\/wp-json\/wp\/v2\/categories?post=619116"},{"taxonomy":"post_tag","embeddable":true,"href":"https:\/\/www.europesays.com\/fr\/wp-json\/wp\/v2\/tags?post=619116"}],"curies":[{"name":"wp","href":"https:\/\/api.w.org\/{rel}","templated":true}]}}