{"id":61912,"date":"2025-04-29T13:41:11","date_gmt":"2025-04-29T13:41:11","guid":{"rendered":"https:\/\/www.europesays.com\/fr\/61912\/"},"modified":"2025-04-29T13:41:11","modified_gmt":"2025-04-29T13:41:11","slug":"halestorm-en-concert-a-lolympia-de-paris-en-novembre-2025-news-rockurlife","status":"publish","type":"post","link":"https:\/\/www.europesays.com\/fr\/61912\/","title":{"rendered":"Halestorm : en concert \u00e0 l&rsquo;Olympia de Paris en novembre 2025 ! &#8211; News &#8211; RockUrLife"},"content":{"rendered":"<p>La machine <strong>Halestorm<\/strong> est lanc\u00e9e. \u00c0 peine le nouveau single \u201cDarkness Always Wins\u201d d\u00e9voil\u00e9, le quatuor am\u00e9ricain hard rock confirme son grand retour sur sc\u00e8ne !<\/p>\n<p>Dans le cadre de leur prochaine tourn\u00e9e europ\u00e9enne, sobrement intitul\u00e9e <strong>the nEVEREST Tour<\/strong>, <strong>Lzzy Hale<\/strong> et sa bande feront escale \u00e0 <strong>l\u2019Olympia de Paris<\/strong> le <strong>lundi 17 novembre 2025<\/strong>. Pr\u00e8s de deux ans apr\u00e8s son dernier passage dans la capitale, le groupe promet une soir\u00e9e sous haute tension, entre classiques incisifs et nouvelles compositions issues de son tr\u00e8s attendu sixi\u00e8me album, <strong>Everest<\/strong>, attendu pour le 8 ao\u00fbt prochain chez <strong>Atlantic Records<\/strong>.<\/p>\n<p>\u00c0 propos de ce nouveau chapitre, <strong>Lzzy Hale<\/strong> confie : \u201cNotre album <strong>Everest<\/strong> est l\u2019histoire de notre voyage en tant que groupe, rempli de belles fins et de nouveaux commencements. Nous tissons une toile complexe de m\u00e9lancolie, de frustration, de col\u00e8re et du vaste purgatoire de l\u2019amour et de l\u2019amour perdu. C\u2019est des montagnes russes d\u2019impr\u00e9vus musicaux, de grandes chansons et de rebondissements compl\u00e8tement d\u00e9jant\u00e9s. <strong>Everest<\/strong> est la repr\u00e9sentation sonore des quatre piliers de <strong>Halestorm<\/strong>. Laissez-nous nous r\u00e9introduire et vous inviter dans notre monde\u2026 si vous l\u2019osez.\u201c<\/p>\n<p>D\u00e9j\u00e0 introduit par le percutant \u201c<a href=\"https:\/\/www.rockurlife.net\/news\/halestorm-nouveau-single-darkness-always-wins\/\" target=\"_blank\" rel=\"noopener\">Darkness Always Wins<\/a>\u201c, <strong><strong>Everest<\/strong><\/strong> s\u2019annonce comme l\u2019une des \u0153uvres les plus audacieuses et \u00e9motionnellement denses du groupe, fid\u00e8le \u00e0 sa capacit\u00e9 \u00e0 m\u00ealer puissance brute et sensibilit\u00e9 \u00e0 fleur de peau. Un r\u00e9pertoire qui, \u00e0 n\u2019en pas douter, prendra toute son ampleur dans l\u2019\u00e9crin mythique de <strong>l\u2019Olympia<\/strong>.<\/p>\n<p>Pour compl\u00e9ter l\u2019affiche, <strong>Halestorm<\/strong> a convi\u00e9 <strong>Bloodywood<\/strong> pour assurer la premi\u00e8re partie : un cocktail explosif en perspective.<\/p>\n<p>Ouverture de la billetterie ce vendredi 2 mai \u00e0 10h, <a href=\"https:\/\/www.distortionconcerts.com\/concerts-parisiens.html\" target=\"_blank\" rel=\"noopener\">ici<\/a>.<\/p>\n<p><img loading=\"lazy\" decoding=\"async\" width=\"819\" height=\"1024\" src=\"https:\/\/www.europesays.com\/fr\/wp-content\/uploads\/2025\/04\/Halestorm_2025_B_VERT-v1.jpg-1-819x1024.jpeg\" alt=\"\" class=\"wp-image-221957\"\/><\/p>\n<p>Artwork et tracklisting de <strong>EVEREST<\/strong><\/p>\n<ol>\n<li>Fallen Star<\/li>\n<li>Everest<\/li>\n<li>Shiver<\/li>\n<li>Like A Woman Can<\/li>\n<li>Rain Your Blood On Me<\/li>\n<li>Darkness Always Wins<\/li>\n<li>Gather The Lambs<\/li>\n<li>WATCH OUT!<\/li>\n<li>Broken Doll<\/li>\n<li>K-I-L-L-I-N-G<\/li>\n<li>I Gave You Everything<\/li>\n<li>How Will You Remember Me?<\/li>\n<\/ol>\n<p><img loading=\"lazy\" decoding=\"async\" width=\"1024\" height=\"1024\" src=\"https:\/\/www.europesays.com\/fr\/wp-content\/uploads\/2025\/04\/HALESTORM-EVEREST-ARTWORK-1024x1024.jpg\" alt=\"\" class=\"wp-image-221958\"\/><\/p>\n","protected":false},"excerpt":{"rendered":"La machine Halestorm est lanc\u00e9e. \u00c0 peine le nouveau single \u201cDarkness Always Wins\u201d d\u00e9voil\u00e9, le quatuor am\u00e9ricain hard&hellip;\n","protected":false},"author":2,"featured_media":61913,"comment_status":"","ping_status":"","sticky":false,"template":"","format":"standard","meta":{"footnotes":""},"categories":[1888],"tags":[1111,1928,11,1927,1777,674,15953,1011,27,15954,12,1926,15955,626,1925,25,15956],"class_list":{"0":"post-61912","1":"post","2":"type-post","3":"status-publish","4":"format-standard","5":"has-post-thumbnail","7":"category-paris","8":"tag-actu","9":"tag-actu-paris","10":"tag-actualites","11":"tag-actualites-paris","12":"tag-eu","13":"tag-europe","14":"tag-everest","15":"tag-fr","16":"tag-france","17":"tag-halestorm","18":"tag-news","19":"tag-news-paris","20":"tag-olympia","21":"tag-paris","22":"tag-paris-news","23":"tag-republique-francaise","24":"tag-the-neverest-tour"},"share_on_mastodon":{"url":"https:\/\/pubeurope.com\/@fr\/114421542652907020","error":""},"_links":{"self":[{"href":"https:\/\/www.europesays.com\/fr\/wp-json\/wp\/v2\/posts\/61912","targetHints":{"allow":["GET"]}}],"collection":[{"href":"https:\/\/www.europesays.com\/fr\/wp-json\/wp\/v2\/posts"}],"about":[{"href":"https:\/\/www.europesays.com\/fr\/wp-json\/wp\/v2\/types\/post"}],"author":[{"embeddable":true,"href":"https:\/\/www.europesays.com\/fr\/wp-json\/wp\/v2\/users\/2"}],"replies":[{"embeddable":true,"href":"https:\/\/www.europesays.com\/fr\/wp-json\/wp\/v2\/comments?post=61912"}],"version-history":[{"count":0,"href":"https:\/\/www.europesays.com\/fr\/wp-json\/wp\/v2\/posts\/61912\/revisions"}],"wp:featuredmedia":[{"embeddable":true,"href":"https:\/\/www.europesays.com\/fr\/wp-json\/wp\/v2\/media\/61913"}],"wp:attachment":[{"href":"https:\/\/www.europesays.com\/fr\/wp-json\/wp\/v2\/media?parent=61912"}],"wp:term":[{"taxonomy":"category","embeddable":true,"href":"https:\/\/www.europesays.com\/fr\/wp-json\/wp\/v2\/categories?post=61912"},{"taxonomy":"post_tag","embeddable":true,"href":"https:\/\/www.europesays.com\/fr\/wp-json\/wp\/v2\/tags?post=61912"}],"curies":[{"name":"wp","href":"https:\/\/api.w.org\/{rel}","templated":true}]}}