{"id":619120,"date":"2025-12-24T02:51:34","date_gmt":"2025-12-24T02:51:34","guid":{"rendered":"https:\/\/www.europesays.com\/fr\/619120\/"},"modified":"2025-12-24T02:51:34","modified_gmt":"2025-12-24T02:51:34","slug":"prison-de-rennes-vezin-fouille-xxl-encore-du-bruit-pour-rien","status":"publish","type":"post","link":"https:\/\/www.europesays.com\/fr\/619120\/","title":{"rendered":"Prison de Rennes-Vezin : Fouille XXL ! Encore du bruit&#8230; Pour rien !"},"content":{"rendered":"<p class=\"p1\"><strong>Apr\u00e8s l\u2019annonce de notre ministre concernant le lancement de l\u2019op\u00e9ration Fouille XXL<\/strong> dans l\u2019ensemble des prisons de France, et la d\u00e9couverte largement m\u00e9diatis\u00e9e de plusieurs centaines de smartphones ainsi que de grosses quantit\u00e9s de produits stup\u00e9fiants, ENFIN, notre tour est arriv\u00e9.<\/p>\n<p class=\"p1\"><strong>Le lundi 22 d\u00e9cembre <\/strong>\u00e0 19h30 d\u00e9butait donc la fouille XXL au CP Rennes-Vezin, dans un<strong> secteur r\u00e9put\u00e9 \u00e0 haut risque\u2026 le QCP ! (<\/strong>Quartier Courte Peine). Le suspense \u00e9tait \u00e0 son comble.<\/p>\n<p class=\"p2\" style=\"text-align: center;\"><strong>R\u00e9sultat :<\/strong><\/p>\n<p class=\"p3\" style=\"text-align: center;\"><strong>\u2022 5 grammes de stup\u00e9fiants<\/strong><\/p>\n<p class=\"p3\" style=\"text-align: center;\"><strong>\u2022 1 bang<\/strong><\/p>\n<p class=\"p4\" style=\"text-align: center;\">RIDICULE !<\/p>\n<p class=\"p1\" style=\"text-align: center;\"><strong>Le bureau local FO applaudit bien fort notre direction pour son manque de courage et de s\u00e9rieux.<\/strong><\/p>\n<p class=\"p1\">\u00c0 travers cette <strong>op\u00e9ration path\u00e9tique<\/strong>, c\u2019est surtout le ridicule qui est jet\u00e9 sur l\u2019ensemble de notre \u00e9tablissement.<\/p>\n<p class=\"p1\">Sans parler de l\u2019investissement des agents mobilis\u00e9s pour cette fouille, certains venant du CPF, sans oublier les ma\u00eetres- chiens. <strong>Nous osons \u00e0 peine imaginer leur frustration d\u2019avoir particip\u00e9 \u00e0 une telle mascarade.<\/strong><\/p>\n<p class=\"p1\">Les agents cumulant d\u00e9j\u00e0 une quantit\u00e9 astronomique d\u2019heures suppl\u00e9mentaires se voient rappel\u00e9s pour participer \u00e0 <strong>une op\u00e9ration XXL\u2026 qui n\u2019avait manifestement de XXL que le nom.<\/strong><\/p>\n<p class=\"p1\"><strong>La direction, elle, est satisfaite<\/strong> : cela prouverait que les d\u00e9tenus du QCP sont \u00ab bien s\u00e9lectionn\u00e9s \u00bb. Une preuve suppl\u00e9mentaire que nos responsables sont totalement <strong>d\u00e9connect\u00e9s du terrain<\/strong> et qu\u2019ils sont pass\u00e9s, une fois de plus, \u00e0 c\u00f4t\u00e9 du message pourtant limpide de cette op\u00e9ration nationale.<\/p>\n<p class=\"p1\" style=\"text-align: center;\"><strong>Car nous doutons fortement que M. Darmanin ait lanc\u00e9 cette op\u00e9ration dans le but de \u00ab tester \u00bb des d\u00e9tenus sur un secteur dit \u00ab de confiance \u00bb.<\/strong><\/p>\n<p class=\"p1\"><strong>Pendant ce temps<\/strong> \u2014 et ce n\u2019est absolument pas une l\u00e9gende \u2014 <strong>les produits et objets illicites d\u00e9bordent en Maison d\u2019Arr\u00eat,<\/strong> o\u00f9 les d\u00e9tenus \u00e9taient en liesse en apprenant que le QCP \u00e9tait la cible de la fameuse fouille XXL.<\/p>\n<p class=\"p1\">Mais bien s\u00fbr, il ne faudrait surtout pas perturber nos petits pensionnaires pendant les f\u00eates.<\/p>\n<p class=\"p1\">D\u2019autant plus que <strong>certains agents<\/strong> se font aujourd\u2019hui <strong>r\u00e9primander au lieu d\u2019\u00eatre f\u00e9licit\u00e9s lorsqu\u2019ils effectuent des fouilles inopin\u00e9es suite \u00e0 une suspicion, avec pourtant d\u00e9couverte de smartphones dans une cellule d\u2019un DPS.<\/strong><\/p>\n<p class=\"p1\">Avec l\u2019action de cette nuit, <strong>le bureau local FO<\/strong> s\u2019inqui\u00e8te fortement de la politique actuelle de l\u2019\u00e9tablissement et doute s\u00e9rieusement que notre direction se rende compte que ce que souhaitent les agents, c\u2019est <strong>r\u00e9tablir l\u2019ordre, et non baisser le pantalon pour une pseudo-paix sociale.<\/strong><\/p>\n<p class=\"p3\" style=\"text-align: center;\"><strong>A BON ENTENDEUR<\/strong><\/p>\n<p><a href=\"https:\/\/fojustice.fr\/web\/wp-content\/uploads\/2025\/12\/Fouille-XXL.pdf\" target=\"_blank\" rel=\"noopener\">Lire le communiqu\u00e9<\/a><\/p>\n","protected":false},"excerpt":{"rendered":"Apr\u00e8s l\u2019annonce de notre ministre concernant le lancement de l\u2019op\u00e9ration Fouille XXL dans l\u2019ensemble des prisons de France,&hellip;\n","protected":false},"author":2,"featured_media":619121,"comment_status":"","ping_status":"","sticky":false,"template":"","format":"standard","meta":{"footnotes":""},"categories":[2821],"tags":[1111,11,829,1777,674,1011,27,12,584,25],"class_list":{"0":"post-619120","1":"post","2":"type-post","3":"status-publish","4":"format-standard","5":"has-post-thumbnail","7":"category-rennes","8":"tag-actu","9":"tag-actualites","10":"tag-bretagne","11":"tag-eu","12":"tag-europe","13":"tag-fr","14":"tag-france","15":"tag-news","16":"tag-rennes","17":"tag-republique-francaise"},"share_on_mastodon":{"url":"https:\/\/pubeurope.com\/@fr\/115772278919436951","error":""},"_links":{"self":[{"href":"https:\/\/www.europesays.com\/fr\/wp-json\/wp\/v2\/posts\/619120","targetHints":{"allow":["GET"]}}],"collection":[{"href":"https:\/\/www.europesays.com\/fr\/wp-json\/wp\/v2\/posts"}],"about":[{"href":"https:\/\/www.europesays.com\/fr\/wp-json\/wp\/v2\/types\/post"}],"author":[{"embeddable":true,"href":"https:\/\/www.europesays.com\/fr\/wp-json\/wp\/v2\/users\/2"}],"replies":[{"embeddable":true,"href":"https:\/\/www.europesays.com\/fr\/wp-json\/wp\/v2\/comments?post=619120"}],"version-history":[{"count":0,"href":"https:\/\/www.europesays.com\/fr\/wp-json\/wp\/v2\/posts\/619120\/revisions"}],"wp:featuredmedia":[{"embeddable":true,"href":"https:\/\/www.europesays.com\/fr\/wp-json\/wp\/v2\/media\/619121"}],"wp:attachment":[{"href":"https:\/\/www.europesays.com\/fr\/wp-json\/wp\/v2\/media?parent=619120"}],"wp:term":[{"taxonomy":"category","embeddable":true,"href":"https:\/\/www.europesays.com\/fr\/wp-json\/wp\/v2\/categories?post=619120"},{"taxonomy":"post_tag","embeddable":true,"href":"https:\/\/www.europesays.com\/fr\/wp-json\/wp\/v2\/tags?post=619120"}],"curies":[{"name":"wp","href":"https:\/\/api.w.org\/{rel}","templated":true}]}}