{"id":619122,"date":"2025-12-24T02:52:51","date_gmt":"2025-12-24T02:52:51","guid":{"rendered":"https:\/\/www.europesays.com\/fr\/619122\/"},"modified":"2025-12-24T02:52:51","modified_gmt":"2025-12-24T02:52:51","slug":"un-immeuble-achete-au-prix-fort-une-motion-rejetee","status":"publish","type":"post","link":"https:\/\/www.europesays.com\/fr\/619122\/","title":{"rendered":"un immeuble achet\u00e9 au prix fort, une motion rejet\u00e9e"},"content":{"rendered":"<p>Lors de la s\u00e9ance du jeudi 11\u00a0d\u00e9cembre, les \u00e9lus bischheimois se sont pench\u00e9s sur l\u2019acquisition, par la ville de Bischheim, d\u2019un immeuble situ\u00e9 au n\u00b0\u00a04 de la rue Leclerc.<\/p>\n<p>Il comprend un local commercial, une \u00e9picerie et un appartement sur deux \u00e9tages, soit 143\u00a0m\u00b2 avec le grenier. Son prix a \u00e9t\u00e9 estim\u00e9 par la Direction r\u00e9gionale des finances publiques \u00e0 \u00ab\u00a0287\u00a0000\u00a0euros HT assorti d\u2019une marge de n\u00e9gociation de 10\u00a0%\u00a0\u00bb, soit au maximum \u00ab\u00a0315\u00a0700\u00a0euros HT\u00a0\u00bb. Et c\u2019est l\u00e0 que \u00e7a coince. Le propri\u00e9taire ne veut pas vendre son bien \u00e0 moins de 350\u00a0000\u00a0euros. Soit 34\u00a0300\u00a0\u20ac de plus.<\/p>\n<p>Pour acheter au-del\u00e0 du prix fix\u00e9 par les Domaines, il faut argumenter. Premier point avanc\u00e9 par le maire Jean-Louis Hoerl\u00e9 (LR)\u00a0: cette acquisition permet de poursuivre la requalification urbaine de la rue du&#8230;<\/p>\n","protected":false},"excerpt":{"rendered":"Lors de la s\u00e9ance du jeudi 11\u00a0d\u00e9cembre, les \u00e9lus bischheimois se sont pench\u00e9s sur l\u2019acquisition, par la ville&hellip;\n","protected":false},"author":2,"featured_media":619123,"comment_status":"","ping_status":"","sticky":false,"template":"","format":"standard","meta":{"footnotes":""},"categories":[2820],"tags":[1111,11,13205,1984,2880,1777,674,107,1011,27,775,1908,12,316,25,104,640,3265],"class_list":{"0":"post-619122","1":"post","2":"type-post","3":"status-publish","4":"format-standard","5":"has-post-thumbnail","7":"category-strasbourg","8":"tag-actu","9":"tag-actualites","10":"tag-bischheim","11":"tag-conseil-municipal","12":"tag-edition-strasbourg","13":"tag-eu","14":"tag-europe","15":"tag-fil-info","16":"tag-fr","17":"tag-france","18":"tag-grand-est","19":"tag-logement","20":"tag-news","21":"tag-politique","22":"tag-republique-francaise","23":"tag-societe","24":"tag-strasbourg","25":"tag-strasbourg-nord"},"share_on_mastodon":{"url":"https:\/\/pubeurope.com\/@fr\/115772286755736300","error":""},"_links":{"self":[{"href":"https:\/\/www.europesays.com\/fr\/wp-json\/wp\/v2\/posts\/619122","targetHints":{"allow":["GET"]}}],"collection":[{"href":"https:\/\/www.europesays.com\/fr\/wp-json\/wp\/v2\/posts"}],"about":[{"href":"https:\/\/www.europesays.com\/fr\/wp-json\/wp\/v2\/types\/post"}],"author":[{"embeddable":true,"href":"https:\/\/www.europesays.com\/fr\/wp-json\/wp\/v2\/users\/2"}],"replies":[{"embeddable":true,"href":"https:\/\/www.europesays.com\/fr\/wp-json\/wp\/v2\/comments?post=619122"}],"version-history":[{"count":0,"href":"https:\/\/www.europesays.com\/fr\/wp-json\/wp\/v2\/posts\/619122\/revisions"}],"wp:featuredmedia":[{"embeddable":true,"href":"https:\/\/www.europesays.com\/fr\/wp-json\/wp\/v2\/media\/619123"}],"wp:attachment":[{"href":"https:\/\/www.europesays.com\/fr\/wp-json\/wp\/v2\/media?parent=619122"}],"wp:term":[{"taxonomy":"category","embeddable":true,"href":"https:\/\/www.europesays.com\/fr\/wp-json\/wp\/v2\/categories?post=619122"},{"taxonomy":"post_tag","embeddable":true,"href":"https:\/\/www.europesays.com\/fr\/wp-json\/wp\/v2\/tags?post=619122"}],"curies":[{"name":"wp","href":"https:\/\/api.w.org\/{rel}","templated":true}]}}