{"id":619126,"date":"2025-12-24T02:57:22","date_gmt":"2025-12-24T02:57:22","guid":{"rendered":"https:\/\/www.europesays.com\/fr\/619126\/"},"modified":"2025-12-24T02:57:22","modified_gmt":"2025-12-24T02:57:22","slug":"alerte-a-la-bombe-declenchee-au-marche-de-noel-de-mandelieu-les-visiteurs-evacues","status":"publish","type":"post","link":"https:\/\/www.europesays.com\/fr\/619126\/","title":{"rendered":"Alerte \u00e0 la bombe d\u00e9clench\u00e9e au march\u00e9 de No\u00ebl de Mandelieu\u00a0: les visiteurs \u00e9vacu\u00e9s"},"content":{"rendered":"<p class=\"fs-5 \">Aux alentours de<strong> 11\u2005heures, ce mardi matin, le march\u00e9 de No\u00ebl de Mandelieu-la-Napoule<\/strong> a \u00e9t\u00e9 le th\u00e9\u00e2tre d\u2019une alerte \u00e0 la bombe.<\/p>\n<p class=\"fs-5 \">Celle-ci aurait \u00e9t\u00e9 <strong>d\u00e9clench\u00e9e par un homme de 75 ans, <\/strong>qui, lors d\u2019un contr\u00f4le par un agent de s\u00e9curit\u00e9, aurait, visiblement \u00e9nerv\u00e9 par la situation, r\u00e9torqu\u00e9 (ironiquementt\u00a0?) avoir pos\u00e9 un engin explosif, sans toutefois en pr\u00e9ciser l\u2019emplacement. L\u2019individu aurait ensuite quitt\u00e9 les lieux, avant d\u2019\u00eatre identifi\u00e9 gr\u00e2ce aux cam\u00e9ras de vid\u00e9osurveillance de la Ville. Il a rapidement \u00e9t\u00e9 interpell\u00e9 et plac\u00e9 en garde \u00e0 vue.<\/p>\n<p>                                                                                \u00c9vacuation de tous les visiteurs<\/p>\n<p class=\"fs-5 \">Arriv\u00e9e rapidement sur les lieux, la police municipale a proc\u00e9d\u00e9 \u00e0<strong> l\u2019\u00e9vacuation d\u2019environ 300 personnes au total<\/strong> &#8211; dans le march\u00e9 et aux alentours -, dont des exposants et des commerces situ\u00e9s \u00e0 proximit\u00e9.<\/p>\n<p class=\"fs-5 \">L\u2019intervention a mobilis\u00e9 un important dispositif de s\u00e9curit\u00e9, avec la pr\u00e9sence de dix agents de la police municipale et d\u2019environ 35 gendarmes de la compagnie de gendarmerie de Cannes.<\/p>\n<p class=\"fs-5 \">Les <strong>d\u00e9mineurs<\/strong> doivent intervenir dans les minutes qui suivent afin de proc\u00e9der \u00e0 une inspection compl\u00e8te du march\u00e9 et s\u2019assurer qu\u2019aucun engin explosif ne s\u2019y trouve.<\/p>\n","protected":false},"excerpt":{"rendered":"Aux alentours de 11\u2005heures, ce mardi matin, le march\u00e9 de No\u00ebl de Mandelieu-la-Napoule a \u00e9t\u00e9 le th\u00e9\u00e2tre d\u2019une&hellip;\n","protected":false},"author":2,"featured_media":619127,"comment_status":"","ping_status":"","sticky":false,"template":"","format":"standard","meta":{"footnotes":""},"categories":[2819],"tags":[1111,11,1777,674,1011,27,12,2401,882,25],"class_list":{"0":"post-619126","1":"post","2":"type-post","3":"status-publish","4":"format-standard","5":"has-post-thumbnail","7":"category-nice","8":"tag-actu","9":"tag-actualites","10":"tag-eu","11":"tag-europe","12":"tag-fr","13":"tag-france","14":"tag-news","15":"tag-nice","16":"tag-provence-alpes-cote-dazur","17":"tag-republique-francaise"},"share_on_mastodon":{"url":"https:\/\/pubeurope.com\/@fr\/115772302464385039","error":""},"_links":{"self":[{"href":"https:\/\/www.europesays.com\/fr\/wp-json\/wp\/v2\/posts\/619126","targetHints":{"allow":["GET"]}}],"collection":[{"href":"https:\/\/www.europesays.com\/fr\/wp-json\/wp\/v2\/posts"}],"about":[{"href":"https:\/\/www.europesays.com\/fr\/wp-json\/wp\/v2\/types\/post"}],"author":[{"embeddable":true,"href":"https:\/\/www.europesays.com\/fr\/wp-json\/wp\/v2\/users\/2"}],"replies":[{"embeddable":true,"href":"https:\/\/www.europesays.com\/fr\/wp-json\/wp\/v2\/comments?post=619126"}],"version-history":[{"count":0,"href":"https:\/\/www.europesays.com\/fr\/wp-json\/wp\/v2\/posts\/619126\/revisions"}],"wp:featuredmedia":[{"embeddable":true,"href":"https:\/\/www.europesays.com\/fr\/wp-json\/wp\/v2\/media\/619127"}],"wp:attachment":[{"href":"https:\/\/www.europesays.com\/fr\/wp-json\/wp\/v2\/media?parent=619126"}],"wp:term":[{"taxonomy":"category","embeddable":true,"href":"https:\/\/www.europesays.com\/fr\/wp-json\/wp\/v2\/categories?post=619126"},{"taxonomy":"post_tag","embeddable":true,"href":"https:\/\/www.europesays.com\/fr\/wp-json\/wp\/v2\/tags?post=619126"}],"curies":[{"name":"wp","href":"https:\/\/api.w.org\/{rel}","templated":true}]}}