{"id":619130,"date":"2025-12-24T03:00:42","date_gmt":"2025-12-24T03:00:42","guid":{"rendered":"https:\/\/www.europesays.com\/fr\/619130\/"},"modified":"2025-12-24T03:00:42","modified_gmt":"2025-12-24T03:00:42","slug":"cinquieme-candidature-revolutionnaire-pour-christine-heraud","status":"publish","type":"post","link":"https:\/\/www.europesays.com\/fr\/619130\/","title":{"rendered":"cinqui\u00e8me candidature r\u00e9volutionnaire pour Christine H\u00e9raud"},"content":{"rendered":"<p>On la croise ce mercredi 17\u00a0d\u00e9cembre sur le march\u00e9 de Cenon, \u00e0 distribuer un tract \u00e0 l\u2019en-t\u00eate du Nouveau parti anticapitaliste (NPA)-R\u00e9volutionnaires. Ce dernier d\u00e9nonce budget d\u2019aust\u00e9rit\u00e9 pour la population, cons\u00e9quence d\u2019une dette creus\u00e9e par les cadeaux fiscaux et subventions octroy\u00e9s aux grands patrons dont les dividendes explosent. Depuis 2001 et son premier mandat d\u2019\u00e9lue cenonnaise, sous \u00e9tiquette LCR \u00e0 l\u2019\u00e9poque, Christine H\u00e9raud s\u2019en prend au capitalisme mondial \u00ab\u00a0dont le pourrissement s\u2019acc\u00e9l\u00e8re avec le r\u00e9armement et la logique guerri\u00e8re\u00a0\u00bb.<\/p>\n","protected":false},"excerpt":{"rendered":"On la croise ce mercredi 17\u00a0d\u00e9cembre sur le march\u00e9 de Cenon, \u00e0 distribuer un tract \u00e0 l\u2019en-t\u00eate du&hellip;\n","protected":false},"author":2,"featured_media":619131,"comment_status":"","ping_status":"","sticky":false,"template":"","format":"standard","meta":{"footnotes":""},"categories":[2817],"tags":[1111,11,1997,1777,674,1011,27,12,2219,25],"class_list":{"0":"post-619130","1":"post","2":"type-post","3":"status-publish","4":"format-standard","5":"has-post-thumbnail","7":"category-bordeaux","8":"tag-actu","9":"tag-actualites","10":"tag-bordeaux","11":"tag-eu","12":"tag-europe","13":"tag-fr","14":"tag-france","15":"tag-news","16":"tag-nouvelle-aquitaine","17":"tag-republique-francaise"},"share_on_mastodon":{"url":"https:\/\/pubeurope.com\/@fr\/115772314325736441","error":""},"_links":{"self":[{"href":"https:\/\/www.europesays.com\/fr\/wp-json\/wp\/v2\/posts\/619130","targetHints":{"allow":["GET"]}}],"collection":[{"href":"https:\/\/www.europesays.com\/fr\/wp-json\/wp\/v2\/posts"}],"about":[{"href":"https:\/\/www.europesays.com\/fr\/wp-json\/wp\/v2\/types\/post"}],"author":[{"embeddable":true,"href":"https:\/\/www.europesays.com\/fr\/wp-json\/wp\/v2\/users\/2"}],"replies":[{"embeddable":true,"href":"https:\/\/www.europesays.com\/fr\/wp-json\/wp\/v2\/comments?post=619130"}],"version-history":[{"count":0,"href":"https:\/\/www.europesays.com\/fr\/wp-json\/wp\/v2\/posts\/619130\/revisions"}],"wp:featuredmedia":[{"embeddable":true,"href":"https:\/\/www.europesays.com\/fr\/wp-json\/wp\/v2\/media\/619131"}],"wp:attachment":[{"href":"https:\/\/www.europesays.com\/fr\/wp-json\/wp\/v2\/media?parent=619130"}],"wp:term":[{"taxonomy":"category","embeddable":true,"href":"https:\/\/www.europesays.com\/fr\/wp-json\/wp\/v2\/categories?post=619130"},{"taxonomy":"post_tag","embeddable":true,"href":"https:\/\/www.europesays.com\/fr\/wp-json\/wp\/v2\/tags?post=619130"}],"curies":[{"name":"wp","href":"https:\/\/api.w.org\/{rel}","templated":true}]}}