{"id":619138,"date":"2025-12-24T03:05:49","date_gmt":"2025-12-24T03:05:49","guid":{"rendered":"https:\/\/www.europesays.com\/fr\/619138\/"},"modified":"2025-12-24T03:05:49","modified_gmt":"2025-12-24T03:05:49","slug":"vers-le-plus-froid-jour-de-noel-depuis-15-ans","status":"publish","type":"post","link":"https:\/\/www.europesays.com\/fr\/619138\/","title":{"rendered":"vers le plus froid jour de No\u00ebl depuis 15 ans\u00a0?"},"content":{"rendered":"<p>                    Par<br \/>\n        <strong><br \/>\n            <a href=\"https:\/\/actu.fr\/auteur\/redaction-lille\" title=\"Consulter tous les articles de R\u00e9daction Lille\" target=\"_blank\" rel=\"noopener\">R\u00e9daction Lille<\/a><br \/>\n                    <\/strong><\/p>\n<p>        Publi\u00e9 le<\/p>\n<p>            22 d\u00e9c. 2025 \u00e0 6h06        <\/p>\n<p>\u00c7a y est, on peut ressortir les bonnets et gants cette semaine, car les <b>temp\u00e9ratures vont baisser<\/b> \u00e0 <a href=\"https:\/\/actu.fr\/hauts-de-france\/lille_59350\" target=\"_blank\" rel=\"noopener\">Lille<\/a> et plus largement dans le <a href=\"https:\/\/actu.fr\/hauts-de-france\/nord_59\" target=\"_blank\" rel=\"noopener\">Nord<\/a> et le <a href=\"https:\/\/actu.fr\/hauts-de-france\/pas-de-calais_62\" target=\"_blank\" rel=\"noopener\">Pas-de-Calais<\/a>. Alors que la semaine derni\u00e8re, on avait eu aux alentours de 10 degr\u00e9s, c\u2019est le <b>retour du 0, voire moins<\/b>\u2009pour cette semaine de <a href=\"https:\/\/actu.fr\/tag\/noel\" target=\"_blank\" rel=\"noopener\">No\u00ebl<\/a> ! Pas de <a href=\"https:\/\/actu.fr\/tag\/neige\" target=\"_blank\" rel=\"noopener\">neige<\/a> toutefois \u00e0 l\u2019horizon.<\/p>\n<p>Semaine de froid pour No\u00ebl dans le Nord et le Pas-de-Calais<\/p>\n<p class=\" wall-content\">En ce lundi 22 d\u00e9cembre 2025, les temp\u00e9ratures seront encore cl\u00e9mentes, entre 6 et 9 degr\u00e9s. Mais elles baisseront d\u00e8s mardi 23\u2009!<\/p>\n<p class=\" wall-content\">Mardi\u00a023, mercredi\u00a024 et jeudi 25\u00a0d\u00e9cembre, le froid sera particuli\u00e8rement piquant puisque des rafales de vent \u00e0 40\u00a0km\/h voire 50\u00a0km\/h seront pr\u00e9sents.<\/p>\n<p>    <a href=\"https:\/\/www.facebook.com\/plugins\/post.php?href=https%3A%2F%2Fwww.facebook.com%2FMeteoNordPasDeCalais6259%2Fposts%2Fpfbid0tp4EjSs6rA7LARMuA2quy7iZEZqvGdTQUDZq5mo2VuugJBtw1bzfDd9gQ5CM6b6wl&amp;show_text=true&amp;width=350\" title=\"Ouvrie le lien\" target=\"_blank\" rel=\"noopener\">Cliquez ici pour visualiser le contenu<\/a><\/p>\n<p class=\" wall-content\"><a href=\"https:\/\/www.facebook.com\/MeteoNordPasDeCalais6259\" target=\"_blank\" rel=\"noopener\">La page facebook M\u00e9t\u00e9o Nord Pas de Calais<\/a> annonce m\u00eame que ce 25\u00a0d\u00e9cembre 2025 sera le plus froid depuis 15\u00a0ans\u2009!<\/p>\n<p class=\" wall-content\">Mais il ne neigera pas, c\u2019est plut\u00f4t du soleil qui est pr\u00e9vu, avec parfois quelques nuages.<\/p>\n<p><a href=\"https:\/\/meteofrance.com\/previsions-meteo-france\/lille\/59000\" target=\"_blank\" rel=\"noopener\">Voir les pr\u00e9visions M\u00e9t\u00e9o-France ici.<\/a><\/p>\n<p class=\" wall-content\">Personnalisez votre actualit\u00e9 en ajoutant vos villes et m\u00e9dias en favori avec <a href=\"https:\/\/moncompte.actu.fr\" title=\"D\u00e9couvez Mon Actu\" rel=\"nofollow noopener\" data-trk=\"{&quot;cta&quot;:{&quot;action&quot;:&quot;https:\\\/\\\/moncompte.actu.fr&quot;,&quot;category&quot;:&quot;mon compte&quot;,&quot;from&quot;:&quot;article footer&quot;,&quot;name&quot;:&quot;Mon actu&quot;,&quot;type&quot;:&quot;cta&quot;}}\" target=\"_blank\">Mon Actu<\/a>.<\/p>\n","protected":false},"excerpt":{"rendered":"Par R\u00e9daction Lille Publi\u00e9 le 22 d\u00e9c. 2025 \u00e0 6h06 \u00c7a y est, on peut ressortir les bonnets&hellip;\n","protected":false},"author":2,"featured_media":619139,"comment_status":"","ping_status":"","sticky":false,"template":"","format":"standard","meta":{"footnotes":""},"categories":[2815],"tags":[1111,11,1777,674,1011,27,811,1307,2357,12,25,104],"class_list":{"0":"post-619138","1":"post","2":"type-post","3":"status-publish","4":"format-standard","5":"has-post-thumbnail","7":"category-lille","8":"tag-actu","9":"tag-actualites","10":"tag-eu","11":"tag-europe","12":"tag-fr","13":"tag-france","14":"tag-hauts-de-france","15":"tag-lille","16":"tag-meteo-france","17":"tag-news","18":"tag-republique-francaise","19":"tag-societe"},"share_on_mastodon":{"url":"https:\/\/pubeurope.com\/@fr\/115772337930587664","error":""},"_links":{"self":[{"href":"https:\/\/www.europesays.com\/fr\/wp-json\/wp\/v2\/posts\/619138","targetHints":{"allow":["GET"]}}],"collection":[{"href":"https:\/\/www.europesays.com\/fr\/wp-json\/wp\/v2\/posts"}],"about":[{"href":"https:\/\/www.europesays.com\/fr\/wp-json\/wp\/v2\/types\/post"}],"author":[{"embeddable":true,"href":"https:\/\/www.europesays.com\/fr\/wp-json\/wp\/v2\/users\/2"}],"replies":[{"embeddable":true,"href":"https:\/\/www.europesays.com\/fr\/wp-json\/wp\/v2\/comments?post=619138"}],"version-history":[{"count":0,"href":"https:\/\/www.europesays.com\/fr\/wp-json\/wp\/v2\/posts\/619138\/revisions"}],"wp:featuredmedia":[{"embeddable":true,"href":"https:\/\/www.europesays.com\/fr\/wp-json\/wp\/v2\/media\/619139"}],"wp:attachment":[{"href":"https:\/\/www.europesays.com\/fr\/wp-json\/wp\/v2\/media?parent=619138"}],"wp:term":[{"taxonomy":"category","embeddable":true,"href":"https:\/\/www.europesays.com\/fr\/wp-json\/wp\/v2\/categories?post=619138"},{"taxonomy":"post_tag","embeddable":true,"href":"https:\/\/www.europesays.com\/fr\/wp-json\/wp\/v2\/tags?post=619138"}],"curies":[{"name":"wp","href":"https:\/\/api.w.org\/{rel}","templated":true}]}}