{"id":619144,"date":"2025-12-24T03:09:21","date_gmt":"2025-12-24T03:09:21","guid":{"rendered":"https:\/\/www.europesays.com\/fr\/619144\/"},"modified":"2025-12-24T03:09:21","modified_gmt":"2025-12-24T03:09:21","slug":"un-musicien-marseillais-reunit-dimitri-payet-olivier-marchal-et-levon-pour-chanter-petit-papa-noel-pour-la-bonne-cause","status":"publish","type":"post","link":"https:\/\/www.europesays.com\/fr\/619144\/","title":{"rendered":"Un musicien marseillais r\u00e9unit Dimitri Payet, Olivier Marchal et Levon pour chanter \u00ab\u00a0Petit Papa No\u00ebl\u00a0\u00bb pour la bonne cause"},"content":{"rendered":"<p class=\"rev-margin-0 rev-text-xs-normal\">Lo\u00efc Guer est un passionn\u00e9 de musique. Le Marseillais a r\u00e9uni Dimitri Payet, Levon Khozian et Olivier Marchal pour la bonne cause.<\/p>\n<p class=\"rev-margin-0 rev-text-xs-bold\">Fabien Boukla \/ Agence Realize<\/p>\n<p>Un alignement des plan\u00e8tes et une envie collective permettent souvent de grandes choses. Et c&rsquo;est le cas pour ce projet de calendrier de l&rsquo;Avent musical lanc\u00e9 par le Marseillais Lo\u00efc Guer. \u00ab\u00a0Sa 24e\u00a0\u00bb case d\u00e9voile ce mardi en avant-premi\u00e8re sur les r\u00e9seaux sociaux une reprise de \u00ab\u00a0<strong>Petit Papa No\u00ebl<\/strong>\u00a0\u00bb de Tino Rossi interpr\u00e9t\u00e9e par <strong>Olivier Marchal, Levon Khozian et <a href=\"https:\/\/www.laprovence.com\/article\/societe\/3030604875614514\/soyez-genereux-presse-dimitri-payet-parrain-de-la-campagne-de-collecte-de-la-banque-alimentaire-a-marseille\" target=\"_blank\" rel=\"noopener\">Dimitri Payet<\/a><\/strong>.\u00a0Le tout dans un seul but : r\u00e9colter des fonds pour <a href=\"https:\/\/www.laprovence.com\/article\/sante\/41109175712571\/dimitri-payet-un-parrain-de-luxe-pour-lassociation-plan-de-cuquoise-soleil-bleu-azur\" target=\"_blank\" rel=\"noopener\">l&rsquo;association plan-de-cuquoise <\/a><strong><a href=\"https:\/\/www.laprovence.com\/article\/sante\/41109175712571\/dimitri-payet-un-parrain-de-luxe-pour-lassociation-plan-de-cuquoise-soleil-bleu-azur\" target=\"_blank\" rel=\"noopener\">Soleil Bleu Azur<\/a> <\/strong>qui vient en aide aux enfants et adolescents malades ainsi qu&rsquo;\u00e0 leurs parents.<\/p>\n<p>Tous b\u00e9n\u00e9voles, tous engag\u00e9s<\/p>\n<p>Comment ces trois \u00ab\u00a0artistes\u00a0\u00bb dans leur domaine ont-ils \u00e9t\u00e9 r\u00e9unis ? \u00ab\u00a0J&rsquo;avais la chance d\u00e9j\u00e0 de conna\u00eetre Dimitri et je savais que c&rsquo;\u00e9tait quelqu&rsquo;un de tr\u00e8s engag\u00e9 dans les associations, rembobine Lo\u00efc Guer. Pour <a href=\"https:\/\/www.laprovence.com\/article\/culture-loisirs\/3158163341131\/olivier-marchal-realisateur-de-la-serie-pax-massilia-je-ne-veux-tourner-qu-a-marseille-j-adore\" target=\"_blank\" rel=\"noopener\">Olivier Marchal<\/a> et Levon Khozian, le Marseillais a compt\u00e9 sur un interm\u00e9diaire de taille. \u00ab\u00a0Je remercie J\u00e9r\u00f4me Isnard, pilier de ce projet, sans qui rien n&rsquo;aurait \u00e9t\u00e9 possible, poursuit Lo\u00efc. Et en fait, de fil en aiguille, le projet de chanter int\u00e9gralement de mani\u00e8re b\u00e9n\u00e9vole pour cette association est venu.\u00a0\u00bb<\/p>\n<\/p>\n<p>C&rsquo;est ce dernier finalement qui a donc permis au jeune chanteur de 22 ans de r\u00e9aliser son envie de voir Dimitri Payet chanter dans son calendrier de l&rsquo;Avent. \u00ab\u00a0C&rsquo;\u00e9tait un moment tr\u00e8s touchant. Dimitri et Olivier ont jou\u00e9 le jeu jusqu&rsquo;au bout en \u00e9tant assidu et s\u00e9rieux dans le travail\u00a0\u00bb, souligne celui qui est \u00e9galement un artiste au <a href=\"https:\/\/www.laprovence.com\/article\/culture-loisirs\/13081004886769\/marseille-pendant-les-fetes-l-etoile-bleue-fait-le-show-jusqu-au-palais-de-la-bourse\" target=\"_blank\" rel=\"noopener\">cabaret l&rsquo;\u00e9toile bleue \u00e0 Marseille<\/a>.\u00a0<\/p>\n<p>Le clip a \u00e9t\u00e9 d\u00e9voil\u00e9 sur les r\u00e9seaux sociaux ce mardi \u00e0 18h. Et le \u00ab\u00a0Petit Papa No\u00ebl\u00a0\u00bb version \u00ab\u00a0Payet-Marchal-<a href=\"https:\/\/www.laprovence.com\/article\/videos\/1601931633853515\/video-levon-talent-marseillais-de-the-voice-fier-de-montrer-sa-culture-armenienne-et-francaise\" target=\"_blank\" rel=\"noopener\">Khozian<\/a>-Guer\u00a0\u00bb sera disponible d\u00e8s minuit entre le 24 et le 25 d\u00e9cembre en <strong>t\u00e9l\u00e9chargement sur les plateformes de streaming<\/strong>. \u00ab\u00a0Tous les acteurs de ce clip, aussi bien les vid\u00e9astes, la communication (r\u00e9alis\u00e9e par Agence r\u00e9alize dont le patron est <a href=\"https:\/\/www.laprovence.com\/article\/sports\/11403750781361\/course-a-pied-la-nouvelle-vie-de-benoit-z-de-coureur-a-organisateur\" target=\"_blank\" rel=\"noopener\">l&rsquo;ancien marathonien Beno\u00eet Z<\/a> install\u00e9 depuis des ann\u00e9es \u00e0 Marseille, NDLR) mais aussi la location du studio sont des b\u00e9n\u00e9voles\u00a0\u00bb, mart\u00e8le Lo\u00efc.<\/p>\n<p>Un num\u00e9ro 10 pour les enfants malades<br \/>\n<img alt=\"Dimitri Payet, Olivier Marchal et Levon Khozian ont \u00e9t\u00e9 r\u00e9unis par Lo\u00efc Guer pour une reprise de &quot;Petit Papa No\u00ebl&quot; en faveur d'une association qui oeuvre pour les enfants touch\u00e9s par une pathologie lourde.\" loading=\"lazy\" decoding=\"async\" data-nimg=\"fill\" class=\" TwicCore_img__i9TC1 undefined  undefined\" style=\"position:absolute;height:100%;width:100%;left:0;top:0;right:0;bottom:0;color:transparent;background-size:cover;background-position:50% 50%;background-repeat:no-repeat;background-image:url(&quot;data:image\/svg+xml;charset=utf-8,%3Csvg xmlns='http:\/\/www.w3.org\/2000\/svg' %3E%3Cfilter id='b' color-interpolation-filters='sRGB'%3E%3CfeGaussianBlur stdDeviation='20'\/%3E%3CfeColorMatrix values='1 0 0 0 0 0 1 0 0 0 0 0 1 0 0 0 0 0 100 -1' result='s'\/%3E%3CfeFlood x='0' y='0' width='100%25' height='100%25'\/%3E%3CfeComposite operator='out' in='s'\/%3E%3CfeComposite in2='SourceGraphic'\/%3E%3CfeGaussianBlur stdDeviation='20'\/%3E%3C\/filter%3E%3Cimage width='100%25' height='100%25' x='0' y='0' preserveAspectRatio='none' style='filter: url(%23b);' href='https:\/\/pictures.laprovence.com\/cdn-cgi\/image\/blur=250\/media\/melody\/2025\/12\/23\/dimitri-payet-olivier-marchal-et-levon-khozian-ont-ete-reunis-par-loic-guer-pour-une-reprise-de-peti-1766509602_5a0a33cfaa4967e0a33cfaa49921a3v_.jpg'\/%3E%3C\/svg%3E&quot;)\"   src=\"https:\/\/www.europesays.com\/fr\/wp-content\/uploads\/2025\/12\/dimitri-payet-olivier-marchal-et-levon-khozian-ont-ete-reunis-par-loic-guer-pour-une-reprise-de-peti.jpeg\"\/>Dimitri Payet, Olivier Marchal et Levon Khozian ont \u00e9t\u00e9 r\u00e9unis par Lo\u00efc Guer pour une reprise de \u00ab\u00a0Petit Papa No\u00ebl\u00a0\u00bb en faveur d&rsquo;une association qui oeuvre pour les enfants touch\u00e9s par une pathologie lourde. Fabien Boukla \/ Agence Realize<\/p>\n<p>D\u00e9sormais, <strong>Dimitri Payet dispute un nouveau match<\/strong> loin du rectangle vert et des plus grands stades de football. L&rsquo;ancien num\u00e9ro 10 de l&rsquo;OM \u0153uvre sans rel\u00e2che pour de nombreuses associations, de mani\u00e8re tr\u00e8s discr\u00e8te comme c&rsquo;est le cas sur ce projet, et notamment pour soulever des fonds afin d&rsquo;\u00e9quiper les h\u00f4pitaux fran\u00e7ais d&rsquo;outillage de pointe en mati\u00e8re de radiochirurgie neurologique.<\/p>\n<p>Le R\u00e9unionnais n&rsquo;a donc pas h\u00e9sit\u00e9 une seule seconde \u00e0 donner de la voix pour apporter son aide. \u00ab\u00a0Il a \u00e9t\u00e9 pro, il a fait preuve d&rsquo;\u00e9coute et de rigueur. Avec Olivier, ils ont fait un truc formidable pour tous ces enfants, f\u00e9licite Lo\u00efc Guer. C&rsquo;est un quatuor remplit de sinc\u00e9rit\u00e9. \u00c7a donne envie de faire d&rsquo;autres projets\u00a0\u00bb.<\/p>\n<p>Une nouvelle prestation \u00e9tincelante du num\u00e9ro 10 ? \u00c0 vos oreilles et \u00e0 vos dons !<\/p>\n<p><img alt=\"\" loading=\"lazy\" width=\"18\" height=\"18\" decoding=\"async\" data-nimg=\"1\" class=\"mx-[8px]\" style=\"color:transparent\" src=\"https:\/\/www.laprovence.com\/_next\/static\/media\/comment.b95dda91.svg\"\/>D\u00e9marrez la conversation<\/p>\n<p class=\"text-[1.8rem] mt-[32px]\">Votre opinion compte pour nous. Rejoignez la communaut\u00e9 laprovence.com en r\u00e9agissant sur l&rsquo;article Un musicien marseillais r\u00e9unit Dimitri Payet, Olivier Marchal et Levon pour chanter \u00ab\u00a0Petit Papa No\u00ebl\u00a0\u00bb pour la bonne cause.<\/p>\n","protected":false},"excerpt":{"rendered":"Lo\u00efc Guer est un passionn\u00e9 de musique. Le Marseillais a r\u00e9uni Dimitri Payet, Levon Khozian et Olivier Marchal&hellip;\n","protected":false},"author":2,"featured_media":619145,"comment_status":"","ping_status":"","sticky":false,"template":"","format":"standard","meta":{"footnotes":""},"categories":[2814],"tags":[17,1111,11,50529,1777,674,1011,27,72909,761,884,14224,12,1766,7984,882,25,19934,104],"class_list":{"0":"post-619144","1":"post","2":"type-post","3":"status-publish","4":"format-standard","5":"has-post-thumbnail","7":"category-marseille","8":"tag-17","9":"tag-actu","10":"tag-actualites","11":"tag-dimitri","12":"tag-eu","13":"tag-europe","14":"tag-fr","15":"tag-france","16":"tag-marchal","17":"tag-marseillais","18":"tag-marseille","19":"tag-musicien","20":"tag-news","21":"tag-olivier","22":"tag-payet","23":"tag-provence-alpes-cote-dazur","24":"tag-republique-francaise","25":"tag-reunit","26":"tag-societe"},"share_on_mastodon":{"url":"https:\/\/pubeurope.com\/@fr\/115772350660286546","error":""},"_links":{"self":[{"href":"https:\/\/www.europesays.com\/fr\/wp-json\/wp\/v2\/posts\/619144","targetHints":{"allow":["GET"]}}],"collection":[{"href":"https:\/\/www.europesays.com\/fr\/wp-json\/wp\/v2\/posts"}],"about":[{"href":"https:\/\/www.europesays.com\/fr\/wp-json\/wp\/v2\/types\/post"}],"author":[{"embeddable":true,"href":"https:\/\/www.europesays.com\/fr\/wp-json\/wp\/v2\/users\/2"}],"replies":[{"embeddable":true,"href":"https:\/\/www.europesays.com\/fr\/wp-json\/wp\/v2\/comments?post=619144"}],"version-history":[{"count":0,"href":"https:\/\/www.europesays.com\/fr\/wp-json\/wp\/v2\/posts\/619144\/revisions"}],"wp:featuredmedia":[{"embeddable":true,"href":"https:\/\/www.europesays.com\/fr\/wp-json\/wp\/v2\/media\/619145"}],"wp:attachment":[{"href":"https:\/\/www.europesays.com\/fr\/wp-json\/wp\/v2\/media?parent=619144"}],"wp:term":[{"taxonomy":"category","embeddable":true,"href":"https:\/\/www.europesays.com\/fr\/wp-json\/wp\/v2\/categories?post=619144"},{"taxonomy":"post_tag","embeddable":true,"href":"https:\/\/www.europesays.com\/fr\/wp-json\/wp\/v2\/tags?post=619144"}],"curies":[{"name":"wp","href":"https:\/\/api.w.org\/{rel}","templated":true}]}}