{"id":619158,"date":"2025-12-24T03:17:12","date_gmt":"2025-12-24T03:17:12","guid":{"rendered":"https:\/\/www.europesays.com\/fr\/619158\/"},"modified":"2025-12-24T03:17:12","modified_gmt":"2025-12-24T03:17:12","slug":"un-a320-reliant-paris-a-ibiza-avec-164-passagers-contraint-datterrir-en-urgence","status":"publish","type":"post","link":"https:\/\/www.europesays.com\/fr\/619158\/","title":{"rendered":"Un A320 reliant Paris \u00e0 Ibiza avec 164 passagers contraint d\u2019atterrir en urgence"},"content":{"rendered":"<p>Grosse frayeur lors d\u2019un vol reliant Paris-Orly \u00e0 <a href=\"https:\/\/www.20minutes.fr\/monde\/royaume-uni\/4166082-20250731-espagne-mega-teufs-ibiza-rocks-hotel-deux-morts-questions\" target=\"_blank\" class=\"c-link c-link--is-underlined\" rel=\"noopener\">Ibiza<\/a> avec \u00e0 la clef un nouveau <a href=\"https:\/\/www.20minutes.fr\/societe\/4190796-20251210-airbus-constructeur-annonce-probleme-logiciel-cloue-sol-a320-regle\" target=\"_blank\" class=\"c-link c-link--is-underlined\" rel=\"noopener\">coup dur pour Airbus<\/a>. Un A320 de la compagnie espagnole Vueling, avec 164 passagers \u00e0 son bord, a d\u00fb atterrir en urgence mardi \u00e0 l\u2019a\u00e9roport de Clermont-Ferrand \u00e0 la suite \u00ab\u00a0d\u2019un probl\u00e8me technique\u00a0\u00bb.<\/p>\n<p>Cet incident survient trois jours apr\u00e8s qu\u2019un A320 d\u2019Air France allant de Paris \u00e0 Ajaccio a d\u00fb aussi <a href=\"https:\/\/www.20minutes.fr\/faits_divers\/4192612-20251221-grosse-frayeur-passagers-vol-air-france-paris-ajaccio-deroute-urgence\" target=\"_blank\" class=\"c-link c-link--is-underlined\" rel=\"noopener\">\u00eatre d\u00e9rout\u00e9 d\u2019urgence \u00e0 Lyon<\/a> \u00e0 la suite d\u2019un probl\u00e8me moteur.<\/p>\n<\/p>\n<p>Mardi, l\u2019avion A320 de Vueling \u2013 une compagnie low-cost d\u2019International Airlines Group (IAG), comme British Airways et Iberia \u2013, a d\u00fb se d\u00e9router \u00e0 la suite d\u2019un \u00ab\u00a0probl\u00e8me technique mineur\u00a0\u00bb, a indiqu\u00e9 le service de communication de l\u2019a\u00e9roport de Clermont-Ferrand, sans pr\u00e9ciser s\u2019il s\u2019agissait d\u2019un probl\u00e8me sur un moteur. L\u2019avion \u00ab\u00a0a atterri vers 18 heures et s\u2019est parqu\u00e9 sans aucune assistance\u00a0\u00bb. Les 164 passagers devaient red\u00e9coller peu avant 21 heures dans un autre A320 de Vueling \u00ab\u00a0venu de Barcelone\u00a0\u00bb, selon la m\u00eame source.<\/p>\n<p><a href=\"https:\/\/www.20minutes.fr\/dossier\/airbus\" target=\"_blank\" class=\"c-link c-btn c-btn--primary\" rel=\"noopener\">Nos articles sur Airbus<\/a><\/p>\n<p>La compagnie espagnole a elle aussi confirm\u00e9 que le vol VY6936 a \u00e9t\u00e9 d\u00e9tourn\u00e9 vers Clermont-Ferrand \u00ab\u00a0en raison d\u2019un probl\u00e8me technique\u00a0\u00bb, et qu\u2019un \u00ab\u00a0avion de remplacement\u00a0\u00bb devait leur permettre de rejoindre \u00ab\u00a0leur destination finale\u00a0\u00bb.<\/p>\n","protected":false},"excerpt":{"rendered":"Grosse frayeur lors d\u2019un vol reliant Paris-Orly \u00e0 Ibiza avec \u00e0 la clef un nouveau coup dur pour&hellip;\n","protected":false},"author":2,"featured_media":619159,"comment_status":"","ping_status":"","sticky":false,"template":"","format":"standard","meta":{"footnotes":""},"categories":[1888],"tags":[47,11,36,6733,2430,9050,8763,123,1777,674,118,1011,27,662,23941,12,626,38353,25,133],"class_list":{"0":"post-619158","1":"post","2":"type-post","3":"status-publish","4":"format-standard","5":"has-post-thumbnail","7":"category-paris","8":"tag-actualite","9":"tag-actualites","10":"tag-airbus","11":"tag-auvergne","12":"tag-auvergne-rhone-alpes","13":"tag-clermont-ferrand","14":"tag-compagnie-aerienne","15":"tag-espagne","16":"tag-eu","17":"tag-europe","18":"tag-faits-divers","19":"tag-fr","20":"tag-france","21":"tag-ile-de-france","22":"tag-low-cost","23":"tag-news","24":"tag-paris","25":"tag-puy-de-dome","26":"tag-republique-francaise","27":"tag-video"},"share_on_mastodon":{"url":"https:\/\/pubeurope.com\/@fr\/115772381177144751","error":""},"_links":{"self":[{"href":"https:\/\/www.europesays.com\/fr\/wp-json\/wp\/v2\/posts\/619158","targetHints":{"allow":["GET"]}}],"collection":[{"href":"https:\/\/www.europesays.com\/fr\/wp-json\/wp\/v2\/posts"}],"about":[{"href":"https:\/\/www.europesays.com\/fr\/wp-json\/wp\/v2\/types\/post"}],"author":[{"embeddable":true,"href":"https:\/\/www.europesays.com\/fr\/wp-json\/wp\/v2\/users\/2"}],"replies":[{"embeddable":true,"href":"https:\/\/www.europesays.com\/fr\/wp-json\/wp\/v2\/comments?post=619158"}],"version-history":[{"count":0,"href":"https:\/\/www.europesays.com\/fr\/wp-json\/wp\/v2\/posts\/619158\/revisions"}],"wp:featuredmedia":[{"embeddable":true,"href":"https:\/\/www.europesays.com\/fr\/wp-json\/wp\/v2\/media\/619159"}],"wp:attachment":[{"href":"https:\/\/www.europesays.com\/fr\/wp-json\/wp\/v2\/media?parent=619158"}],"wp:term":[{"taxonomy":"category","embeddable":true,"href":"https:\/\/www.europesays.com\/fr\/wp-json\/wp\/v2\/categories?post=619158"},{"taxonomy":"post_tag","embeddable":true,"href":"https:\/\/www.europesays.com\/fr\/wp-json\/wp\/v2\/tags?post=619158"}],"curies":[{"name":"wp","href":"https:\/\/api.w.org\/{rel}","templated":true}]}}