{"id":61916,"date":"2025-04-29T13:43:11","date_gmt":"2025-04-29T13:43:11","guid":{"rendered":"https:\/\/www.europesays.com\/fr\/61916\/"},"modified":"2025-04-29T13:43:11","modified_gmt":"2025-04-29T13:43:11","slug":"4-expositions-a-voir-absolument-en-mai-a-paris","status":"publish","type":"post","link":"https:\/\/www.europesays.com\/fr\/61916\/","title":{"rendered":"4 expositions \u00e0 voir absolument en mai \u00e0 Paris"},"content":{"rendered":"<p>D\u00e9c\u00e9d\u00e9 en 2019, <strong>John Giorno<\/strong> aura surv\u00e9cu au chaos du New-York des ann\u00e9es 80, dont il \u00e9tait l&rsquo;une des figures ch\u00e9ries de l&rsquo;underground, amant et muse d&rsquo;<a href=\"https:\/\/www.vogue.fr\/dossier\/andy-warhol\" isautogenerated=\"true\" target=\"_blank\" rel=\"noopener\"><strong>Andy Warhol<\/strong><\/a> \u2013 entre autres\u2026 \u201cJe pratique la m\u00e9ditation depuis mon adolescence et cela \u00e9limine les obstacles de l\u2019esprit, toutes ces choses n\u00e9gatives qui vous tuent \u00e0 petit feu, d\u00e9clarait-il au magazine Beaux Arts \u00e0 l&rsquo;occasion d&rsquo;un entretien r\u00e9alis\u00e9 en 2015. Je pense que le bouddhisme, la bienveillance de mes ma\u00eetres et mes retraites spirituelles, parfois tr\u00e8s dures, ont prot\u00e9g\u00e9 mon corps et mon esprit. Et puis la po\u00e9sie\u2026 cela cr\u00e9e de la sagesse et de l\u2019\u00e9nergie, je vous assure. Essayez.\u201d<\/p>\n<p>John Giorno, CHACUN EST UNE DE\u0301CEPTION TOTALE, 2015, Enamel on linen, 101,6 x 101,6 cm, 40 x 40 in\u00a9 Giorno Poetry Systems \/ Courtesy of GPS and Almine Rech<\/p>\n<p>Merci! John Giorno \u00e0 la galerie Almine Rech Matignon (18 Av. Matignon, 75008 Paris), jusqu&rsquo;au 7 juin 2025.<\/p>\n<p>La Maison Worth : Inventer la haute couture au Petit Palais (Paris)<\/p>\n<p>Qui \u00e9tait <strong>Charles Frederick Worth<\/strong> ? Un pionnier de la <a href=\"https:\/\/www.vogue.fr\/dossier\/mode\" isautogenerated=\"true\" target=\"_blank\" rel=\"noopener\">mode<\/a> moderne, oui. Un <a href=\"https:\/\/www.vogue.fr\/dossier\/christian-dior\" isautogenerated=\"true\" target=\"_blank\" rel=\"noopener\"><strong>Christian Dior<\/strong><\/a> avant l&rsquo;heure, comme le glisserait, malin, <a href=\"https:\/\/www.vogue.fr\/article\/loic-prigent-la-vraie-histoire-de-la-mode-livre-interview\" target=\"_blank\" rel=\"noopener\"><strong>Lo\u00efc Prigent<\/strong><\/a>. Le cr\u00e9ateur de la maison <strong>Worth<\/strong>, n\u00e9 en 1825 \u00e0 Bourne, dans le Lincolnshire, en Angleterre, \u00e9tait avant tout le p\u00e8re de la haute couture. Arriv\u00e9 \u00e0 Paris en 1845 d\u00e9sargent\u00e9 et sans savoir parler fran\u00e7ais, il trouve un travail chez <strong>Gagelin<\/strong>, une importante entreprise qui vend des articles textiles, des ch\u00e2les et quelques v\u00eatements pr\u00eats \u00e0 l&#8217;emploi. Rapidement, <strong>Worth<\/strong> devient le premier vendeur de <strong>Gagelin<\/strong> et finit par ouvrir un petit d\u00e9partement de couture pour la soci\u00e9t\u00e9, son premier poste en tant que couturier professionnel. Il contribue \u00e0 la r\u00e9putation de l&rsquo;entreprise en pr\u00e9sentant des mod\u00e8les prim\u00e9s \u00e0 la Grande Exposition de <a href=\"https:\/\/www.vogue.fr\/dossier\/londres\" target=\"_blank\" rel=\"noopener\">Londres<\/a> (1851) et \u00e0 l&rsquo;Exposition universelle de Paris (1855). En 1858, le couturier ouvre sa propre entreprise avec un associ\u00e9.<\/p>\n","protected":false},"excerpt":{"rendered":"D\u00e9c\u00e9d\u00e9 en 2019, John Giorno aura surv\u00e9cu au chaos du New-York des ann\u00e9es 80, dont il \u00e9tait l&rsquo;une&hellip;\n","protected":false},"author":2,"featured_media":61917,"comment_status":"","ping_status":"","sticky":false,"template":"","format":"standard","meta":{"footnotes":""},"categories":[1888],"tags":[11,3734,1777,674,1349,15957,1011,27,12,626,1585,25],"class_list":{"0":"post-61916","1":"post","2":"type-post","3":"status-publish","4":"format-standard","5":"has-post-thumbnail","7":"category-paris","8":"tag-actualites","9":"tag-art","10":"tag-eu","11":"tag-europe","12":"tag-expositions","13":"tag-expositions-mode","14":"tag-fr","15":"tag-france","16":"tag-news","17":"tag-paris","18":"tag-peinture","19":"tag-republique-francaise"},"share_on_mastodon":{"url":"https:\/\/pubeurope.com\/@fr\/114421550519614702","error":""},"_links":{"self":[{"href":"https:\/\/www.europesays.com\/fr\/wp-json\/wp\/v2\/posts\/61916","targetHints":{"allow":["GET"]}}],"collection":[{"href":"https:\/\/www.europesays.com\/fr\/wp-json\/wp\/v2\/posts"}],"about":[{"href":"https:\/\/www.europesays.com\/fr\/wp-json\/wp\/v2\/types\/post"}],"author":[{"embeddable":true,"href":"https:\/\/www.europesays.com\/fr\/wp-json\/wp\/v2\/users\/2"}],"replies":[{"embeddable":true,"href":"https:\/\/www.europesays.com\/fr\/wp-json\/wp\/v2\/comments?post=61916"}],"version-history":[{"count":0,"href":"https:\/\/www.europesays.com\/fr\/wp-json\/wp\/v2\/posts\/61916\/revisions"}],"wp:featuredmedia":[{"embeddable":true,"href":"https:\/\/www.europesays.com\/fr\/wp-json\/wp\/v2\/media\/61917"}],"wp:attachment":[{"href":"https:\/\/www.europesays.com\/fr\/wp-json\/wp\/v2\/media?parent=61916"}],"wp:term":[{"taxonomy":"category","embeddable":true,"href":"https:\/\/www.europesays.com\/fr\/wp-json\/wp\/v2\/categories?post=61916"},{"taxonomy":"post_tag","embeddable":true,"href":"https:\/\/www.europesays.com\/fr\/wp-json\/wp\/v2\/tags?post=61916"}],"curies":[{"name":"wp","href":"https:\/\/api.w.org\/{rel}","templated":true}]}}