{"id":619177,"date":"2025-12-24T03:27:11","date_gmt":"2025-12-24T03:27:11","guid":{"rendered":"https:\/\/www.europesays.com\/fr\/619177\/"},"modified":"2025-12-24T03:27:11","modified_gmt":"2025-12-24T03:27:11","slug":"la-france-approuve-une-loi-speciale-pour-eviter-une-paralysie-des-services-de-letat","status":"publish","type":"post","link":"https:\/\/www.europesays.com\/fr\/619177\/","title":{"rendered":"La France approuve une loi sp\u00e9ciale pour \u00e9viter une paralysie des services de l&rsquo;\u00c9tat"},"content":{"rendered":"<p>Le Parlement fran\u00e7ais, profond\u00e9ment divis\u00e9, a adopt\u00e9 mardi une loi sp\u00e9ciale visant \u00e0 \u00e9viter une paralysie des services la semaine prochaine, \u00e0 la suite de l\u2019\u00e9chec des n\u00e9gociations sur le budget 2026.<\/p>\n<p>\u00c0 quelques jours du Nouvel An, le pr\u00e9sident Emmanuel Macron et son gouvernement se sont r\u00e9unis lundi soir pour pr\u00e9senter ce projet de loi. <\/p>\n<p>Il vise \u00e0 assurer la continuit\u00e9 de la vie nationale et le fonctionnement des services publics, notamment la collecte des imp\u00f4ts et leur redistribution aux collectivit\u00e9s territoriales sur la base des niveaux d\u2019imposition et de d\u00e9penses pr\u00e9vus dans le budget 2025, a pr\u00e9cis\u00e9 le gouvernement.<\/p>\n<p>Les d\u00e9put\u00e9s de l\u2019Assembl\u00e9e nationale ont apport\u00e9 plusieurs amendements et vot\u00e9 en faveur du texte mardi soir, suivis par le S\u00e9nat. Son adoption s\u2019est faite malgr\u00e9 de profondes divisions entre les trois principaux camps de l\u2019Assembl\u00e9e, soit le Rassemblement national de Marine Le Pen, la gauche et le gouvernement minoritaire centriste d\u2019Emmanuel Macron.<\/p>\n<p>La prochaine \u00e9tape sera plus ardue avec l\u2019\u00e9laboration d\u2019un v\u00e9ritable budget pour 2026 afin d\u2019\u00e9viter une nouvelle crise politique.<\/p>\n<p>Le ministre des Finances, Roland Lescure, a expliqu\u00e9 aux parlementaires que la loi sp\u00e9ciale \u00e9tait une solution provisoire. Il les a incit\u00e9s \u00e0 travailler rapidement sur un v\u00e9ritable budget pour l\u2019ann\u00e9e prochaine.<\/p>\n<p>Le pr\u00e9sident Macron cherche d\u00e9sesp\u00e9r\u00e9ment \u00e0 ramener l\u2019\u00e9norme d\u00e9ficit budg\u00e9taire \u00e0 5\u00a0% du PIB et \u00e0 restaurer la confiance des investisseurs dans l\u2019\u00e9conomie fran\u00e7aise apr\u00e8s une longue p\u00e9riode de blocage politique et de turbulences provoqu\u00e9es par sa d\u00e9cision malheureuse de convoquer des \u00e9lections anticip\u00e9es l\u2019ann\u00e9e derni\u00e8re.<\/p>\n<p>La France affiche un niveau \u00e9lev\u00e9 de d\u00e9penses publiques, aliment\u00e9 par des programmes sociaux g\u00e9n\u00e9reux, la sant\u00e9 et l\u2019\u00e9ducation, et une forte pression fiscale qui ne suffit pas \u00e0 couvrir les co\u00fbts.<\/p>\n<p>Le premier ministre S\u00e9bastien Lecornu, qui a d\u00e9missionn\u00e9 puis a \u00e9t\u00e9 r\u00e9int\u00e9gr\u00e9 cet automne, a appel\u00e9 mardi tous les partis \u00e0 travailler pendant les F\u00eates pour trouver des compromis sur le budget 2026, apr\u00e8s l\u2019\u00e9chec d\u2019une pr\u00e9c\u00e9dente tentative la semaine derni\u00e8re.<\/p>\n<p>Le gouvernement minoritaire de M.\u00a0Lecornu a obtenu un r\u00e9pit en d\u00e9but de mois lorsque le Parlement a approuv\u00e9 de justesse un projet de loi budg\u00e9taire crucial pour la sant\u00e9, mais au prix de la suspension de la r\u00e9forme phare des retraites de M.\u00a0Macron, qui visait \u00e0 relever l\u2019\u00e2ge de d\u00e9part \u00e0 la retraite de 62\u00a0\u00e0 64\u00a0ans.<\/p>\n","protected":false},"excerpt":{"rendered":"Le Parlement fran\u00e7ais, profond\u00e9ment divis\u00e9, a adopt\u00e9 mardi une loi sp\u00e9ciale visant \u00e0 \u00e9viter une paralysie des services&hellip;\n","protected":false},"author":2,"featured_media":619178,"comment_status":"","ping_status":"","sticky":false,"template":"","format":"standard","meta":{"footnotes":""},"categories":[4],"tags":[11,1011,27,4574,4575,1854,20106,4576,12,25],"class_list":{"0":"post-619177","1":"post","2":"type-post","3":"status-publish","4":"format-standard","5":"has-post-thumbnail","7":"category-france","8":"tag-actualites","9":"tag-fr","10":"tag-france","11":"tag-https-lactualite-com-sujet-affaires","12":"tag-https-lactualite-com-sujet-economie","13":"tag-https-lactualite-com-sujet-international","14":"tag-https-lactualite-com-sujet-justice","15":"tag-https-lactualite-com-sujet-politique","16":"tag-news","17":"tag-republique-francaise"},"share_on_mastodon":{"url":"https:\/\/pubeurope.com\/@fr\/115772420560412084","error":""},"_links":{"self":[{"href":"https:\/\/www.europesays.com\/fr\/wp-json\/wp\/v2\/posts\/619177","targetHints":{"allow":["GET"]}}],"collection":[{"href":"https:\/\/www.europesays.com\/fr\/wp-json\/wp\/v2\/posts"}],"about":[{"href":"https:\/\/www.europesays.com\/fr\/wp-json\/wp\/v2\/types\/post"}],"author":[{"embeddable":true,"href":"https:\/\/www.europesays.com\/fr\/wp-json\/wp\/v2\/users\/2"}],"replies":[{"embeddable":true,"href":"https:\/\/www.europesays.com\/fr\/wp-json\/wp\/v2\/comments?post=619177"}],"version-history":[{"count":0,"href":"https:\/\/www.europesays.com\/fr\/wp-json\/wp\/v2\/posts\/619177\/revisions"}],"wp:featuredmedia":[{"embeddable":true,"href":"https:\/\/www.europesays.com\/fr\/wp-json\/wp\/v2\/media\/619178"}],"wp:attachment":[{"href":"https:\/\/www.europesays.com\/fr\/wp-json\/wp\/v2\/media?parent=619177"}],"wp:term":[{"taxonomy":"category","embeddable":true,"href":"https:\/\/www.europesays.com\/fr\/wp-json\/wp\/v2\/categories?post=619177"},{"taxonomy":"post_tag","embeddable":true,"href":"https:\/\/www.europesays.com\/fr\/wp-json\/wp\/v2\/tags?post=619177"}],"curies":[{"name":"wp","href":"https:\/\/api.w.org\/{rel}","templated":true}]}}