{"id":619183,"date":"2025-12-24T03:35:14","date_gmt":"2025-12-24T03:35:14","guid":{"rendered":"https:\/\/www.europesays.com\/fr\/619183\/"},"modified":"2025-12-24T03:35:14","modified_gmt":"2025-12-24T03:35:14","slug":"ravito-151-142-marches-de-brelevenez-bac-a-sable-passerelle-ambiance-belge-plongez-dans-la-folie-du-cyclo-cross-de-lannion-video-le-telegramme","status":"publish","type":"post","link":"https:\/\/www.europesays.com\/fr\/619183\/","title":{"rendered":"Ravito #151 : 142 marches de Br\u00e9l\u00e9venez, bac \u00e0 sable, passerelle, ambiance belge ! Plongez dans la folie du cyclo-cross de Lannion [Vid\u00e9o] &#8211; Le T\u00e9l\u00e9gramme"},"content":{"rendered":"<ol>\n<li><a href=\"https:\/\/news.google.com\/rss\/articles\/CBMihgJBVV95cUxONW41Sl9iR1pWWHRhY1NhdUdVVEpRRDVQRE1kUVVkVHhLeEsxcnA5T3cxeVNJRG9UYkFSZ2hvVjVWZWE1OUlQdWlCU1dmMXBqSk9FRFJSTllhbWVFV1hxZ290Y3hOZkVXckNhZW03OURvZzJ1YUhlQkFVQWJ0OE9mRnE5ODh6d2cwRzRBeFBhY0FNaG9xN29DRXhCSms1ODdjNWdKOVdHaFd1TmRZX0g0OXlRVm1DQkIxNWowWjVnLVY3OEJMdHpKRW0tanMwNGpjd25OWkZoTEJLck9uN0pGMTl3dGd1eE9KTlVaeHd2VUlPWjg0MllaWV9Ec3MzdHJ2bW9DNlJn?oc=5\" target=\"_blank\" rel=\"noopener\">Ravito #151 : 142 marches de Br\u00e9l\u00e9venez, bac \u00e0 sable, passerelle, ambiance belge ! Plongez dans la folie du cyclo-cross de Lannion [Vid\u00e9o]<\/a>&nbsp;&nbsp;Le T\u00e9l\u00e9gramme<\/li>\n<li><a href=\"https:\/\/news.google.com\/rss\/articles\/CBMi2gFBVV95cUxQV1RxU3l3eGd3MHJGV3Q4VTdBeVdsd1gxWmRzb3k2WnlLMzh5aUhNakxFeHFtN0wyQm92aW10LTdHeDk0ckJOM1BnX1dqNnBRdVZBVVJ0bXdXWHhGN3JTcWlpd1lnQ2lSM2RyMnZxNkJfZklSS185eVRlRG5DeFFWanJqWGtabnlJUVV6SkNfRl9nb2pLUjFLcWtyOGJ1TklNZU5IU242Xy1YdF9lQXdpM3VoTnBaUWszZW80VW1ITHJrV0dua0FUX3lmX25uNDk4VXJZTlBNcFZEQQ?oc=5\" target=\"_blank\" rel=\"noopener\">Cyclisme. Alan Riou, un dernier tour de roues chez lui \u00e0 Lannion<\/a>&nbsp;&nbsp;Ouest-France<\/li>\n<li><a href=\"https:\/\/news.google.com\/rss\/articles\/CBMi2wFBVV95cUxORXUtRkk5OWVsR0RfNGxNUkVmM2Y2MTBUWUR1MEdfMEh0R2FsUkhXZWZxMnNRbDJmVTAtQUUtTklvRExweURjNGUyMWlIVEdHNW1KdW12dnA1X2tOT3E5S3RmM2FDTDM5T29COFRMVktQeExCOVdCc2dSa01sWURCeWdtRHp3ejAzdkpkSWx3UjE5bURGWlZKSWljTnU3RXFxV3RMNlc5Rl9YX0R1bW8xVFVMQkpkVXl5TnBxNWRUWWx1S0VmOWFzMmxiXzQ3RlNSVzhZeTRoOVZPSW8?oc=5\" target=\"_blank\" rel=\"noopener\">PHOTOS et VID\u00c9O. Cyclo-cross de Lannion : apr\u00e8s un mano a mano, Louis Tanguy fait le doubl\u00e9<\/a>&nbsp;&nbsp;Actu.fr<\/li>\n<li><a href=\"https:\/\/news.google.com\/rss\/articles\/CBMiwwFBVV95cUxQQmlQM2g0N1BReEYxRnloTnpOLWN1NW9NLVJhVWxmVlI0aVBaeW5DVXJQMU1iRTJqU2RMaUJwVXFuaThyU2g0d1Q1aTZtQUpRWTdfQjhlb09TMktRLWpBUWhhbWRqdmdfRGxmQlUyTDRmaE0tSDFJcmNodTJIcVRENGRhNzRkLWxYQzZRQnIyNjR5YnFWbElzZVZrczQ4WUw2YU1WLS02Qno3SUsxay1iUG8teFRxS2FFSjZKdElhTHhsS2s?oc=5\" target=\"_blank\" rel=\"noopener\">Cyclisme. Alan Riou, un dernier tour de roues chez lui \u00e0 Lannion . Sport<\/a>&nbsp;&nbsp;Maville<\/li>\n<li><a href=\"https:\/\/news.google.com\/rss\/articles\/CBMimwFBVV95cUxOVWNoM3BxemR0MjA4dldaUEl2QmdQNVh1MDRVTktiNi1Td19zZnhnQzNWRmdWTS1PZTlQYVhoRG9RUWhxb0M2Q1pYRUczcmMxd0hTdTVJWlc1cXc1dVZMQUxWZW5FRkhpTWllMFRrX1RSOXlxVExXUmY0SlRmcnRadzVXeDBTRnVYNk0zZy1KakQybFVzRXRaQmVyWQ?oc=5\" target=\"_blank\" rel=\"noopener\">\u00ab Du grand spectacle \u00bb : le cyclo-cross de Lannion attire la foule gr\u00e2ce \u00e0 son parcours atypique<\/a>&nbsp;&nbsp;PressReader<\/li>\n<\/ol>\n","protected":false},"excerpt":{"rendered":"Ravito #151 : 142 marches de Br\u00e9l\u00e9venez, bac \u00e0 sable, passerelle, ambiance belge ! Plongez dans la folie&hellip;\n","protected":false},"author":2,"featured_media":619184,"comment_status":"","ping_status":"","sticky":false,"template":"","format":"standard","meta":{"footnotes":""},"categories":[1411],"tags":[11,1154,207,6159,59294,765,3166,1011,27,5862,72910,60,2955],"class_list":{"0":"post-619183","1":"post","2":"type-post","3":"status-publish","4":"format-standard","5":"has-post-thumbnail","7":"category-cyclisme","8":"tag-actualites","9":"tag-cycling","10":"tag-cyclisme","11":"tag-cyclisme-amateurs","12":"tag-cyclo-cross","13":"tag-en-continu","14":"tag-en-continu-sports","15":"tag-fr","16":"tag-france","17":"tag-lannion","18":"tag-ravito","19":"tag-sports","20":"tag-videos"},"share_on_mastodon":{"url":"https:\/\/pubeurope.com\/@fr\/115772451995921483","error":""},"_links":{"self":[{"href":"https:\/\/www.europesays.com\/fr\/wp-json\/wp\/v2\/posts\/619183","targetHints":{"allow":["GET"]}}],"collection":[{"href":"https:\/\/www.europesays.com\/fr\/wp-json\/wp\/v2\/posts"}],"about":[{"href":"https:\/\/www.europesays.com\/fr\/wp-json\/wp\/v2\/types\/post"}],"author":[{"embeddable":true,"href":"https:\/\/www.europesays.com\/fr\/wp-json\/wp\/v2\/users\/2"}],"replies":[{"embeddable":true,"href":"https:\/\/www.europesays.com\/fr\/wp-json\/wp\/v2\/comments?post=619183"}],"version-history":[{"count":0,"href":"https:\/\/www.europesays.com\/fr\/wp-json\/wp\/v2\/posts\/619183\/revisions"}],"wp:featuredmedia":[{"embeddable":true,"href":"https:\/\/www.europesays.com\/fr\/wp-json\/wp\/v2\/media\/619184"}],"wp:attachment":[{"href":"https:\/\/www.europesays.com\/fr\/wp-json\/wp\/v2\/media?parent=619183"}],"wp:term":[{"taxonomy":"category","embeddable":true,"href":"https:\/\/www.europesays.com\/fr\/wp-json\/wp\/v2\/categories?post=619183"},{"taxonomy":"post_tag","embeddable":true,"href":"https:\/\/www.europesays.com\/fr\/wp-json\/wp\/v2\/tags?post=619183"}],"curies":[{"name":"wp","href":"https:\/\/api.w.org\/{rel}","templated":true}]}}