{"id":619185,"date":"2025-12-24T03:36:16","date_gmt":"2025-12-24T03:36:16","guid":{"rendered":"https:\/\/www.europesays.com\/fr\/619185\/"},"modified":"2025-12-24T03:36:16","modified_gmt":"2025-12-24T03:36:16","slug":"lom-prend-une-decision-forte-pour-darryl-bakola-courtise-par-chelsea","status":"publish","type":"post","link":"https:\/\/www.europesays.com\/fr\/619185\/","title":{"rendered":"L&rsquo;OM prend une d\u00e9cision forte pour Darryl Bakola, courtis\u00e9 par Chelsea"},"content":{"rendered":"<p>Darryl Bakola r\u00e9alise une premi\u00e8re partie de saison prometteuse avec l\u2019Olympique de Marseille et s\u2019int\u00e8gre progressivement dans la rotation mise en place par son entra\u00eeneur, Roberto De Zerbi. Gr\u00e2ce \u00e0 ses r\u00e9centes performances, notamment son excellente prestation lors de sa titularisation surprise en Ligue des champions face \u00e0 Newcastle United, le milieu de terrain a convaincu la direction phoc\u00e9enne de s\u00e9curiser son avenir.<\/p>\n<p>Selon les informations de Foot Mercato, l\u2019OM a transmis une offre de prolongation concr\u00e8te au joueur de 18 ans, issu du centre de formation du club. Cette proposition est d\u00e9sormais entre les mains de Darryl Bakola et de son entourage, alors que son contrat actuel court jusqu\u2019en 2027. Pablo Longoria et Medhi Benatia souhaiteraient ainsi obtenir une r\u00e9ponse rapide afin d\u2019\u00e9viter un nouveau feuilleton contractuel.<\/p>\n<p>Toutefois, si les discussions venaient \u00e0 s\u2019\u00e9terniser, l\u2019OM n\u2019exclurait pas un transfert d\u00e8s le mercato hivernal. Le dossier attire d\u00e9j\u00e0 plusieurs clubs europ\u00e9ens. Chelsea s\u2019est montr\u00e9 particuli\u00e8rement int\u00e9ress\u00e9, tandis qu\u2019Arsenal, le VfB Stuttgart et le Borussia Dortmund suivent \u00e9galement la situation avec attention.<\/p>\n","protected":false},"excerpt":{"rendered":"Darryl Bakola r\u00e9alise une premi\u00e8re partie de saison prometteuse avec l\u2019Olympique de Marseille et s\u2019int\u00e8gre progressivement dans la&hellip;\n","protected":false},"author":2,"featured_media":619186,"comment_status":"","ping_status":"","sticky":false,"template":"","format":"standard","meta":{"footnotes":""},"categories":[1410],"tags":[11871,72911,63,1011,27,149,60],"class_list":{"0":"post-619185","1":"post","2":"type-post","3":"status-publish","4":"format-standard","5":"has-post-thumbnail","7":"category-football","8":"tag-chelsea","9":"tag-darryl-bakola","10":"tag-football","11":"tag-fr","12":"tag-france","13":"tag-om","14":"tag-sports"},"share_on_mastodon":{"url":"https:\/\/pubeurope.com\/@fr\/115772456017324822","error":""},"_links":{"self":[{"href":"https:\/\/www.europesays.com\/fr\/wp-json\/wp\/v2\/posts\/619185","targetHints":{"allow":["GET"]}}],"collection":[{"href":"https:\/\/www.europesays.com\/fr\/wp-json\/wp\/v2\/posts"}],"about":[{"href":"https:\/\/www.europesays.com\/fr\/wp-json\/wp\/v2\/types\/post"}],"author":[{"embeddable":true,"href":"https:\/\/www.europesays.com\/fr\/wp-json\/wp\/v2\/users\/2"}],"replies":[{"embeddable":true,"href":"https:\/\/www.europesays.com\/fr\/wp-json\/wp\/v2\/comments?post=619185"}],"version-history":[{"count":0,"href":"https:\/\/www.europesays.com\/fr\/wp-json\/wp\/v2\/posts\/619185\/revisions"}],"wp:featuredmedia":[{"embeddable":true,"href":"https:\/\/www.europesays.com\/fr\/wp-json\/wp\/v2\/media\/619186"}],"wp:attachment":[{"href":"https:\/\/www.europesays.com\/fr\/wp-json\/wp\/v2\/media?parent=619185"}],"wp:term":[{"taxonomy":"category","embeddable":true,"href":"https:\/\/www.europesays.com\/fr\/wp-json\/wp\/v2\/categories?post=619185"},{"taxonomy":"post_tag","embeddable":true,"href":"https:\/\/www.europesays.com\/fr\/wp-json\/wp\/v2\/tags?post=619185"}],"curies":[{"name":"wp","href":"https:\/\/api.w.org\/{rel}","templated":true}]}}