{"id":619187,"date":"2025-12-24T03:37:14","date_gmt":"2025-12-24T03:37:14","guid":{"rendered":"https:\/\/www.europesays.com\/fr\/619187\/"},"modified":"2025-12-24T03:37:14","modified_gmt":"2025-12-24T03:37:14","slug":"jonathan-jenvrin-encore-en-train-de-moment-de-flottement-avec-rihanna","status":"publish","type":"post","link":"https:\/\/www.europesays.com\/fr\/619187\/","title":{"rendered":"Jonathan Jenvrin : \u00ab\u00a0Encore en train de&#8230;\u00a0\u00bb, moment de flottement avec Rihanna"},"content":{"rendered":"<p data-start=\"252\" data-end=\"553\">Il est l\u2019un des nouveaux visages<br \/>\ndu corps professoral de la <a href=\"https:\/\/www.closermag.fr\/tv_tele_realite\/danse-avec-les-stars-une-figure-historique-de-star-academy-et-un-humoriste-annonces-au-casting-3607890\" target=\"_blank\" rel=\"noopener\"><br \/>\nStar Academy sur TF1<\/a>. Jonathan Jenvrin n\u2019est pourtant<br \/>\npas un inconnu dans le milieu artistique. Danseur depuis son plus<br \/>\njeune \u00e2ge, form\u00e9 au Modern Jazz et au contemporain, il s\u2019est<br \/>\nconstruit un parcours solide bien avant d\u2019entrer au ch\u00e2teau !<\/p>\n<p data-start=\"555\" data-end=\"914\">Rep\u00e9r\u00e9 par Kamel Ouali <a href=\"https:\/\/www.closermag.fr\/people\/kamel-ouali-na-pas-deux-enfants-mais-quatre-son-annonce-choc-en-pleine-emission-3552943\" target=\"_blank\" rel=\"noopener\"><br \/>\n(qui a r\u00e9cemment fait une annonce choc sur sa paternit\u00e9 !)<\/a>, il<br \/>\ns\u2019oriente tr\u00e8s t\u00f4t vers les com\u00e9dies musicales et encha\u00eene les<br \/>\nprojets d\u2019envergure. Clips, tourn\u00e9es internationales, spectacles<br \/>\nparisiens, Jonathan Jenvrin a crois\u00e9 la route de nombreuses stars.<br \/>\nDans une interview accord\u00e9e \u00e0 <a href=\"https:\/\/www.instagram.com\/p\/DSaaUXPCEPj\/\" target=\"_blank\" rel=\"noopener\">Paint<br \/>\nMedia<\/a>, il est revenu sur quelques souvenirs marquants et<br \/>\ninattendus !<\/p>\n<p>Quand Jonathan Jenvrin croise<br \/>\nRihanna et Dua Lipa<\/p>\n<p data-start=\"962\" data-end=\"1548\">Au fil de l\u2019entretien, Jonathan<br \/>\nJenvrin <a href=\"https:\/\/www.closermag.fr\/people\/jonathan-jenvrin-est-il-en-couple-3583813\" target=\"_blank\" rel=\"noopener\"><br \/>\n(d&rsquo;ailleurs, est-il en couple ?)<\/a> revient sur ses collaborations<br \/>\navec des artistes internationales, chacune ayant son propre rythme<br \/>\net ses habitudes. Il commence par une anecdote l\u00e9g\u00e8re concernant<br \/>\nKylie Minogue, avant de glisser vers un souvenir plus surprenant<br \/>\navec Rihanna. <strong>\u00ab\u00a0Avec<br \/>\nKylie Minogue, tous les midis, elle mangeait avec nous dehors<br \/>\nassise par terre des sandwichs comme tout le monde. Avec Rihanna,<br \/>\non a loup\u00e9 une r\u00e9p\u00e9tition un matin, on nous appelle \u00e0 9h en disant<br \/>\nqu&rsquo;elle est encore en train de faire la f\u00eate et donc du coup, on a<br \/>\nd\u00fb d\u00e9caler la r\u00e9p\u00e9tition au soir.\u00a0\u00bb<\/strong><\/p>\n<p data-start=\"1550\" data-end=\"2026\">Un moment de flottement qui<br \/>\nr\u00e9sume bien certaines r\u00e9alit\u00e9s du milieu. Jonathan Jenvrin \u00e9voque<br \/>\naussi le rythme intense de certaines tourn\u00e9es.<br \/>\n<strong>\u00ab\u00a0Pour la tourn\u00e9e<br \/>\nd&rsquo;Eve, on a eu exactement quatre jours de r\u00e9p\u00e9titions pour monter,<br \/>\nvingt tableaux et puis apr\u00e8s on \u00e9tait sur sc\u00e8ne donc j&rsquo;avoue que<br \/>\nc&rsquo;\u00e9tait un peu la course.\u00a0\u00bb<\/strong> \u00c0 l\u2019inverse, le travail<br \/>\navec Dua Lipa prend une tout autre tournure. \u00ab\u00a0Avec Dua Lipa, on devait faire deux jours de<br \/>\nr\u00e9p\u00e9tition, on en a fait deux semaines.\u00a0\u00bb<\/p>\n<p>Kesha, baiser surprise et souvenirs de tourn\u00e9e<\/p>\n<p data-start=\"2078\" data-end=\"2463\">Mais l\u2019anecdote la plus<br \/>\nimprobable reste celle v\u00e9cue avec Kesha. En pleine p\u00e9riode de<br \/>\nsucc\u00e8s mondial apr\u00e8s Tik Tok, Jonathan Jenvrin se retrouve embarqu\u00e9<br \/>\ndans une situation inattendue d\u00e8s le premier jour.<br \/>\n<strong>\u00ab\u00a0Avec Kesha, j&rsquo;ai d\u00fb<br \/>\nl&#8217;embrasser d\u00e8s le premier jour de r\u00e9p\u00e9tition alors qu&rsquo;on ne se<br \/>\nconnaissait pas beaucoup et je pense qu&rsquo;on a refait le bisou au<br \/>\nmoins une quinzaine de fois.\u00a0\u00bb<\/strong><\/p>\n<p data-start=\"2465\" data-end=\"2967\" data-is-last-node=\"\" data-is-only-node=\"\">Le danseur encha\u00eene ensuite avec d\u2019autres<br \/>\nsouvenirs marquants. \u00ab\u00a0Avec<br \/>\nRita Ora, on a quand m\u00eame fait un concert sur la tour Eiffel, et je<br \/>\nl&rsquo;ai vu qu&rsquo;un jour en r\u00e9p\u00e9tition, le reste du temps, on \u00e9tait sans<br \/>\nelle.\u00a0\u00bb Et lorsqu\u2019il \u00e9voque Shy\u2019m, le ton change encore.<br \/>\n<strong>\u00ab\u00a0Avec Shy&rsquo;m, on a<br \/>\ntout v\u00e9cu, il faut savoir qu&rsquo;on a fait trois ans de tourn\u00e9e, donc<br \/>\non a fait des plateaux multi-artistes au beau milieu de la France \u00e0<br \/>\nBercy.\u00a0\u00bb<\/strong> Des confidences rares qui donnent un aper\u00e7u<br \/>\ntr\u00e8s concret de l\u2019envers du d\u00e9cor.<\/p>\n<p><script async src=\"\/\/www.instagram.com\/embed.js\"><\/script><\/p>\n","protected":false},"excerpt":{"rendered":"Il est l\u2019un des nouveaux visages du corps professoral de la Star Academy sur TF1. Jonathan Jenvrin n\u2019est&hellip;\n","protected":false},"author":2,"featured_media":619188,"comment_status":"","ping_status":"","sticky":false,"template":"","format":"standard","meta":{"footnotes":""},"categories":[1359],"tags":[21303,58,59,1011,27,70202,973,5095],"class_list":{"0":"post-619187","1":"post","2":"type-post","3":"status-publish","4":"format-standard","5":"has-post-thumbnail","7":"category-people","8":"tag-buzz_nonli","9":"tag-divertissement","10":"tag-entertainment","11":"tag-fr","12":"tag-france","13":"tag-marfeel_connexes","14":"tag-people","15":"tag-star-academy"},"share_on_mastodon":{"url":"https:\/\/pubeurope.com\/@fr\/115772459814625767","error":""},"_links":{"self":[{"href":"https:\/\/www.europesays.com\/fr\/wp-json\/wp\/v2\/posts\/619187","targetHints":{"allow":["GET"]}}],"collection":[{"href":"https:\/\/www.europesays.com\/fr\/wp-json\/wp\/v2\/posts"}],"about":[{"href":"https:\/\/www.europesays.com\/fr\/wp-json\/wp\/v2\/types\/post"}],"author":[{"embeddable":true,"href":"https:\/\/www.europesays.com\/fr\/wp-json\/wp\/v2\/users\/2"}],"replies":[{"embeddable":true,"href":"https:\/\/www.europesays.com\/fr\/wp-json\/wp\/v2\/comments?post=619187"}],"version-history":[{"count":0,"href":"https:\/\/www.europesays.com\/fr\/wp-json\/wp\/v2\/posts\/619187\/revisions"}],"wp:featuredmedia":[{"embeddable":true,"href":"https:\/\/www.europesays.com\/fr\/wp-json\/wp\/v2\/media\/619188"}],"wp:attachment":[{"href":"https:\/\/www.europesays.com\/fr\/wp-json\/wp\/v2\/media?parent=619187"}],"wp:term":[{"taxonomy":"category","embeddable":true,"href":"https:\/\/www.europesays.com\/fr\/wp-json\/wp\/v2\/categories?post=619187"},{"taxonomy":"post_tag","embeddable":true,"href":"https:\/\/www.europesays.com\/fr\/wp-json\/wp\/v2\/tags?post=619187"}],"curies":[{"name":"wp","href":"https:\/\/api.w.org\/{rel}","templated":true}]}}