{"id":619194,"date":"2025-12-24T03:42:27","date_gmt":"2025-12-24T03:42:27","guid":{"rendered":"https:\/\/www.europesays.com\/fr\/619194\/"},"modified":"2025-12-24T03:42:27","modified_gmt":"2025-12-24T03:42:27","slug":"le-film-de-science-fiction-de-ridley-scott-est-repousse-et-esquive-mario-bros-2","status":"publish","type":"post","link":"https:\/\/www.europesays.com\/fr\/619194\/","title":{"rendered":"le film de science-fiction de Ridley Scott est repouss\u00e9 et esquive Mario Bros 2"},"content":{"rendered":"<p><strong>Le prochain film de <a href=\"https:\/\/www.ecranlarge.com\/personnalite\/654356-ridley-scott\" data-type=\"people\" data-id=\"4810\" target=\"_blank\" rel=\"noopener\">Ridley Scott<\/a> devrait sortir en 2026. Mais il faudra attendre un peu plus longtemps que pr\u00e9vu pour d\u00e9couvrir <a href=\"https:\/\/www.ecranlarge.com\/films\/the-dog-stars\" data-type=\"films\" data-id=\"1235723\" target=\"_blank\" rel=\"noopener\">The Dog Stars<\/a><\/strong>.<\/p>\n<p>On aimerait tous avoir la motivation de Ridley Scott. \u00c2g\u00e9 de 88 ans, <strong>le r\u00e9alisateur carbure \u00e0 quasiment un film par an<\/strong>, et pas des petits films. <strong>Napol\u00e9on<\/strong>, sorti en 2023, et <strong>Gladiator 2<\/strong>, sorti en 2024, \u00e9taient deux des plus gros budgets de sa carri\u00e8re, le second atteignant m\u00eame les 250 millions de dollars, voire bien plus si on en croit la presse am\u00e9ricaine. Reconstitutions historiques d\u2019ampleur, s\u00e9quences d\u2019action, brochettes de stars\u2026 Plus rien ne fait peur au v\u00e9t\u00e9ran de l\u2019industrie.<\/p>\n<p>                    <img decoding=\"async\" alt=\"\" class=\"wp-image-518375\" style=\"object-fit:cover;width:25px;height:25px\" src=\"https:\/\/www.ecranlarge.com\/content\/uploads\/2023\/09\/arrow-right-circle.svg\"\/><\/p>\n<p>Et il continue sur cette lanc\u00e9e en 2026 avec un nouveau projet, cette fois-ci de science-fiction. On ne conna\u00eet pas encore son budget, mais, vu le casting, le pitch<strong> et les enjeux qui entourent la sortie<\/strong>, il est probablement lui aussi assez cossu.<\/p>\n<p><a href=\"https:\/\/www.ecranlarge.com\/content\/uploads\/2024\/12\/aq5qriqnedwkyi3twku8fr4uxvl.jpg\" target=\"_blank\" rel=\"noopener\"><\/p>\n<p><img loading=\"lazy\" decoding=\"async\" alt=\"gladiator 2 paul mescal\" src=\"https:\/\/www.europesays.com\/fr\/wp-content\/uploads\/2025\/12\/aq5qriqnedwkyi3twku8fr4uxvl-630x354.jpg\" width=\"630\" height=\"354\"  \/><\/p>\n<p><\/a>Quand tu te rends compte que The Dog Stars ne parle pas de concours caninsThe Dog Stars repouss\u00e9<\/p>\n<p><strong>The Dog Stars<\/strong>, son prochain long-m\u00e9trage, devait originellement d\u00e9barquer dans les salles am\u00e9ricaines le 27 mars 2026 \u2013 le 25 mars chez nous. <strong>Il est repouss\u00e9 au 28 ao\u00fbt 2026 par 20th Century Studio<\/strong>. En France, rien n\u2019a encore \u00e9t\u00e9 annonc\u00e9, mais on s\u2019attend \u00e0 ce qu\u2019il suive. Ainsi, la filiale de Disney esp\u00e8re peut-\u00eatre esquiver <strong>Projet Derni\u00e8re Chance<\/strong>, le film de Phil Lord et Chris Miller cal\u00e9 \u00e0 la semaine pr\u00e9c\u00e9dente. Lui aussi est un blockbuster de science-fiction \u00e0 gros casting (Ryan Gosling, Sandra H\u00fcller), attendu avec impatience par les amateurs du genre.<\/p>\n<p><a href=\"https:\/\/www.ecranlarge.com\/content\/uploads\/2025\/06\/gusuz_bx0aaq4d7.jpg\" target=\"_blank\" rel=\"noopener\"><img loading=\"lazy\" decoding=\"async\" alt=\"Ryan Gosling dans Project Hail Mary\" class=\"wp-image-1320475\" src=\"https:\/\/www.europesays.com\/fr\/wp-content\/uploads\/2025\/06\/gusuz_bx0aaq4d7-1260x477.jpg\" width=\"1260\" height=\"477\"  \/><\/a>Parmi les plus grosses attentes de l\u2019ann\u00e9e<\/p>\n<p>Ce faisant, <strong>il \u00e9vite aussi de se coincer une semaine avant<\/strong> <strong>Super Mario Galaxy, le film<\/strong>. Certes, les deux superproductions ne boxent pas du tout dans la m\u00eame cat\u00e9gorie, <strong>The Dog Stars<\/strong> \u00e9tant destin\u00e9 \u00e0 un public plus adulte, mais mieux vaut \u00e9viter d\u2019approcher un tel bulldozer, quasi assur\u00e9 d\u2019\u00eatre parmi les plus gros succ\u00e8s de l\u2019ann\u00e9e.<\/p>\n<p>Une telle d\u00e9cision vise \u00e0 pr\u00e9server les gros arguments marketing du film de Ridley Scott, <strong>\u00e0 savoir d\u2019abord son casting,<\/strong> compos\u00e9 de Jacob Elordi, Margaret Qualley, Josh Brolin, Guy Pearce et Benedict Wong. Elordi joue un pilote qui doit s\u2019allier avec un ancien marine (Brolin) dans un monde post-apocalyptique. C\u2019est l\u2019adaptation d\u2019un roman de Peter Heller \u00e9crite par Mark L. Smith et Christopher Wilkinson. Apr\u00e8s \u00e7a, Scott a encore une longue liste de projets dans le collimateur. <\/p>\n","protected":false},"excerpt":{"rendered":"Le prochain film de Ridley Scott devrait sortir en 2026. Mais il faudra attendre un peu plus longtemps&hellip;\n","protected":false},"author":2,"featured_media":619195,"comment_status":"","ping_status":"","sticky":false,"template":"","format":"standard","meta":{"footnotes":""},"categories":[1354],"tags":[58,59,1346,1011,27,1360],"class_list":{"0":"post-619194","1":"post","2":"type-post","3":"status-publish","4":"format-standard","5":"has-post-thumbnail","7":"category-films","8":"tag-divertissement","9":"tag-entertainment","10":"tag-films","11":"tag-fr","12":"tag-france","13":"tag-movies"},"share_on_mastodon":{"url":"https:\/\/pubeurope.com\/@fr\/115772480109525494","error":""},"_links":{"self":[{"href":"https:\/\/www.europesays.com\/fr\/wp-json\/wp\/v2\/posts\/619194","targetHints":{"allow":["GET"]}}],"collection":[{"href":"https:\/\/www.europesays.com\/fr\/wp-json\/wp\/v2\/posts"}],"about":[{"href":"https:\/\/www.europesays.com\/fr\/wp-json\/wp\/v2\/types\/post"}],"author":[{"embeddable":true,"href":"https:\/\/www.europesays.com\/fr\/wp-json\/wp\/v2\/users\/2"}],"replies":[{"embeddable":true,"href":"https:\/\/www.europesays.com\/fr\/wp-json\/wp\/v2\/comments?post=619194"}],"version-history":[{"count":0,"href":"https:\/\/www.europesays.com\/fr\/wp-json\/wp\/v2\/posts\/619194\/revisions"}],"wp:featuredmedia":[{"embeddable":true,"href":"https:\/\/www.europesays.com\/fr\/wp-json\/wp\/v2\/media\/619195"}],"wp:attachment":[{"href":"https:\/\/www.europesays.com\/fr\/wp-json\/wp\/v2\/media?parent=619194"}],"wp:term":[{"taxonomy":"category","embeddable":true,"href":"https:\/\/www.europesays.com\/fr\/wp-json\/wp\/v2\/categories?post=619194"},{"taxonomy":"post_tag","embeddable":true,"href":"https:\/\/www.europesays.com\/fr\/wp-json\/wp\/v2\/tags?post=619194"}],"curies":[{"name":"wp","href":"https:\/\/api.w.org\/{rel}","templated":true}]}}