{"id":619196,"date":"2025-12-24T03:43:25","date_gmt":"2025-12-24T03:43:25","guid":{"rendered":"https:\/\/www.europesays.com\/fr\/619196\/"},"modified":"2025-12-24T03:43:25","modified_gmt":"2025-12-24T03:43:25","slug":"une-arme-naturelle-du-cerveau-identifiee-et-elle-pourrait-tout-bouleverser","status":"publish","type":"post","link":"https:\/\/www.europesays.com\/fr\/619196\/","title":{"rendered":"une \u00ab arme \u00bb naturelle du cerveau identifi\u00e9e\u2026 et elle pourrait tout bouleverser"},"content":{"rendered":"<p>La maladie d&rsquo;Alzheimer, fl\u00e9au du vieillissement c\u00e9r\u00e9bral, pourrait bient\u00f4t conna\u00eetre un tournant majeur dans son traitement. Une \u00e9quipe internationale de chercheurs a r\u00e9cemment mis en <a href=\"https:\/\/www.futura-sciences.com\/sciences\/definitions\/physique-lumiere-326\/\" target=\"_blank\" rel=\"noopener\">lumi\u00e8re<\/a> un nouveau m\u00e9canisme impliquant les astrocytes, ces cellules non neuronales du cerveau longtemps n\u00e9glig\u00e9es dans la recherche sur Alzheimer. Cette d\u00e9couverte, publi\u00e9e en juillet 2024 dans la revue <a href=\"https:\/\/molecularneurodegeneration.biomedcentral.com\/articles\/10.1186\/s13024-024-00740-w\" title=\"Astrocytic autophagy plasticity modulates A\u03b2 clearance and cognitive function in Alzheimer\u2019s disease\" target=\"_blank\" rel=\"noopener\">Molecular Neurodegeneration<\/a>, offre un espoir in\u00e9dit pour les patients et leurs familles. Plongeons dans les d\u00e9tails de cette avanc\u00e9e scientifique prometteuse et ses potentielles r\u00e9percussions sur la prise en charge de la maladie.<\/p>\n<p>Les astrocytes : nouveaux h\u00e9ros inattendus contre Alzheimer<\/p>\n<p>Jusqu&rsquo;\u00e0 pr\u00e9sent, la recherche sur la <a href=\"https:\/\/www.futura-sciences.com\/sante\/actualites\/maladie-alzheimer-buveurs-cafe-mieux-proteges-maladie-alzheimer-114483\/\" title=\"Les buveurs de caf\u00e9 mieux prot\u00e9g\u00e9s contre la maladie d\u2019Alzheimer ?\" target=\"_blank\" rel=\"noopener\">maladie d&rsquo;Alzheimer<\/a> se concentrait principalement sur les neurones. En revanche, cette \u00e9tude r\u00e9v\u00e8le le r\u00f4le crucial des astrocytes dans l&rsquo;\u00e9limination des prot\u00e9ines toxiques responsables de la maladie. Les <a href=\"https:\/\/www.futura-sciences.com\/sante\/actualites\/medecine-apres-neurones-astrocytes-obtenus-partir-cellules-souches-30365\/\" title=\"Apr\u00e8s les neurones, des astrocytes obtenus \u00e0 partir de cellules souches\" target=\"_blank\" rel=\"noopener\">astrocytes<\/a>, gr\u00e2ce \u00e0 un processus appel\u00e9 <a href=\"https:\/\/www.futura-sciences.com\/sante\/definitions\/biologie-autophagie-13142\/\" target=\"_blank\" rel=\"noopener\">autophagie<\/a>, sont capables d&rsquo;\u00e9liminer efficacement les prot\u00e9ines <a href=\"https:\/\/www.futura-sciences.com\/sante\/definitions\/biologie-plaque-amyloide-11751\/\" target=\"_blank\" rel=\"noopener\">b\u00eata-amylo\u00efdes<\/a>, principales coupables de la formation des plaques caract\u00e9ristiques d&rsquo;Alzheimer.<\/p>\n<p>L&rsquo;autophagie, m\u00e9canisme cellulaire de \u00ab nettoyage \u00bb, permet aux cellules de d\u00e9grader et <a href=\"https:\/\/www.futura-sciences.com\/planete\/definitions\/developpement-durable-recyclage-5774\/\" target=\"_blank\" rel=\"noopener\">recycler<\/a> leurs propres composants. Dans le cas des astrocytes, ce processus s&rsquo;av\u00e8re particuli\u00e8rement efficace pour \u00e9liminer les agr\u00e9gats toxiques de prot\u00e9ines. Cette d\u00e9couverte ouvre la voie \u00e0 de nouvelles strat\u00e9gies th\u00e9rapeutiques ciblant sp\u00e9cifiquement ces <a href=\"https:\/\/www.futura-sciences.com\/sante\/definitions\/biologie-cellule-gliale-839\/\" target=\"_blank\" rel=\"noopener\">cellules gliales<\/a>.<\/p>\n<p>Voici les principaux avantages de l&rsquo;autophagie astrocytaire dans la lutte contre Alzheimer :<\/p>\n<ul dir=\"ltr\">\n<li role=\"presentation\">\u00e9limination efficace des prot\u00e9ines b\u00eata-amylo\u00efdes ;<\/li>\n<li role=\"presentation\">r\u00e9duction de l&rsquo;<a href=\"https:\/\/www.futura-sciences.com\/sante\/definitions\/biologie-inflammation-15288\/\" target=\"_blank\" rel=\"noopener\">inflammation<\/a> c\u00e9r\u00e9brale ;<\/li>\n<li role=\"presentation\">protection des neurones environnants ;<\/li>\n<li role=\"presentation\">am\u00e9lioration potentielle des fonctions cognitives.<\/li>\n<\/ul>\n<p class=\"fs-media\">\n<p><img decoding=\"async\" data-imgid=\"full\" src=\"https:\/\/www.europesays.com\/fr\/wp-content\/uploads\/2025\/11\/alzheimer-traitement.png\" width=\"1080\" height=\"720\" alt=\"\" loading=\"lazy\"\/><br \/>\nLes scientifiques d\u00e9couvrent une nouvelle piste de traitement tr\u00e8s prometteuse pour la maladie\u00a0d&rsquo;Alzheimer. \u00a9 DR<\/p>\n<p>Une approche novatrice pour le traitement d&rsquo;Alzheimer<\/p>\n<p>L&rsquo;\u00e9tude, men\u00e9e par le Dr Hoon Ryu de l&rsquo;Institut cor\u00e9en des sciences et technologies (Kist) en collaboration avec des chercheurs internationaux, a d\u00e9montr\u00e9 que l&rsquo;activation de <a href=\"https:\/\/www.futura-sciences.com\/sante\/definitions\/genetique-gene-151\/\" target=\"_blank\" rel=\"noopener\">g\u00e8nes<\/a> sp\u00e9cifiques li\u00e9s \u00e0 l&rsquo;autophagie dans les astrocytes permet de r\u00e9duire significativement les <a href=\"https:\/\/www.futura-sciences.com\/sante\/definitions\/medecine-symptome-834\/\" target=\"_blank\" rel=\"noopener\">sympt\u00f4mes<\/a> de la maladie d&rsquo;Alzheimer. Cette approche innovante se d\u00e9marque des traitements traditionnels centr\u00e9s sur les <a href=\"https:\/\/www.futura-sciences.com\/sante\/actualites\/medecine-cerveau-continue-creer-nouveaux-neurones-durant-vieillesse-35686\/\" title=\"Le cerveau continue de cr\u00e9er de nouveaux neurones durant la vieillesse\" target=\"_blank\" rel=\"noopener\">neurones<\/a>.<\/p>\n<p>Les chercheurs ont observ\u00e9 que l&rsquo;expression de g\u00e8nes r\u00e9gulant l&rsquo;autophagie (LC3B et SQSTM1) dans les astrocytes entra\u00eene une \u00e9limination efficace des prot\u00e9ines b\u00eata-amylo\u00efdes. Plus impressionnant encore, cette activation <a href=\"https:\/\/www.futura-sciences.com\/sante\/definitions\/genetique-genique-2695\/\" target=\"_blank\" rel=\"noopener\">g\u00e9nique<\/a> dans l&rsquo;<a href=\"https:\/\/www.futura-sciences.com\/sante\/questions-reponses\/sante-hippocampe-joue-t-il-role-central-memoire-4905\/\" title=\"L&#039;hippocampe joue-t-il un r\u00f4le central dans la m\u00e9moire ?\" target=\"_blank\" rel=\"noopener\">hippocampe<\/a>, r\u00e9gion c\u00e9r\u00e9brale cruciale pour la m\u00e9moire, a conduit \u00e0 une diminution des sympt\u00f4mes neuropathologiques.<\/p>\n<p>Le tableau suivant r\u00e9sume les effets observ\u00e9s de l&rsquo;autophagie astrocytaire :<\/p>\n<tr>\n<td>\n<p>M\u00e9canisme<\/p>\n<\/td>\n<td>\n<p>Effet observ\u00e9<\/p>\n<\/td>\n<\/tr>\n<tr>\n<td>\n<p>Activation des g\u00e8nes d&rsquo;autophagie<\/p>\n<\/td>\n<td>\n<p>\u00c9limination accrue des prot\u00e9ines toxiques<\/p>\n<\/td>\n<\/tr>\n<tr>\n<td>\n<p>Ciblage de l&rsquo;<a href=\"https:\/\/www.futura-sciences.com\/planete\/definitions\/zoologie-hippocampe-4673\/\" target=\"_blank\" rel=\"noopener\">hippocampe<\/a><\/p>\n<\/td>\n<td>\n<p>Am\u00e9lioration des fonctions mn\u00e9siques<\/p>\n<\/td>\n<\/tr>\n<tr>\n<td>\n<p>R\u00e9duction des agr\u00e9gats prot\u00e9iques<\/p>\n<\/td>\n<td>\n<p>Diminution de l&rsquo;inflammation c\u00e9r\u00e9brale<\/p>\n<\/td>\n<\/tr>\n<p>Perspectives futures et implications th\u00e9rapeutiques<\/p>\n<p>Cette perc\u00e9e scientifique ouvre la voie \u00e0 de nouvelles pistes th\u00e9rapeutiques prometteuses. Les chercheurs envisagent d\u00e9sormais de d\u00e9velopper des traitements ciblant sp\u00e9cifiquement la fonction autophagique des astrocytes. L&rsquo;objectif est de pr\u00e9venir ou d&rsquo;att\u00e9nuer les sympt\u00f4mes de la <a href=\"https:\/\/www.futura-sciences.com\/sante\/definitions\/medecine-demence-3227\/\" target=\"_blank\" rel=\"noopener\">d\u00e9mence<\/a> en stimulant ce m\u00e9canisme naturel de nettoyage c\u00e9r\u00e9bral.<\/p>\n<p>Le Dr Suhyun Kim, premier auteur de l&rsquo;\u00e9tude, souligne l&rsquo;importance de cette d\u00e9couverte : \u00ab Nos r\u00e9sultats montrent que l&rsquo;autophagie astrocytaire restaure les dommages neuronaux et les <a href=\"https:\/\/www.futura-sciences.com\/planete\/questions-reponses\/pollution-pollution-air-altere-nos-fonctions-cognitives-16993\/\" title=\"Pourquoi la pollution de l\u2019air alt\u00e8re nos fonctions cognitives ?\" target=\"_blank\" rel=\"noopener\">fonctions cognitives<\/a> dans le cerveau atteint de d\u00e9mence. Nous esp\u00e9rons que cette \u00e9tude fera progresser notre compr\u00e9hension des m\u00e9canismes cellulaires li\u00e9s \u00e0 l&rsquo;autophagie et contribuera aux futures recherches sur l&rsquo;\u00e9limination des <a href=\"https:\/\/www.futura-sciences.com\/planete\/definitions\/developpement-durable-dechet-5725\/\" target=\"_blank\" rel=\"noopener\">d\u00e9chets<\/a> par les astrocytes et le maintien de la sant\u00e9 c\u00e9r\u00e9brale \u00bb.<\/p>\n<p>Les prochaines \u00e9tapes de la recherche incluront :<\/p>\n<ol dir=\"ltr\">\n<li role=\"presentation\">Le d\u00e9veloppement de <a href=\"https:\/\/www.futura-sciences.com\/sciences\/definitions\/chimie-molecule-783\/\" target=\"_blank\" rel=\"noopener\">mol\u00e9cules<\/a> ciblant sp\u00e9cifiquement l&rsquo;autophagie astrocytaire.<\/li>\n<li role=\"presentation\">La r\u00e9alisation d&rsquo;\u00e9tudes pr\u00e9cliniques pour \u00e9valuer l&rsquo;efficacit\u00e9 et la s\u00e9curit\u00e9 de ces approches.<\/li>\n<li role=\"presentation\">L&rsquo;exploration de potentielles combinaisons th\u00e9rapeutiques avec les traitements existants.<\/li>\n<\/ol>\n<p>Cette avanc\u00e9e majeure dans la compr\u00e9hension des m\u00e9canismes cellulaires impliqu\u00e9s dans la maladie d&rsquo;Alzheimer offre un nouvel espoir pour les millions de personnes touch\u00e9es par cette <a href=\"https:\/\/www.futura-sciences.com\/sante\/dossiers\/biologie-poil-sous-tous-angles-775\/page\/7\/\" title=\"Le poil humain et sa pathologie\" target=\"_blank\" rel=\"noopener\">pathologie<\/a>\u00a0d\u00e9vastatrice. En ciblant les astrocytes plut\u00f4t que les neurones, les chercheurs ouvrent la voie \u00e0 une approche radicalement nouvelle du traitement de la d\u00e9mence, promettant potentiellement des r\u00e9sultats plus efficaces et moins d&rsquo;effets secondaires.<\/p>\n","protected":false},"excerpt":{"rendered":"La maladie d&rsquo;Alzheimer, fl\u00e9au du vieillissement c\u00e9r\u00e9bral, pourrait bient\u00f4t conna\u00eetre un tournant majeur dans son traitement. Une \u00e9quipe&hellip;\n","protected":false},"author":2,"featured_media":619197,"comment_status":"","ping_status":"","sticky":false,"template":"","format":"standard","meta":{"footnotes":""},"categories":[10],"tags":[63527,231,286,1011,27,72,60543,278,70049,71,72913,30872],"class_list":{"0":"post-619196","1":"post","2":"type-post","3":"status-publish","4":"format-standard","5":"has-post-thumbnail","7":"category-sante","8":"tag-astrocytes","9":"tag-cerveau","10":"tag-declin-cognitif","11":"tag-fr","12":"tag-france","13":"tag-health","14":"tag-inflammation-cerebrale","15":"tag-les-tendances","16":"tag-maladie-d039alzheimer","17":"tag-sante","18":"tag-traitement-d039alzheimer","19":"tag-vieillissement-cerebral"},"share_on_mastodon":{"url":"https:\/\/pubeurope.com\/@fr\/115772483643567567","error":""},"_links":{"self":[{"href":"https:\/\/www.europesays.com\/fr\/wp-json\/wp\/v2\/posts\/619196","targetHints":{"allow":["GET"]}}],"collection":[{"href":"https:\/\/www.europesays.com\/fr\/wp-json\/wp\/v2\/posts"}],"about":[{"href":"https:\/\/www.europesays.com\/fr\/wp-json\/wp\/v2\/types\/post"}],"author":[{"embeddable":true,"href":"https:\/\/www.europesays.com\/fr\/wp-json\/wp\/v2\/users\/2"}],"replies":[{"embeddable":true,"href":"https:\/\/www.europesays.com\/fr\/wp-json\/wp\/v2\/comments?post=619196"}],"version-history":[{"count":0,"href":"https:\/\/www.europesays.com\/fr\/wp-json\/wp\/v2\/posts\/619196\/revisions"}],"wp:featuredmedia":[{"embeddable":true,"href":"https:\/\/www.europesays.com\/fr\/wp-json\/wp\/v2\/media\/619197"}],"wp:attachment":[{"href":"https:\/\/www.europesays.com\/fr\/wp-json\/wp\/v2\/media?parent=619196"}],"wp:term":[{"taxonomy":"category","embeddable":true,"href":"https:\/\/www.europesays.com\/fr\/wp-json\/wp\/v2\/categories?post=619196"},{"taxonomy":"post_tag","embeddable":true,"href":"https:\/\/www.europesays.com\/fr\/wp-json\/wp\/v2\/tags?post=619196"}],"curies":[{"name":"wp","href":"https:\/\/api.w.org\/{rel}","templated":true}]}}