{"id":619203,"date":"2025-12-24T03:47:11","date_gmt":"2025-12-24T03:47:11","guid":{"rendered":"https:\/\/www.europesays.com\/fr\/619203\/"},"modified":"2025-12-24T03:47:11","modified_gmt":"2025-12-24T03:47:11","slug":"avant-de-refaire-votre-cuisine-en-2026-ce-plan-de-cuisine-habitee-enterre-le-tout-blanc-clinique","status":"publish","type":"post","link":"https:\/\/www.europesays.com\/fr\/619203\/","title":{"rendered":"Avant de refaire votre cuisine en 2026, ce plan de cuisine habit\u00e9e enterre le tout-blanc clinique"},"content":{"rendered":"<p>Les cuisines immacul\u00e9es, rang\u00e9es au cordeau et \u00e9clair\u00e9es comme<br \/>\ndes blocs op\u00e9ratoires perdent du terrain. En 2026, les tendances<br \/>\nglissent vers des espaces plus doux, o\u00f9 l\u2019on cuisine, travaille,<br \/>\ndiscute et laisse tra\u00eener quelques beaux objets sans culpabiliser.<br \/>\nCette envie de chaleur ne se limite pas \u00e0 quelques plantes ou \u00e0 un<br \/>\ntapis pos\u00e9 \u00e0 la h\u00e2te.<\/p>\n<p>Architectes et d\u00e9corateurs parlent d\u00e9sormais de <strong>cuisine<br \/>\nhabit\u00e9e<\/strong>, un style inspir\u00e9 du fameux esprit<br \/>\nlived-in : mati\u00e8res qui se patinent, meubles color\u00e9s,<br \/>\nvaisselle visible, coin repas confortable. Une cuisine<br \/>\ncalifornienne dessin\u00e9e par <strong>Heidi Caillier<\/strong>, rep\u00e9r\u00e9e<br \/>\npar le magazine Homes &amp; Gardens, cristallise parfaitement ces<br \/>\n<strong>tendances cuisine 2026<\/strong>.<\/p>\n<p>Tendances cuisine 2026 : la cuisine habit\u00e9e remplace le<br \/>\nlaboratoire<\/p>\n<p>Les projets r\u00e9cents montrent la m\u00eame bascule : fin du tout-blanc<br \/>\nbrillant, place aux neutres chauds, aux verts profonds, au bois<br \/>\nbien pr\u00e9sent. Les cuisines s\u2019ouvrent sur le salon, les \u00eelots<br \/>\nprennent des <strong>lignes courbes<\/strong>, les ar\u00eates<br \/>\ns\u2019adoucissent, les circulations se pr\u00e9voient entre 90 et 110 cm<br \/>\nautour des volumes. Les plans se situent en g\u00e9n\u00e9ral vers 90\u201394 cm<br \/>\nde hauteur pour rester confortables au quotidien.<\/p>\n<p>Dans ce d\u00e9cor plus souple, les objets comptent autant que<br \/>\nl\u2019architecture. La <strong>cocotte en fonte<\/strong> revient en<br \/>\nforce, pos\u00e9e sur l\u2019\u00eelot ou sur des \u00e9tag\u00e8res ouvertes. \u00ab\u00a0La cocotte<br \/>\nen fonte devient aujourd\u00a0\u00bbhui un objet de d\u00e9coration que les<br \/>\ncollectionneurs et amateurs de design s&rsquo;arrachent\u00a0\u00bb, observe le site<br \/>\nTrucmania. Symbole de plats mijot\u00e9s et d\u2019<strong>art de la<br \/>\nlenteur<\/strong>, elle incarne ce retour \u00e0 une cuisine familiale,<br \/>\ndurable et assum\u00e9e comme pi\u00e8ce de vie.<\/p>\n<p>La cuisine californienne d\u2019Heidi Caillier, manifeste de la<br \/>\ncuisine habit\u00e9e<\/p>\n<p>Dans une maison de Sonoma, en Californie, Heidi Caillier a<br \/>\nimagin\u00e9 une cuisine qui dialogue avec le paysage tout en restant<br \/>\nintemporelle. Murs et plafonds sont peints dans un cr\u00e8me<br \/>\nchaleureux, les meubles bas adoptent un vert profond, les bois<br \/>\nsombres structurent l\u2019ensemble. Le sol en damier peint conserve la<br \/>\ntexture du parquet tout en ajoutant un graphisme classique. \u00ab\u00a0Cette<br \/>\ncuisine est un cours magistral sur la fa\u00e7on de composer une cuisine<br \/>\nchaleureuse, superpos\u00e9e et douillette qui incarne les plus grandes<br \/>\ntendances cuisine de 2026\u00a0\u00bb, analyse le magazine Homes &amp;<br \/>\nGardens.<\/p>\n<p>Tout repose sur les couches de mati\u00e8re : lambris muraux, stores<br \/>\nen cannage, vannerie, tableaux anciens, moules en cuivre,<br \/>\nc\u00e9ramiques pos\u00e9es sur l\u2019\u00eelot. Le coin repas retient<br \/>\nparticuli\u00e8rement l\u2019attention, avec une grande table en bois fonc\u00e9<br \/>\naux bords festonn\u00e9s et un banc mural en vannerie qui lib\u00e8re le sol.<br \/>\nUn coussin d\u2019assise fleuri, un autre plus contemporain et un lustre<br \/>\n\u00e0 trois lumi\u00e8res cr\u00e9ent une atmosph\u00e8re intime, id\u00e9ale pour<br \/>\nprolonger la conversation apr\u00e8s le repas.<\/p>\n<p>Comment adapter ce plan pour une<br \/>\ncuisine habit\u00e9e chez vous en 2026<\/p>\n<p>Pour s\u2019inspirer de ce mod\u00e8le, tout commence par la palette. Des<br \/>\nmurs cr\u00e8me ou sable, des fa\u00e7ades vert fonc\u00e9, bordeaux ou<br \/>\nterracotta, un plan en granit brun ou en compact effet marbre<br \/>\nposent la base. On ajoute du ch\u00eane miel ou du noyer adouci, une<br \/>\nrobinetterie en laiton bross\u00e9, une <strong>cr\u00e9dence<br \/>\ntextur\u00e9e<\/strong> en pierre fritt\u00e9e ou en carreaux allong\u00e9s.<br \/>\nL\u2019\u00eelot, s\u2019il existe, gagne \u00e0 \u00eatre l\u00e9g\u00e8rement arrondi, avec des<br \/>\nchants doux et un d\u00e9bord snack de 25 \u00e0 30 cm.<\/p>\n<p>Concr\u00e8tement, vous pouvez avancer par \u00e9tapes :<\/p>\n<ul>\n<li>repeindre murs et fa\u00e7ades dans un duo cr\u00e8me + couleur profonde<br \/>\n;<\/li>\n<li>changer poign\u00e9es et robinet pour des mod\u00e8les en bois et laiton<br \/>\n;<\/li>\n<li>poser une nouvelle cr\u00e9dence textur\u00e9e et cr\u00e9er un petit coin<br \/>\nrepas ;<\/li>\n<li>sortir cocotte en fonte, belles c\u00e9ramiques et vases sur une<br \/>\n\u00e9tag\u00e8re ouverte.<\/li>\n<\/ul>\n<p>La cl\u00e9 reste l\u2019\u00e9quilibre entre rangements invisibles et objets<br \/>\ntotems bien en vue. Les caissons ferm\u00e9s cachent l\u2019\u00e9lectrom\u00e9nager et<br \/>\nle stock, pendant qu\u2019une niche ou quelques \u00e9tag\u00e8res racontent la<br \/>\nvie de la maison. Une cuisine commence \u00e0 para\u00eetre vraiment habit\u00e9e<br \/>\nquand elle r\u00e9unit une palette chaude, au moins trois mati\u00e8res<br \/>\ndiff\u00e9rentes, un coin pour s\u2019asseoir et une lumi\u00e8re douce le soir,<br \/>\ntout en restant fluide et agr\u00e9able \u00e0 utiliser au quotidien.<\/p>\n","protected":false},"excerpt":{"rendered":"Les cuisines immacul\u00e9es, rang\u00e9es au cordeau et \u00e9clair\u00e9es comme des blocs op\u00e9ratoires perdent du terrain. En 2026, les&hellip;\n","protected":false},"author":2,"featured_media":619204,"comment_status":"","ping_status":"","sticky":false,"template":"","format":"standard","meta":{"footnotes":""},"categories":[6],"tags":[930,5734,3917,15021,35,17488,3562,902,1805,33,34,3026,72915,1011,27,72914,5355,66879,3585,15161],"class_list":{"0":"post-619203","1":"post","2":"type-post","3":"status-publish","4":"format-standard","5":"has-post-thumbnail","7":"category-economie","8":"tag-le","9":"tag-5734","10":"tag-avant","11":"tag-blanc","12":"tag-business","13":"tag-ce","14":"tag-clinique","15":"tag-cuisine","16":"tag-de","17":"tag-economie","18":"tag-economy","19":"tag-en","20":"tag-enterre","21":"tag-fr","22":"tag-france","23":"tag-habitee","24":"tag-plan","25":"tag-refaire","26":"tag-tout","27":"tag-votre"},"share_on_mastodon":{"url":"https:\/\/pubeurope.com\/@fr\/115772499425605309","error":""},"_links":{"self":[{"href":"https:\/\/www.europesays.com\/fr\/wp-json\/wp\/v2\/posts\/619203","targetHints":{"allow":["GET"]}}],"collection":[{"href":"https:\/\/www.europesays.com\/fr\/wp-json\/wp\/v2\/posts"}],"about":[{"href":"https:\/\/www.europesays.com\/fr\/wp-json\/wp\/v2\/types\/post"}],"author":[{"embeddable":true,"href":"https:\/\/www.europesays.com\/fr\/wp-json\/wp\/v2\/users\/2"}],"replies":[{"embeddable":true,"href":"https:\/\/www.europesays.com\/fr\/wp-json\/wp\/v2\/comments?post=619203"}],"version-history":[{"count":0,"href":"https:\/\/www.europesays.com\/fr\/wp-json\/wp\/v2\/posts\/619203\/revisions"}],"wp:featuredmedia":[{"embeddable":true,"href":"https:\/\/www.europesays.com\/fr\/wp-json\/wp\/v2\/media\/619204"}],"wp:attachment":[{"href":"https:\/\/www.europesays.com\/fr\/wp-json\/wp\/v2\/media?parent=619203"}],"wp:term":[{"taxonomy":"category","embeddable":true,"href":"https:\/\/www.europesays.com\/fr\/wp-json\/wp\/v2\/categories?post=619203"},{"taxonomy":"post_tag","embeddable":true,"href":"https:\/\/www.europesays.com\/fr\/wp-json\/wp\/v2\/tags?post=619203"}],"curies":[{"name":"wp","href":"https:\/\/api.w.org\/{rel}","templated":true}]}}