{"id":619205,"date":"2025-12-24T03:48:39","date_gmt":"2025-12-24T03:48:39","guid":{"rendered":"https:\/\/www.europesays.com\/fr\/619205\/"},"modified":"2025-12-24T03:48:39","modified_gmt":"2025-12-24T03:48:39","slug":"des-passagers-sautent-de-lavion-apres-avoir-attendu-des-heures-sur-le-tarmac","status":"publish","type":"post","link":"https:\/\/www.europesays.com\/fr\/619205\/","title":{"rendered":"Des passagers sautent de l\u2019avion apr\u00e8s avoir attendu des heures sur le tarmac"},"content":{"rendered":"<p>Ils n\u2019ont pas eu peur de faire le grand saut. Plut\u00f4t que d\u2019attendre l\u2019arriv\u00e9e des escaliers mobiles, des passagers bloqu\u00e9s dans leur avion ce vendredi \u00e0 l\u2019a\u00e9roport de Kindu, en <a href=\"https:\/\/www.20minutes.fr\/monde\/republique_democratique_du_congo\/\" class=\"c-link c-link--is-underlined\" target=\"_blank\" rel=\"noopener\">R\u00e9publique d\u00e9mocratique du Congo<\/a>, ont pr\u00e9f\u00e9r\u00e9 sauter de l\u2019appareil pour rejoindre le tarmac, rapporte <a href=\"https:\/\/www.bfmtv.com\/economie\/entreprises\/transports\/faute-d-escalier-les-passagers-de-cet-avion-d-air-congo-doivent-sauter-de-l-avion-a-au-moins-3-metres-de-hauteur-pour-debarquer_AN-202512220145.html\" rel=\"nofollow noopener\" target=\"_blank\" class=\"c-link c-link--is-underlined\">BFM Business<\/a>.<\/p>\n<p>En provenance de Kinshasa, le <a href=\"https:\/\/www.20minutes.fr\/economie\/boeing\/\" class=\"c-link c-link--is-underlined\" target=\"_blank\" rel=\"noopener\">Boeing<\/a> 737-800 de la compagnie Air Congo \u00e9tait arriv\u00e9 \u00e0 l\u2019heure \u00e0 destination. Probl\u00e8me\u00a0: aucun escalier n\u2019a \u00e9t\u00e9 d\u00e9ploy\u00e9 pour faire d\u00e9barquer les <a href=\"https:\/\/www.20minutes.fr\/dossier\/passagers\" class=\"c-link c-link--is-underlined\" target=\"_blank\" rel=\"noopener\">passagers<\/a> de l\u2019avion. Ils ont donc d\u00fb patienter plusieurs heures, de quoi faire monter la tension \u00e0 bord. Exc\u00e9d\u00e9s par l\u2019attente, certains passagers ont donc d\u00e9cid\u00e9 de descendre \u00e0 tout prix.<\/p>\n<p>Pas de toboggans de secours<\/p>\n<p>Sur des vid\u00e9os partag\u00e9es sur les <a href=\"https:\/\/www.20minutes.fr\/dossier\/reseaux_sociaux\" class=\"c-link c-link--is-underlined\" target=\"_blank\" rel=\"noopener\">r\u00e9seaux sociaux<\/a>, on peut les voir sauter les uns apr\u00e8s les autres apr\u00e8s avoir ouvert une porte, malgr\u00e9 les trois m\u00e8tres entre l\u2019<a href=\"https:\/\/www.20minutes.fr\/dossier\/avion\" class=\"c-link c-link--is-underlined\" target=\"_blank\" rel=\"noopener\">avion<\/a> et le sol. Une sc\u00e8ne ubuesque \u00e0 laquelle ont assist\u00e9 les agents de l\u2019a\u00e9roport et les policiers, qui ont pr\u00e9f\u00e9r\u00e9 ne pas intervenir.<\/p>\n<\/p>\n<p>En temps normal, lorsque les escaliers mobiles sont absents, les r\u00e8gles de s\u00e9curit\u00e9 de l\u2019aviation civile pr\u00e9voient l\u2019utilisation des toboggans de <a href=\"https:\/\/www.20minutes.fr\/dossier\/secours\" class=\"c-link c-link--is-underlined\" target=\"_blank\" rel=\"noopener\">secours<\/a>. Sauf que ces derniers n\u2019ont pas \u00e9t\u00e9 mis en place pour des raisons \u00e9conomiques et de temps d\u2019immobilisation de l\u2019appareil au sol, selon les <a href=\"https:\/\/www.20minutes.fr\/arts-stars\/medias\/\" class=\"c-link c-link--is-underlined\" target=\"_blank\" rel=\"noopener\">m\u00e9dias<\/a> congolais. Les autorit\u00e9s locales ont consid\u00e9r\u00e9 qu\u2019aucune urgence ne justifiait leur d\u00e9ploiement. Les passagers, eux, n\u2019\u00e9taient pas de cet avis. \u00ab\u00a0On avait l\u2019impression d\u2019avoir \u00e9t\u00e9 oubli\u00e9s\u00a0\u00bb, a notamment d\u00e9clar\u00e9 l\u2019un d\u2019entre eux.<\/p>\n<p>Malgr\u00e9 les risques d\u2019un tel saut, aucun voyageur n\u2019a \u00e9t\u00e9 bless\u00e9.<\/p>\n","protected":false},"excerpt":{"rendered":"Ils n\u2019ont pas eu peur de faire le grand saut. Plut\u00f4t que d\u2019attendre l\u2019arriv\u00e9e des escaliers mobiles, des&hellip;\n","protected":false},"author":2,"featured_media":619206,"comment_status":"","ping_status":"","sticky":false,"template":"","format":"standard","meta":{"footnotes":""},"categories":[5],"tags":[11,663,37,58,1011,27,14,74,12,4456,896,28],"class_list":{"0":"post-619205","1":"post","2":"type-post","3":"status-publish","4":"format-standard","5":"has-post-thumbnail","7":"category-international","8":"tag-actualites","9":"tag-aeroport","10":"tag-avion","11":"tag-divertissement","12":"tag-fr","13":"tag-france","14":"tag-international","15":"tag-monde","16":"tag-news","17":"tag-republique-democratique-du-congo","18":"tag-tas-vu","19":"tag-world"},"share_on_mastodon":{"url":"https:\/\/pubeurope.com\/@fr\/115772503108827016","error":""},"_links":{"self":[{"href":"https:\/\/www.europesays.com\/fr\/wp-json\/wp\/v2\/posts\/619205","targetHints":{"allow":["GET"]}}],"collection":[{"href":"https:\/\/www.europesays.com\/fr\/wp-json\/wp\/v2\/posts"}],"about":[{"href":"https:\/\/www.europesays.com\/fr\/wp-json\/wp\/v2\/types\/post"}],"author":[{"embeddable":true,"href":"https:\/\/www.europesays.com\/fr\/wp-json\/wp\/v2\/users\/2"}],"replies":[{"embeddable":true,"href":"https:\/\/www.europesays.com\/fr\/wp-json\/wp\/v2\/comments?post=619205"}],"version-history":[{"count":0,"href":"https:\/\/www.europesays.com\/fr\/wp-json\/wp\/v2\/posts\/619205\/revisions"}],"wp:featuredmedia":[{"embeddable":true,"href":"https:\/\/www.europesays.com\/fr\/wp-json\/wp\/v2\/media\/619206"}],"wp:attachment":[{"href":"https:\/\/www.europesays.com\/fr\/wp-json\/wp\/v2\/media?parent=619205"}],"wp:term":[{"taxonomy":"category","embeddable":true,"href":"https:\/\/www.europesays.com\/fr\/wp-json\/wp\/v2\/categories?post=619205"},{"taxonomy":"post_tag","embeddable":true,"href":"https:\/\/www.europesays.com\/fr\/wp-json\/wp\/v2\/tags?post=619205"}],"curies":[{"name":"wp","href":"https:\/\/api.w.org\/{rel}","templated":true}]}}