{"id":619207,"date":"2025-12-24T03:49:15","date_gmt":"2025-12-24T03:49:15","guid":{"rendered":"https:\/\/www.europesays.com\/fr\/619207\/"},"modified":"2025-12-24T03:49:15","modified_gmt":"2025-12-24T03:49:15","slug":"apres-lechec-du-budget-lecornu-ouvre-5-chantiers-prioritaires-pour-batir-un-compromis","status":"publish","type":"post","link":"https:\/\/www.europesays.com\/fr\/619207\/","title":{"rendered":"Apr\u00e8s l\u2019\u00e9chec du budget, Lecornu ouvre 5 chantiers prioritaires pour b\u00e2tir un compromis"},"content":{"rendered":"<p>        <img decoding=\"async\" loading=\"lazy\" src=\"https:\/\/www.europesays.com\/fr\/wp-content\/uploads\/2025\/12\/09206ca_upload-1-x9swbavtposc-capture-d-ecran-2025-12-23-195231.png\"  width=\"728\" height=\"418\" alt=\"Apr\u00e8s l\u2019\u00e9chec du budget, Lecornu ouvre 5\u00a0chantiers prioritaires pour batir un compromis\"\/>   <\/p>\n<p>Apr\u00e8s l\u2019\u00e9chec du budget, Lecornu ouvre 5\u00a0chantiers prioritaires pour batir un compromis<\/p>\n<p class=\"asset asset-text\">Apr\u00e8s son \u00e9chec<a href=\"https:\/\/www.huffingtonpost.fr\/politique\/article\/pourquoi-l-echec-de-la-cmp-sur-le-budget-est-un-vrai-revers-pour-sebastien-lecornu_258426.html\" target=\"_blank\" rel=\"noopener\"> \u00e0 faire adopter un budget avant le 31\u00a0d\u00e9cembre<\/a>, le Parlement validant <a href=\"https:\/\/www.huffingtonpost.fr\/politique\/article\/budget-2026-la-loi-speciale-la-derniere-carte-dans-la-manche-de-lecornu_258496.html\" target=\"_blank\" rel=\"noopener\">le principe d\u2019une loi sp\u00e9ciale<\/a>, S\u00e9bastien Lecornu veut \u00ab\u00a0b\u00e2tir un compromis\u00a0\u00bb pour avoir un budget en bonne et due forme en janvier. Ce mardi 23\u00a0d\u00e9cembre au soir, lors d\u2019une allocution depuis le perron de Matignon, le Premier ministre a donn\u00e9 ses cinq chantiers prioritaires pour que ce texte crucial soit adopt\u00e9 d\u00e8s les premi\u00e8res semaines de l\u2019ann\u00e9e prochaine.<\/p>\n<p class=\"asset asset-text\">\u00ab\u00a0Je vois cinq grandes familles de sujets\u00a0\u00bb sur lesquels <a href=\"https:\/\/www.huffingtonpost.fr\/politique\/video\/pourquoi-le-debat-sur-le-budget-ne-reprendra-pas-des-le-5-janvier-comme-le-voudrait-le-gouvernement_258537.html\" target=\"_blank\" rel=\"noopener\">les partis devront s\u2019accorder d\u00e8s la rentr\u00e9e<\/a>, a-t-il dit face aux journalistes. Celles-ci sont\u00a0: l\u2019agriculture, le financement des collectivit\u00e9s locales, le logement, la Nouvelle-Cal\u00e9donie, les investissements dans l\u2019universit\u00e9 et la recherche.<\/p>\n<p class=\"asset asset-text\">Pour cela, le Premier ministre compte travailler sans rel\u00e2che, y compris pendant les f\u00eates afin d\u2019arriver \u00e0 une convergence des groupes favorables \u00e0 un compromis.<\/p>\n<p>    Les \u00ab\u00a0cinq grandes familles\u00a0\u00bb des priorit\u00e9s de Lecornu    <\/p>\n<p class=\"asset asset-text\">L\u2019agriculture est sans surprise l\u2019une des priorit\u00e9s de S\u00e9bastien Lecornu qui rappelle que \u00ab\u00a0toutes les aides agricoles et viticoles sont dans le budget\u00a0\u00bb, donc en suspens pour l\u2019instant. Le ministre l\u2019assure, \u00ab\u00a0nous ne pouvons pas faire d\u00e9faut \u00e0 ces femmes et ces hommes qui travaillent\u00a0\u00bb, alors que la crise agricole fait toujours rage et que des blocages \u00e9taient encore en cours ce mardi.<\/p>\n<p class=\"asset asset-text\">En ce qui concerne le financement des collectivit\u00e9s locales, enjeu d\u00e9mocratique avant les municipales, le Premier ministre estime qu\u2019elles remplissent un r\u00f4le cl\u00e9\u00a0puisqu\u2019elles participent \u00e0 l\u2019activit\u00e9 \u00e9conomique du territoire, pour l\u2019accompagnement social, et sont une \u00ab\u00a0force essentielle\u00a0\u00bb pour la transition \u00e9cologique. Il cite notamment le Fonds Vert, comme dispositif essentiel.<\/p>\n<p class=\"asset asset-text\">En troisi\u00e8me priorit\u00e9, le chef du gouvernent \u00e9voque la question de l\u2019am\u00e9lioration de l\u2019offre du logement. Pour lui, le diagnostic est clair\u00a0: \u00ab\u00a0La situation actuelle n\u2019est pas satisfaisante\u00a0\u00bb, estime-t-il, ajoutant que le statut du bailleur priv\u00e9 d\u00e8s 2026\u00a0serait une solution structurante.<\/p>\n<p class=\"asset asset-text\">S\u00e9bastien Lecornu n\u2019oublie pas non plus les Outre-mer\u00a0et notamment le plan concernant la Nouvelle-Cal\u00e9donie, enjeu tr\u00e8s pr\u00e9gnant ces derniers mois. Il termine en \u00e9voquant la n\u00e9cessit\u00e9 de \u00ab\u00a0pr\u00e9parer l\u2019avenir de notre pays\u00a0\u00bb, notamment gr\u00e2ce aux investissements dans la recherche, dans les universit\u00e9s et dans la formation pour les jeunes. \u00ab\u00a0Ces cinq grands th\u00e8mes doivent nous permettre de nous rassembler. Nous devons y arriver\u00a0\u00bb, conclut S\u00e9bastien Lecornu.<\/p>\n<p>                     Mettre les \u00ab\u00a0calculs politiques\u00a0de c\u00f4t\u00e9\u00a0\u00bb    <\/p>\n<p class=\"asset asset-text\">Lors de son allocution, le Premier ministre s\u2019est dit \u00ab\u00a0persuad\u00e9\u00a0\u00bb que l\u2019adoption d\u2019un budget pour l\u2019\u00c9tat \u00ab\u00a0est possible, si les calculs politiques sont mis de c\u00f4t\u00e9.\u00a0\u00bb \u00ab\u00a0Prendre le temps de b\u00e2tir un bon budget dans une d\u00e9mocratie comme la France n\u2019est pas une faiblesse\u00a0\u00bb, a-t-il d\u00e9clar\u00e9, ajoutant\u00a0: \u00ab\u00a0Il faut donc un budget en janvier et notre d\u00e9ficit doit \u00eatre r\u00e9duit \u00e0 moins de 5\u00a0% du PIB en 2026. Je reste persuad\u00e9 que cela est possible, si les calculs politiques sont mis de c\u00f4t\u00e9, le Parlement prendra ses responsabilit\u00e9s, le gouvernement aussi\u00a0\u00bb.<\/p>\n<p class=\"asset asset-text\">Mais les profondes divergences entre l\u2019Assembl\u00e9e et le S\u00e9nat, hostile \u00e0 tout pr\u00e9l\u00e8vement suppl\u00e9mentaire, ont emp\u00each\u00e9 l\u2019approbation du second texte budg\u00e9taire, celui sur le financement de l\u2019\u00c9tat.\u00a0Un \u00ab\u00a0l\u00e9ger d\u00e9calage horaire\u00a0\u00bb entre les deux chambres, a imag\u00e9 Lecornu mardi devant l\u2019Assembl\u00e9e.<\/p>\n<p class=\"asset asset-text\">Les parlementaires se retrouveront donc en d\u00e9but d\u2019ann\u00e9e pour de nouvelles joutes sur ce texte, alors que la France est confront\u00e9e \u00e0 un endettement croissant et que les discussions n\u2019ont pas permis de dessiner une trajectoire de r\u00e9duction des d\u00e9ficits.<\/p>\n","protected":false},"excerpt":{"rendered":"Apr\u00e8s l\u2019\u00e9chec du budget, Lecornu ouvre 5\u00a0chantiers prioritaires pour batir un compromis Apr\u00e8s son \u00e9chec \u00e0 faire adopter&hellip;\n","protected":false},"author":2,"featured_media":619208,"comment_status":"","ping_status":"","sticky":false,"template":"","format":"standard","meta":{"footnotes":""},"categories":[4],"tags":[11,1003,55584,1011,27,12,316,25,11067],"class_list":{"0":"post-619207","1":"post","2":"type-post","3":"status-publish","4":"format-standard","5":"has-post-thumbnail","7":"category-france","8":"tag-actualites","9":"tag-budget","10":"tag-budget-de-l-etat","11":"tag-fr","12":"tag-france","13":"tag-news","14":"tag-politique","15":"tag-republique-francaise","16":"tag-sebastien-lecornu"},"share_on_mastodon":{"url":"https:\/\/pubeurope.com\/@fr\/115772508235828028","error":""},"_links":{"self":[{"href":"https:\/\/www.europesays.com\/fr\/wp-json\/wp\/v2\/posts\/619207","targetHints":{"allow":["GET"]}}],"collection":[{"href":"https:\/\/www.europesays.com\/fr\/wp-json\/wp\/v2\/posts"}],"about":[{"href":"https:\/\/www.europesays.com\/fr\/wp-json\/wp\/v2\/types\/post"}],"author":[{"embeddable":true,"href":"https:\/\/www.europesays.com\/fr\/wp-json\/wp\/v2\/users\/2"}],"replies":[{"embeddable":true,"href":"https:\/\/www.europesays.com\/fr\/wp-json\/wp\/v2\/comments?post=619207"}],"version-history":[{"count":0,"href":"https:\/\/www.europesays.com\/fr\/wp-json\/wp\/v2\/posts\/619207\/revisions"}],"wp:featuredmedia":[{"embeddable":true,"href":"https:\/\/www.europesays.com\/fr\/wp-json\/wp\/v2\/media\/619208"}],"wp:attachment":[{"href":"https:\/\/www.europesays.com\/fr\/wp-json\/wp\/v2\/media?parent=619207"}],"wp:term":[{"taxonomy":"category","embeddable":true,"href":"https:\/\/www.europesays.com\/fr\/wp-json\/wp\/v2\/categories?post=619207"},{"taxonomy":"post_tag","embeddable":true,"href":"https:\/\/www.europesays.com\/fr\/wp-json\/wp\/v2\/tags?post=619207"}],"curies":[{"name":"wp","href":"https:\/\/api.w.org\/{rel}","templated":true}]}}