{"id":619211,"date":"2025-12-24T03:54:31","date_gmt":"2025-12-24T03:54:31","guid":{"rendered":"https:\/\/www.europesays.com\/fr\/619211\/"},"modified":"2025-12-24T03:54:31","modified_gmt":"2025-12-24T03:54:31","slug":"municipales-2026-marc-chassaubene-entre-dans-la-course-pour-la-mairie-de-saint-etienne","status":"publish","type":"post","link":"https:\/\/www.europesays.com\/fr\/619211\/","title":{"rendered":"Municipales 2026 : Marc Chassaub\u00e9n\u00e9 entre dans la course pour la mairie de Saint-\u00c9tienne"},"content":{"rendered":"<p>                <a href=\"https:\/\/www.saint-etienne.fr\/agenda\/visite-guidee-en-petit-train\" target=\"_blank\" aria-label=\"petit train de noel\" rel=\"noopener\"><img loading=\"lazy\" decoding=\"async\" src=\"https:\/\/www.europesays.com\/fr\/wp-content\/uploads\/2025\/11\/petit-train-de-noel.jpeg\" alt=\"\"   width=\"2560\" height=\"738\"\/><\/a><\/p>\n<p>Le paysage politique st\u00e9phanois s\u2019enrichit d\u2019une nouvelle candidature pour les \u00e9lections municipales de 2026. Marc Chassaub\u00e9n\u00e9, actuel premier adjoint \u00e0 la mairie de Saint-\u00c9tienne, s\u2019appr\u00eate \u00e0 officialiser sa candidature pour succ\u00e9der \u00e0 Jean-Pierre Berger \u00e0 la t\u00eate de la ville. Cette annonce, attendue ce mardi matin lors d\u2019une conf\u00e9rence de presse organis\u00e9e dans un \u00e9tablissement de la place Jean-Jaur\u00e8s, marque le d\u00e9but d\u2019une campagne qui s\u2019annonce disput\u00e9e.<\/p>\n<p>Un parcours ancr\u00e9 dans la culture et la m\u00e9tropole<\/p>\n<p>Figura importante de l\u2019\u00e9quipe municipale depuis plus d\u2019une d\u00e9cennie, Marc Chassaub\u00e9n\u00e9 occupe depuis 2014 les fonctions d\u2019adjoint d\u00e9l\u00e9gu\u00e9 \u00e0 la culture et au design. Son action s\u2019\u00e9tend \u00e9galement \u00e0 l\u2019\u00e9chelle intercommunale o\u00f9 il exerce les responsabilit\u00e9s de vice-pr\u00e9sident de Saint-\u00c9tienne M\u00e9tropole. Cette double casquette lui conf\u00e8re une connaissance approfondie des enjeux locaux et m\u00e9tropolitains.<\/p>\n<p>Le contexte post-Perdriau<\/p>\n<p>La candidature de Chassaub\u00e9n\u00e9 intervient dans un contexte politique particulier, marqu\u00e9 par les turbulences judiciaires qui ont secou\u00e9 la municipalit\u00e9. Initialement pressenti pour assurer la succession imm\u00e9diate de Ga\u00ebl Perdriau apr\u00e8s sa condamnation et sa d\u00e9mission, il avait finalement vu Jean-Pierre Berger acc\u00e9der au fauteuil de maire lors des \u00e9lections internes de d\u00e9cembre 2025. Cette fois, c\u2019est par la voie d\u00e9mocratique des urnes qu\u2019il entend conqu\u00e9rir l\u2019H\u00f4tel de Ville.<\/p>\n<p>Une candidature dans la continuit\u00e9<\/p>\n<p>Proche collaborateur et soutien affich\u00e9 de l\u2019ancien maire condamn\u00e9, Marc Chassaub\u00e9n\u00e9 incarne une forme de continuit\u00e9 avec la gouvernance pr\u00e9c\u00e9dente. Sa position de premier adjoint dans la nouvelle \u00e9quipe municipale lui offre une visibilit\u00e9 et une l\u00e9gitimit\u00e9 pour porter un projet municipal qu\u2019il devra n\u00e9anmoins distinguer du bilan controvers\u00e9 de son pr\u00e9d\u00e9cesseur.<\/p>\n<p>Avec cette d\u00e9claration pr\u00e9coce, plus d\u2019un an avant le scrutin, Marc Chassaub\u00e9n\u00e9 prend date et s\u2019impose comme l\u2019un des premiers candidats d\u00e9clar\u00e9s pour les municipales st\u00e9phanoises.<\/p>\n","protected":false},"excerpt":{"rendered":"Le paysage politique st\u00e9phanois s\u2019enrichit d\u2019une nouvelle candidature pour les \u00e9lections municipales de 2026. Marc Chassaub\u00e9n\u00e9, actuel premier&hellip;\n","protected":false},"author":2,"featured_media":561279,"comment_status":"","ping_status":"","sticky":false,"template":"","format":"standard","meta":{"footnotes":""},"categories":[9653],"tags":[328,1111,11,2430,1777,674,1011,27,3367,12,316,25,4001],"class_list":{"0":"post-619211","1":"post","2":"type-post","3":"status-publish","4":"format-standard","5":"has-post-thumbnail","7":"category-saint-etienne","8":"tag-a-la-une","9":"tag-actu","10":"tag-actualites","11":"tag-auvergne-rhone-alpes","12":"tag-eu","13":"tag-europe","14":"tag-fr","15":"tag-france","16":"tag-loire","17":"tag-news","18":"tag-politique","19":"tag-republique-francaise","20":"tag-saint-etienne"},"share_on_mastodon":{"url":"https:\/\/pubeurope.com\/@fr\/115772527234098460","error":""},"_links":{"self":[{"href":"https:\/\/www.europesays.com\/fr\/wp-json\/wp\/v2\/posts\/619211","targetHints":{"allow":["GET"]}}],"collection":[{"href":"https:\/\/www.europesays.com\/fr\/wp-json\/wp\/v2\/posts"}],"about":[{"href":"https:\/\/www.europesays.com\/fr\/wp-json\/wp\/v2\/types\/post"}],"author":[{"embeddable":true,"href":"https:\/\/www.europesays.com\/fr\/wp-json\/wp\/v2\/users\/2"}],"replies":[{"embeddable":true,"href":"https:\/\/www.europesays.com\/fr\/wp-json\/wp\/v2\/comments?post=619211"}],"version-history":[{"count":0,"href":"https:\/\/www.europesays.com\/fr\/wp-json\/wp\/v2\/posts\/619211\/revisions"}],"wp:featuredmedia":[{"embeddable":true,"href":"https:\/\/www.europesays.com\/fr\/wp-json\/wp\/v2\/media\/561279"}],"wp:attachment":[{"href":"https:\/\/www.europesays.com\/fr\/wp-json\/wp\/v2\/media?parent=619211"}],"wp:term":[{"taxonomy":"category","embeddable":true,"href":"https:\/\/www.europesays.com\/fr\/wp-json\/wp\/v2\/categories?post=619211"},{"taxonomy":"post_tag","embeddable":true,"href":"https:\/\/www.europesays.com\/fr\/wp-json\/wp\/v2\/tags?post=619211"}],"curies":[{"name":"wp","href":"https:\/\/api.w.org\/{rel}","templated":true}]}}