{"id":619215,"date":"2025-12-24T04:00:50","date_gmt":"2025-12-24T04:00:50","guid":{"rendered":"https:\/\/www.europesays.com\/fr\/619215\/"},"modified":"2025-12-24T04:00:50","modified_gmt":"2025-12-24T04:00:50","slug":"video-jai-en-tete-la-coupe-du-monde-justo-piccardo-explique-son-choix-de-rester-au-mhr-jusquen-2029","status":"publish","type":"post","link":"https:\/\/www.europesays.com\/fr\/619215\/","title":{"rendered":"VIDEO \u00ab\u00a0J\u2019ai en t\u00eate la Coupe du monde\u00a0\u00bb\u00a0: Justo Piccardo explique son choix de rester au MHR jusqu\u2019en 2029"},"content":{"rendered":"<p>\n                                                                Le centre international argentin du MHR, Justo Piccardo (23 ans), a officiellement prolong\u00e9 son contrat avec le club h\u00e9raultais jusqu\u2019en 2029. Les raisons de ce choix fort.\n                            <\/p>\n<p>Jusqu\u2019\u00e0 pr\u00e9sent, le MHR a r\u00e9ussi ses paris. Des joueurs annonc\u00e9s en fin de course (Billy Vunipola), \u00e0 la retraite (Stuart Hogg) ou en recherche de seconde chance apr\u00e8s des soucis extra-sportifs (Wilfrid Hounkpatin, Mohamed Haouas), Montpellier en a relanc\u00e9 un paquet depuis un an et demi. Sur le terrain, l\u2019op\u00e9ration est un succ\u00e8s.<\/p>\n<p>Dernier pari en date, <a href=\"https:\/\/www.midilibre.fr\/2025\/12\/20\/mhr-justo-piccardo-poursuit-laventure-avec-montpellier-et-signe-un-contrat-longue-duree-13123345.php\" target=\"_blank\" rel=\"noopener\">Justo Piccardo<\/a>. Ce centre argentin de 23 ans au gabarit de bulldozer (1,83\u00a0m, 112\u00a0kg), sorti de la pampa cet \u00e9t\u00e9, avait \u00e9t\u00e9 recrut\u00e9 en juin dernier dans les derniers jours du mercato apr\u00e8s avoir \u00e9pat\u00e9 lors d\u2019un match Argentine \u2013 Lions Britanniques. Un contrat d\u2019un an aux \u00e9moluments peu \u00e9lev\u00e9s avait \u00e9t\u00e9 sign\u00e9.<\/p>\n<p>Quelques mois et\u00a0une paire de matches avec Montpellier et la s\u00e9lection plus tard, le gar\u00e7on de Buenos Aires attirait toutes les convoitises. Des propositions d\u2019Angleterre et d\u2019autres \u00e9quipes du Top 14 fusaient.<\/p>\n<p>Mais le week-end dernier, dans la foul\u00e9e de la victoire du MHR <a href=\"https:\/\/www.midilibre.fr\/2025\/12\/20\/direct-mhr-castres-montpellier-se-teste-face-aux-castrais-pour-entrer-dans-le-top-6-ce-samedi-a-16-h-35-13122904.php\" target=\"_blank\" rel=\"noopener\">contre le CO (33-31),<\/a> le club a annonc\u00e9 sa prolongation jusqu\u2019en 2029. \u00ab\u00a0Le projet du club, la qualit\u00e9 du\u00a0groupe qu\u2019on a, le fait que des jeunes aient prolong\u00e9\u2026 Puis je ne me voyais pas, trois mois apr\u00e8s mon arriv\u00e9e, partir\u00a0\u00bb, explique-t-il.<\/p>\n<p>\u00ab\u00a0Le Top 14, une comp\u00e9tition avec du chaos\u00a0\u00bb<\/p>\n<p>S\u2019il n\u2019a jou\u00e9 que cinq matches avec le club h\u00e9raultais depuis son arriv\u00e9e, Justo (se prononce \u00ab\u00a0Rousto\u00a0\u00bb) Piccardo a r\u00e9pondu aux attentes. Son profil puissant peut faire des ravages dans les ann\u00e9es \u00e0 venir. Ses prestations avec les Pumas cet automne le prouvent.<\/p>\n<p>\u00ab\u00a0Il est arriv\u00e9 un peu sur la pointe des pieds. Son profil ressemble \u00e0 ce qu\u2019on veut mettre en place. C\u2019est un joueur qui colle bien \u00e0 notre identit\u00e9. C\u2019est un Argentin, et on a une belle histoire avec les Argentins. Je suis content qu\u2019il ait accept\u00e9 de rester sur plusieurs saisons \u00e0 Montpellier\u00a0\u00bb, reconna\u00eet son manager, Joan Caudullo.<\/p>\n<\/p>\n<p>                    <img decoding=\"async\" class=\"responsive-img\" src=\"https:\/\/www.europesays.com\/fr\/wp-content\/uploads\/2025\/12\/1766548850_948_hqdefault.jpg\"\/><br \/>\n                <a class=\"stretched-link\" href=\"#paywall\" rel=\"js-anchor\"><\/p>\n<p>        <\/a><\/p>\n<p>Ce choix de rester dans l\u2019H\u00e9rault, Piccardo l\u2019a fait en se concertant avec son plus fid\u00e8le conseiller, Juan, son p\u00e8re. Et\u00a0avec une id\u00e9e pr\u00e9cise en t\u00eate. \u00ab\u00a0J\u2019aime \u00eatre ici, j\u2019aime le Top 14. C\u2019est une comp\u00e9tition avec du chaos, de la pression, beaucoup d\u2019intensit\u00e9. J\u2019ai en t\u00eate de disputer la prochaine Coupe du monde en 2027. Jouer ici m\u2019aidera \u00e0 coup s\u00fbr\u00a0\u00bb, assure l\u2019int\u00e9ress\u00e9.<\/p>\n<p>\u00ab\u00a0Je n\u2019ai pas peur de jouer beaucoup. Au contraire. Je n\u2019aime pas quand le staff me dit que je dois me reposer, que je ne peux pas \u00eatre sur la feuille. Je sais que \u00e7a va \u00eatre dur, mais je suis l\u00e0 pour apprendre. Puis je suis jeune, j\u2019ai plein d\u2019\u00e9nergie. C\u2019est un d\u00e9fi que je suis content de relever\u00a0\u00bb, conclut-il.<\/p>\n","protected":false},"excerpt":{"rendered":"Le centre international argentin du MHR, Justo Piccardo (23 ans), a officiellement prolong\u00e9 son contrat avec le club&hellip;\n","protected":false},"author":2,"featured_media":619216,"comment_status":"","ping_status":"","sticky":false,"template":"","format":"standard","meta":{"footnotes":""},"categories":[9599],"tags":[1111,11,1777,674,1011,27,7089,2208,12,2680,25,65087,517],"class_list":{"0":"post-619215","1":"post","2":"type-post","3":"status-publish","4":"format-standard","5":"has-post-thumbnail","7":"category-montpellier","8":"tag-actu","9":"tag-actualites","10":"tag-eu","11":"tag-europe","12":"tag-fr","13":"tag-france","14":"tag-herault","15":"tag-montpellier","16":"tag-news","17":"tag-occitanie","18":"tag-republique-francaise","19":"tag-rugby-xv","20":"tag-sport"},"share_on_mastodon":{"url":"https:\/\/pubeurope.com\/@fr\/115772554902687266","error":""},"_links":{"self":[{"href":"https:\/\/www.europesays.com\/fr\/wp-json\/wp\/v2\/posts\/619215","targetHints":{"allow":["GET"]}}],"collection":[{"href":"https:\/\/www.europesays.com\/fr\/wp-json\/wp\/v2\/posts"}],"about":[{"href":"https:\/\/www.europesays.com\/fr\/wp-json\/wp\/v2\/types\/post"}],"author":[{"embeddable":true,"href":"https:\/\/www.europesays.com\/fr\/wp-json\/wp\/v2\/users\/2"}],"replies":[{"embeddable":true,"href":"https:\/\/www.europesays.com\/fr\/wp-json\/wp\/v2\/comments?post=619215"}],"version-history":[{"count":0,"href":"https:\/\/www.europesays.com\/fr\/wp-json\/wp\/v2\/posts\/619215\/revisions"}],"wp:featuredmedia":[{"embeddable":true,"href":"https:\/\/www.europesays.com\/fr\/wp-json\/wp\/v2\/media\/619216"}],"wp:attachment":[{"href":"https:\/\/www.europesays.com\/fr\/wp-json\/wp\/v2\/media?parent=619215"}],"wp:term":[{"taxonomy":"category","embeddable":true,"href":"https:\/\/www.europesays.com\/fr\/wp-json\/wp\/v2\/categories?post=619215"},{"taxonomy":"post_tag","embeddable":true,"href":"https:\/\/www.europesays.com\/fr\/wp-json\/wp\/v2\/tags?post=619215"}],"curies":[{"name":"wp","href":"https:\/\/api.w.org\/{rel}","templated":true}]}}