{"id":619217,"date":"2025-12-24T04:06:12","date_gmt":"2025-12-24T04:06:12","guid":{"rendered":"https:\/\/www.europesays.com\/fr\/619217\/"},"modified":"2025-12-24T04:06:12","modified_gmt":"2025-12-24T04:06:12","slug":"grenoble-la-police-tire-sur-un-homme-menacant-arme-dun-couteau-pres-du-parc-mistral","status":"publish","type":"post","link":"https:\/\/www.europesays.com\/fr\/619217\/","title":{"rendered":"Grenoble. La police tire sur un homme mena\u00e7ant arm\u00e9 d&rsquo;un couteau pr\u00e8s du parc Mistral"},"content":{"rendered":"<p>                    Par<br \/>\n        <strong><br \/>\n            <a href=\"https:\/\/actu.fr\/auteur\/redaction-grenoble\" title=\"Consulter tous les articles de R\u00e9daction Grenoble\" target=\"_blank\" rel=\"noopener\">R\u00e9daction Grenoble<\/a><br \/>\n                    <\/strong><\/p>\n<p>        Publi\u00e9 le<\/p>\n<p>            22 d\u00e9c. 2025 \u00e0 11h06<br \/>\n        ; mis \u00e0 jour le 22 d\u00e9c. 2025 \u00e0 14h56    <\/p>\n<p>\u00c0 9h15, lundi 22 d\u00e9cembre, la <a href=\"https:\/\/actu.fr\/auvergne-rhone-alpes\/seyssinet-pariset_38485\/grenoble-une-femme-mortellement-percutee-par-un-tramway-la-ligne-c-coupee-d-urgence_63581830.html\" target=\"_blank\" rel=\"noopener\">ligne de tram C<\/a> s\u2019est <strong>bloqu\u00e9e au niveau de la station \u00ab\u00a0H\u00f4tel de Ville\u00a0\u00bb<\/strong> \u00e0 <a href=\"https:\/\/actu.fr\/auvergne-rhone-alpes\/grenoble_38185\" target=\"_blank\" rel=\"noopener\">Grenoble<\/a>. Le trafic n\u2019a pu reprendre progressivement qu\u2019aux alentours de 14h30.<\/p>\n<p class=\" wall-content\">En cause : une intervention polici\u00e8re lundi matin qui a termin\u00e9 par <strong>des coups de feu<\/strong> pr\u00e8s du boulevard Jean-Pain, comme r\u00e9v\u00e9l\u00e9 par <a href=\"https:\/\/c.ledauphine.com\/faits-divers-justice\/2025\/12\/22\/les-policiers-font-feu-sur-un-homme-arme-d-un-couteau-sur-le-boulevard-jean-pain\" target=\"_blank\" rel=\"noopener\">Le Dauphin\u00e9 Lib\u00e9r\u00e9<\/a>\u00a0et confirm\u00e9 par la r\u00e9daction.<\/p>\n<p>    <a href=\"https:\/\/www.google.com\/maps\/embed?pb=!1m18!1m12!1m3!1d2812.004974177971!2d5.7335234759225875!3d45.18699555189213!2m3!1f0!2f0!3f0!3m2!1i1024!2i768!4f13.1!3m3!1m2!1s0x478af4f3b8e1ead1%3A0x1b149f2fb8fc0001!2sBd%20Jean%20Pain%2C%2038000%20Grenoble!5e0!3m2!1sfr!2sfr!4v1766395539741!5m2!1sfr!2sfr\" title=\"Ouvrie le lien\" target=\"_blank\" rel=\"noopener\">Cliquez ici pour visualiser le contenu<\/a><\/p>\n<p class=\" wall-content\">La police nationale est intervenue apr\u00e8s avoir \u00e9t\u00e9 pr\u00e9venue de la pr\u00e9sence d\u2019un <strong>homme arm\u00e9 d\u2019un couteau<\/strong> autour du parc Paul-Mistral.<\/p>\n<p>Le suspect bless\u00e9<\/p>\n<p class=\" wall-content\">Sur place, les fonctionnaires ont \u00e9t\u00e9 oblig\u00e9s de faire feu sur l\u2019individu, qui <strong>mena\u00e7ait des personnes \u00e0 proximit\u00e9<\/strong> avec son arme.<\/p>\n<p class=\" wall-content\">Touch\u00e9, le suspect a \u00e9t\u00e9 pris en charge par les secours et \u00e9vacu\u00e9 vers le <a href=\"https:\/\/actu.fr\/tag\/chu-grenoble-alpes\" target=\"_blank\" rel=\"noopener\">CHU Grenoble-Alpes<\/a>, sans que ses jours ne soient en danger.<\/p>\n<p class=\" wall-content\">Un p\u00e9rim\u00e8tre a \u00e9t\u00e9 mis en place autour des lieux pour proc\u00e9der aux premi\u00e8res constatations.\u00a0<\/p>\n<p>Votre r\u00e9gion, votre actu !<\/p>\n<p>Recevez chaque jour les infos qui comptent pour vous.<\/p>\n<p>\t<a href=\"https:\/\/actu.fr\/newsletter\" class=\"ac-btn ac-btn--corner ac-btn--medium ac-btn--blue800\" target=\"_blank\" rel=\"noopener\">S&rsquo;incrire<\/a><br \/>\nPris en chasse depuis une auto-\u00e9cole<\/p>\n<p class=\" wall-content\">Selon l\u2019AFP, l\u2019homme <strong>serait \u00e2g\u00e9 de 34 ans<\/strong>. Il s\u2019est d\u2019abord rendu dans une auto-\u00e9cole, mena\u00e7ant le personnel sur place, qui a contact\u00e9 la police vers 9 heures lundi matin. \u00c0 l\u2019arriv\u00e9e des fonctionnaires sur place, le suspect a pris la fuite, poursuivi par les policiers jusqu\u2019au boulevard longeant le parc Paul-Mistral.<\/p>\n<p class=\" wall-content\">C\u2019est alors que l\u2019homme, arm\u00e9 de son couteau, s\u2019est dirig\u00e9 vers l\u2019un des policiers qui a fait usage de son arme, pr\u00e9cise une source polici\u00e8re \u00e0 l\u2019AFP.<\/p>\n<p class=\" wall-content\">Il a \u00e9t\u00e9 <strong>touch\u00e9 par deux fois<\/strong>, une fois \u00e0 la main et une fois sur le haut du corps.<\/p>\n<p class=\" wall-content\">Deux enqu\u00eates ont \u00e9t\u00e9 ouvertes, l\u2019une judiciaire et l\u2019autre men\u00e9e par l\u2019Inspection g\u00e9n\u00e9rale de la police nationale (IGPN), \u00e0 la suite de l\u2019usage de l\u2019arme de service par le policier, indique une autre source polici\u00e8re.<\/p>\n<p class=\" wall-content\"><strong>Avec AFP<\/strong><\/p>\n<p class=\" wall-content\">Personnalisez votre actualit\u00e9 en ajoutant vos villes et m\u00e9dias en favori avec <a href=\"https:\/\/moncompte.actu.fr\" title=\"D\u00e9couvez Mon Actu\" rel=\"nofollow noopener\" data-trk=\"{&quot;cta&quot;:{&quot;action&quot;:&quot;https:\\\/\\\/moncompte.actu.fr&quot;,&quot;category&quot;:&quot;mon compte&quot;,&quot;from&quot;:&quot;article footer&quot;,&quot;name&quot;:&quot;Mon actu&quot;,&quot;type&quot;:&quot;cta&quot;}}\" target=\"_blank\">Mon Actu<\/a>.<\/p>\n","protected":false},"excerpt":{"rendered":"Par R\u00e9daction Grenoble Publi\u00e9 le 22 d\u00e9c. 2025 \u00e0 11h06 ; mis \u00e0 jour le 22 d\u00e9c. 2025&hellip;\n","protected":false},"author":2,"featured_media":619218,"comment_status":"","ping_status":"","sticky":false,"template":"","format":"standard","meta":{"footnotes":""},"categories":[9566],"tags":[1111,11,2430,1777,674,118,1011,27,2731,12,1072,25],"class_list":{"0":"post-619217","1":"post","2":"type-post","3":"status-publish","4":"format-standard","5":"has-post-thumbnail","7":"category-grenoble","8":"tag-actu","9":"tag-actualites","10":"tag-auvergne-rhone-alpes","11":"tag-eu","12":"tag-europe","13":"tag-faits-divers","14":"tag-fr","15":"tag-france","16":"tag-grenoble","17":"tag-news","18":"tag-police","19":"tag-republique-francaise"},"share_on_mastodon":{"url":"https:\/\/pubeurope.com\/@fr\/115772573913354958","error":""},"_links":{"self":[{"href":"https:\/\/www.europesays.com\/fr\/wp-json\/wp\/v2\/posts\/619217","targetHints":{"allow":["GET"]}}],"collection":[{"href":"https:\/\/www.europesays.com\/fr\/wp-json\/wp\/v2\/posts"}],"about":[{"href":"https:\/\/www.europesays.com\/fr\/wp-json\/wp\/v2\/types\/post"}],"author":[{"embeddable":true,"href":"https:\/\/www.europesays.com\/fr\/wp-json\/wp\/v2\/users\/2"}],"replies":[{"embeddable":true,"href":"https:\/\/www.europesays.com\/fr\/wp-json\/wp\/v2\/comments?post=619217"}],"version-history":[{"count":0,"href":"https:\/\/www.europesays.com\/fr\/wp-json\/wp\/v2\/posts\/619217\/revisions"}],"wp:featuredmedia":[{"embeddable":true,"href":"https:\/\/www.europesays.com\/fr\/wp-json\/wp\/v2\/media\/619218"}],"wp:attachment":[{"href":"https:\/\/www.europesays.com\/fr\/wp-json\/wp\/v2\/media?parent=619217"}],"wp:term":[{"taxonomy":"category","embeddable":true,"href":"https:\/\/www.europesays.com\/fr\/wp-json\/wp\/v2\/categories?post=619217"},{"taxonomy":"post_tag","embeddable":true,"href":"https:\/\/www.europesays.com\/fr\/wp-json\/wp\/v2\/tags?post=619217"}],"curies":[{"name":"wp","href":"https:\/\/api.w.org\/{rel}","templated":true}]}}