{"id":619219,"date":"2025-12-24T04:07:28","date_gmt":"2025-12-24T04:07:28","guid":{"rendered":"https:\/\/www.europesays.com\/fr\/619219\/"},"modified":"2025-12-24T04:07:28","modified_gmt":"2025-12-24T04:07:28","slug":"a-rennes-une-famille-venue-soutenir-le-lsvf-se-fait-voler-sa-voiture-pres-du-stade-angers-info","status":"publish","type":"post","link":"https:\/\/www.europesays.com\/fr\/619219\/","title":{"rendered":"\u00c0 Rennes, une famille venue soutenir le LSVF se fait voler sa voiture pr\u00e8s du stade \u2013 Angers Info"},"content":{"rendered":"<p><img fetchpriority=\"high\" decoding=\"async\" width=\"499\" height=\"333\" src=\"https:\/\/www.europesays.com\/fr\/wp-content\/uploads\/2025\/12\/casser-voiture-vitre-vandalisme-main-13009745.jpg\" alt=\"\" class=\"wp-image-86937\" style=\"width:715px;height:auto\"  \/>DR : Une famille venue des Sables-d\u2019Olonne pour assister au match Rennes\u2013LSVF s\u2019est fait voler sa voiture pr\u00e8s du stade, dans la soir\u00e9e de dimanche<\/p>\n<p><strong>\u00a0La f\u00eate attendue autour du match de Coupe de France entre le Stade Rennais et Les Sables Vend\u00e9e Foot a brutalement tourn\u00e9 court pour une famille vend\u00e9enne. Dimanche 21 d\u00e9cembre 2025 au soir, alors que la rencontre se disputait \u00e0 Rennes, leur v\u00e9hicule a \u00e9t\u00e9 vol\u00e9 \u00e0 proximit\u00e9 du stade.<\/strong><\/p>\n<p><strong>\u00ab Un peu un No\u00ebl en avance \u00bb qui s\u2019effondre<\/strong><\/p>\n<p>Camille Thiercelin avait fait le d\u00e9placement en Bretagne avec son compagnon et leurs deux enfants, \u00e2g\u00e9s de 9 et 10 ans, pour soutenir le club sablais. \u00ab On s\u2019octroie rarement des loisirs. L\u00e0 c\u2019\u00e9tait un peu un No\u00ebl en avance pour les enfants. On repart avec un pr\u00e9judice moral et mat\u00e9riel. \u00bb \u00c0 la sortie du stade, la famille se rend vers la voiture, stationn\u00e9e selon eux \u00ab \u00e0 une rue adjacente au stade \u00bb. Mais le v\u00e9hicule a disparu.<\/p>\n<p><strong>Des heures de recherche sous la pluie<\/strong><\/p>\n<p>Selon <a href=\"https:\/\/actu.fr\/pays-de-la-loire\/les-sables-d-olonne_85194\/en-deplacement-a-rennes-pour-supporter-les-sables-vendee-foot-une-famille-se-fait-voler-sa-voiture_63613242.html\" target=\"_blank\" rel=\"noopener\">Actu.fr<\/a>, pensant d\u2019abord s\u2019\u00eatre tromp\u00e9s d\u2019endroit, les parents parcourent le quartier pendant pr\u00e8s d\u2019une heure et demie. \u00ab Une heure et demi de recherche, sous la pluie, avec des enfants de 9 et 10 ans \u00bb, raconte Camille. Aid\u00e9e par des riverains, la famille poursuit encore les recherches \u00ab pendant plus de deux heures \u00bb, en vain. La police est alors contact\u00e9e.<\/p>\n<p><strong>Un retour forc\u00e9 en pleine nuit<\/strong><\/p>\n<p>Il est environ 2 h 30, dans la nuit du dimanche au lundi, lorsque le p\u00e8re des enfants de Camille fait le trajet jusqu\u2019\u00e0 Rennes pour rapatrier la famille aux Les Sables-d\u2019Olonne. L\u2019arriv\u00e9e se fait vers 5 h du matin. \u00ab On est arriv\u00e9s \u00e0 5h du matin, on devait ouvrir notre boulangerie (la boulangerie de la Pironni\u00e8re) \u00e0 7h \u00bb, explique-t-elle. L\u2019ouverture de l\u2019\u00e9tablissement sera finalement repouss\u00e9e \u00e0 9h.<\/p>\n<p><strong>Un vol confirm\u00e9 d\u00e8s le lendemain<\/strong><\/p>\n<p>Le lundi 22 d\u00e9cembre, Camille contacte la police rennaise afin de v\u00e9rifier si le v\u00e9hicule a \u00e9t\u00e9 enlev\u00e9 par la fourri\u00e8re. \u00ab Notre voiture n\u2019\u00e9tait pas sur la liste des v\u00e9hicules \u00e0 la fourri\u00e8re. \u00bb Le vol est alors confirm\u00e9.<\/p>\n<p><strong>Un pr\u00e9judice mat\u00e9riel \u00e0 quelques jours de No\u00ebl<\/strong><\/p>\n<p>Outre la perte du v\u00e9hicule, la famille d\u00e9plore le contenu d\u00e9rob\u00e9. Camille pr\u00e9cise que la voiture contenait \u00ab 300 \u20ac en esp\u00e8ces et un ch\u00e8que, ainsi que deux canifs qui avaient une valeur sentimentale \u00bb. Une situation d\u2019autant plus difficile qu\u2019elle survient \u00e0 deux jours de No\u00ebl. \u00ab On ne f\u00eate d\u00e9j\u00e0 pas No\u00ebl car on g\u00e8re la boulangerie \u00bb, confie-t-elle.<\/p>\n<p><strong>Un appel \u00e0 t\u00e9moins lanc\u00e9<\/strong><\/p>\n<p>Dans l\u2019espoir de retrouver leur voiture, la famille a diffus\u00e9 un appel \u00e0 t\u00e9moins, cherchant toute information susceptible d\u2019aider \u00e0 localiser le v\u00e9hicule vol\u00e9 dans les rues de Rennes.<\/p>\n","protected":false},"excerpt":{"rendered":"DR : Une famille venue des Sables-d\u2019Olonne pour assister au match Rennes\u2013LSVF s\u2019est fait voler sa voiture pr\u00e8s&hellip;\n","protected":false},"author":2,"featured_media":619220,"comment_status":"","ping_status":"","sticky":false,"template":"","format":"standard","meta":{"footnotes":""},"categories":[2821],"tags":[1111,11,829,1777,674,1011,27,72916,12,584,25,2546,4752,1175],"class_list":{"0":"post-619219","1":"post","2":"type-post","3":"status-publish","4":"format-standard","5":"has-post-thumbnail","7":"category-rennes","8":"tag-actu","9":"tag-actualites","10":"tag-bretagne","11":"tag-eu","12":"tag-europe","13":"tag-fr","14":"tag-france","15":"tag-lsvf","16":"tag-news","17":"tag-rennes","18":"tag-republique-francaise","19":"tag-vendee","20":"tag-voiture","21":"tag-vol"},"share_on_mastodon":{"url":"https:\/\/pubeurope.com\/@fr\/115772578497299419","error":""},"_links":{"self":[{"href":"https:\/\/www.europesays.com\/fr\/wp-json\/wp\/v2\/posts\/619219","targetHints":{"allow":["GET"]}}],"collection":[{"href":"https:\/\/www.europesays.com\/fr\/wp-json\/wp\/v2\/posts"}],"about":[{"href":"https:\/\/www.europesays.com\/fr\/wp-json\/wp\/v2\/types\/post"}],"author":[{"embeddable":true,"href":"https:\/\/www.europesays.com\/fr\/wp-json\/wp\/v2\/users\/2"}],"replies":[{"embeddable":true,"href":"https:\/\/www.europesays.com\/fr\/wp-json\/wp\/v2\/comments?post=619219"}],"version-history":[{"count":0,"href":"https:\/\/www.europesays.com\/fr\/wp-json\/wp\/v2\/posts\/619219\/revisions"}],"wp:featuredmedia":[{"embeddable":true,"href":"https:\/\/www.europesays.com\/fr\/wp-json\/wp\/v2\/media\/619220"}],"wp:attachment":[{"href":"https:\/\/www.europesays.com\/fr\/wp-json\/wp\/v2\/media?parent=619219"}],"wp:term":[{"taxonomy":"category","embeddable":true,"href":"https:\/\/www.europesays.com\/fr\/wp-json\/wp\/v2\/categories?post=619219"},{"taxonomy":"post_tag","embeddable":true,"href":"https:\/\/www.europesays.com\/fr\/wp-json\/wp\/v2\/tags?post=619219"}],"curies":[{"name":"wp","href":"https:\/\/api.w.org\/{rel}","templated":true}]}}