{"id":61922,"date":"2025-04-29T13:46:11","date_gmt":"2025-04-29T13:46:11","guid":{"rendered":"https:\/\/www.europesays.com\/fr\/61922\/"},"modified":"2025-04-29T13:46:11","modified_gmt":"2025-04-29T13:46:11","slug":"une-penurie-de-produits-techs-est-elle-a-craindre-aux-usa","status":"publish","type":"post","link":"https:\/\/www.europesays.com\/fr\/61922\/","title":{"rendered":"Une p\u00e9nurie de produits techs est-elle \u00e0 craindre aux USA\u00a0?"},"content":{"rendered":"<p>                    <b>Alors que l\u2019administration Trump multiplie les droits de douane sur les importations chinoises, les tensions commerciales commencent \u00e0 se faire sentir dans l\u2019\u00e9cosyst\u00e8me d\u2019Apple. Son principal fournisseur, Pegatron, tire la sonnette d\u2019alarme\u00a0!<\/b><\/p>\n<p>                                                                                                                                                        <img decoding=\"async\" src=\"https:\/\/www.europesays.com\/fr\/wp-content\/uploads\/2025\/04\/80c4aa6b57_pegatron.webp.webp\" alt=\"Pegatron\" width=\"1200\" height=\"686\" loading=\"lazy\"\/>                 \u00a9Mac4Ever 2025<\/p>\n<p>Le chaos dans la cit\u00e9 des l&rsquo;iPhone<\/p>\n<p>En l&rsquo;espace de deux mois,<b> l&rsquo;administration Trump a annonc\u00e9 des droits de douane sur les produits fabriqu\u00e9s en Chine qui ont commenc\u00e9 \u00e0 10 % et ont augment\u00e9 jusqu&rsquo;\u00e0 145 %<\/b>. Puis elle a r\u00e9troc\u00e9d\u00e9 tout aussi soudainement. <\/p>\n<p>Si une exemption temporaire a bien \u00e9t\u00e9 accord\u00e9e aux appareils \u00e9lectroniques grand public -iPhone, MacBook, iPad, Apple Watch-,<b> cette d\u00e9cision pourrait n\u2019\u00eatre que provisoire, selon les propres dires de l\u2019administration<\/b>. Et encore, il pourrait \u00eatre question de surtaxer les puces et les semi-conducteurs. La situation est donc loin d&rsquo;\u00eatre r\u00e9solue. <\/p>\n<p>La quasi-totalit\u00e9 des produits Apple \u00e9tant encore fabriqu\u00e9e en Chine, la lev\u00e9e de <b>cette exemption pourrait entra\u00eener des hausses de prix significatives sur le march\u00e9 am\u00e9ricain<\/b>, voire sur le reste du monde si Apple entendait harmoniser les tarifs de ses produits. La firme avait d\u00e9j\u00e0 pris les devants, en acc\u00e9l\u00e9rant ses importations et ses d\u00e9localisations vers l&rsquo;Inde et le Br\u00e9sil, avant une prochaine hausse. <b>Mais cela ne r\u00e9glera pas la question \u00e0 court terme, notamment \u00e0 la fin du d\u00e9lai de 90 jours.<\/b><\/p>\n<p>                                                                                                                                                        <img decoding=\"async\" src=\"https:\/\/www.europesays.com\/fr\/wp-content\/uploads\/2025\/04\/557fea8f6c_bientot-une-penurie-de-produits-techs-aux-usa.webp.webp\" alt=\"Une p\u00e9nurie de produits techs est-elle \u00e0 craindre aux USA\u00a0?\" width=\"1200\" height=\"681\" loading=\"lazy\"\/>        <\/p>\n<p>Des \u00e9tag\u00e8res qui ne se remplissent plus&#8230;<\/p>\n<p>Dans ces conditions, le pr\u00e9sident de Pegatron, l&rsquo;un des plus gros sous-traitant d&rsquo;Apple, voit l&rsquo;avenir en noir et des magasins bien vides de tout produit \u00e0 vendre. Pour lui, les mesures fiscales du pr\u00e9sident Trump allaient plonger les consommateurs am\u00e9ricains dans la plus grande confusion. Et, <b>cela pourrait bien conduire \u00e0 des p\u00e9nuries d&rsquo;\u00e9lectronique grand public aux \u00c9tats-Unis.<\/b><\/p>\n<p>En deux mois, les rayons des magasins aux \u00c9tats-Unis&#8230; pourraient ressembler \u00e0 ceux des pays du tiers monde, o\u00f9 les gens ne visitent les grands magasins et les march\u00e9s que pour trouver des \u00e9tag\u00e8res vides, tout cela parce que tout le monde attend et voit\u00a0! pense T.H. Tung.<\/p>\n<p>                                                                                                                                                        <img decoding=\"async\" src=\"https:\/\/www.europesays.com\/fr\/wp-content\/uploads\/2025\/04\/86d2363eca_bientot-une-penurie-de-produits-techs-aux-usa.webp.webp\" alt=\"Une p\u00e9nurie de produits techs est-elle \u00e0 craindre aux USA\u00a0?\" width=\"1024\" height=\"600\" loading=\"lazy\"\/>\n                    <\/p>\n","protected":false},"excerpt":{"rendered":"Alors que l\u2019administration Trump multiplie les droits de douane sur les importations chinoises, les tensions commerciales commencent \u00e0&hellip;\n","protected":false},"author":2,"featured_media":61923,"comment_status":"","ping_status":"","sticky":false,"template":"","format":"standard","meta":{"footnotes":""},"categories":[1589],"tags":[11,733,8406,73,1866,12,1864,1865,1863,308],"class_list":{"0":"post-61922","1":"post","2":"type-post","3":"status-publish","4":"format-standard","5":"has-post-thumbnail","7":"category-etats-unis","8":"tag-actualites","9":"tag-apple","10":"tag-donaldtrump","11":"tag-etats-unis","12":"tag-etats-unis-damerique","13":"tag-news","14":"tag-united-states","15":"tag-united-states-of-america","16":"tag-us","17":"tag-usa"},"share_on_mastodon":{"url":"https:\/\/pubeurope.com\/@fr\/114421562576149785","error":""},"_links":{"self":[{"href":"https:\/\/www.europesays.com\/fr\/wp-json\/wp\/v2\/posts\/61922","targetHints":{"allow":["GET"]}}],"collection":[{"href":"https:\/\/www.europesays.com\/fr\/wp-json\/wp\/v2\/posts"}],"about":[{"href":"https:\/\/www.europesays.com\/fr\/wp-json\/wp\/v2\/types\/post"}],"author":[{"embeddable":true,"href":"https:\/\/www.europesays.com\/fr\/wp-json\/wp\/v2\/users\/2"}],"replies":[{"embeddable":true,"href":"https:\/\/www.europesays.com\/fr\/wp-json\/wp\/v2\/comments?post=61922"}],"version-history":[{"count":0,"href":"https:\/\/www.europesays.com\/fr\/wp-json\/wp\/v2\/posts\/61922\/revisions"}],"wp:featuredmedia":[{"embeddable":true,"href":"https:\/\/www.europesays.com\/fr\/wp-json\/wp\/v2\/media\/61923"}],"wp:attachment":[{"href":"https:\/\/www.europesays.com\/fr\/wp-json\/wp\/v2\/media?parent=61922"}],"wp:term":[{"taxonomy":"category","embeddable":true,"href":"https:\/\/www.europesays.com\/fr\/wp-json\/wp\/v2\/categories?post=61922"},{"taxonomy":"post_tag","embeddable":true,"href":"https:\/\/www.europesays.com\/fr\/wp-json\/wp\/v2\/tags?post=61922"}],"curies":[{"name":"wp","href":"https:\/\/api.w.org\/{rel}","templated":true}]}}