{"id":619226,"date":"2025-12-24T04:14:33","date_gmt":"2025-12-24T04:14:33","guid":{"rendered":"https:\/\/www.europesays.com\/fr\/619226\/"},"modified":"2025-12-24T04:14:33","modified_gmt":"2025-12-24T04:14:33","slug":"nice-la-perle-de-la-cote-dazur-c-jamy","status":"publish","type":"post","link":"https:\/\/www.europesays.com\/fr\/619226\/","title":{"rendered":"Nice, la perle de la C\u00f4te d&rsquo;Azur &#8211; C Jamy"},"content":{"rendered":"<p id=\"descriptionPanel\" class=\"text-secondary mr-2 line-clamp-2 pr-2.5 overflow-visible\">De la Promenade des Anglais \u00e0 la vieille ville, Nice rayonne sous le regard curieux de Jamy.&#13;&#13;A la t\u00eate d&rsquo;une \u00e9quipe de passionn\u00e9s, sp\u00e9cialistes dans leur domaine, qu&rsquo;ils soient scientifiques, historiens, m\u00e9decins, v\u00e9t\u00e9rinaires&#8230; Jamy nous invite \u00e0 partager le go\u00fbt de la connaissance sous toutes ses formes, pendant 26 minutes. Eveiller notre curiosit\u00e9, questionner le quotidien qui nous entoure, pour nous \u00e9clairer sur tous les sujets y compris les plus surprenants, rien n&rsquo;\u00e9chappe \u00e0 l&rsquo;app\u00e9tit de savoir de Jamy et de sa bande d&rsquo;experts.&#13;Les sujets trait\u00e9s sont expliqu\u00e9s, d\u00e9crypt\u00e9s gr\u00e2ce \u00e0 des visuels appropri\u00e9s qui conjuguent r\u00e9alit\u00e9 augment\u00e9e, infographies, 3D et images d&rsquo;archives&#8230; Un \u00e9clairage ludique et in\u00e9dit avec un ton m\u00ealant d\u00e9contraction, humour et bienveillance. Un programme accessible \u00e0 tous les publics, qui permet d&rsquo;apprendre en se divertissant.&#13;Trois rubriques rythment l&rsquo;\u00e9mission : &#13;- C chaud : Un th\u00e8me est d\u00e9crypt\u00e9 chaque jour par Jamy et son \u00e9quipe \u00e0 travers trois angles <\/p>\n<p>Afficher la version longue du r\u00e9sum\u00e9<a class=\"shrink-0\" href=\"https:\/\/www.tf1.fr\/lcp\/c-jamy\" target=\"_blank\" rel=\"noopener\"><img decoding=\"async\" src=\"https:\/\/www.europesays.com\/fr\/wp-content\/uploads\/2025\/12\/c-jamy-1765388214-9657c1-1d8df8-0@1x.jpg\" width=\"138\" height=\"184\" alt=\"\" loading=\"eager\" fetchpriority=\"auto\" class=\"rounded-3px aspect-[3\/4] h-24 w-auto\" aria-hidden=\"true\"\/><\/a><\/p>\n<p>26m<\/p>\n<p><img decoding=\"async\" src=\"https:\/\/www.europesays.com\/fr\/wp-content\/uploads\/2025\/12\/logo-lcp-format-integration-113a0b-136c73-0@3x.png\" alt=\"La Cha\u00eene parlementaire\" loading=\"eager\" class=\"h-5 w-14\" fetchpriority=\"auto\"\/>23 d\u00e9c. 2025 \u00e0 08:56<\/p>\n","protected":false},"excerpt":{"rendered":"De la Promenade des Anglais \u00e0 la vieille ville, Nice rayonne sous le regard curieux de Jamy.&#13;&#13;A la&hellip;\n","protected":false},"author":2,"featured_media":619227,"comment_status":"","ping_status":"","sticky":false,"template":"","format":"standard","meta":{"footnotes":""},"categories":[2819],"tags":[1111,11,72918,72922,72923,72919,72931,72935,72927,72930,72934,72926,1365,72920,72921,72917,1777,674,1011,27,12,2401,882,25,72928,72929,72932,72933,72924,72925],"class_list":{"0":"post-619226","1":"post","2":"type-post","3":"status-publish","4":"format-standard","5":"has-post-thumbnail","7":"category-nice","8":"tag-actu","9":"tag-actualites","10":"tag-c-jamy","11":"tag-c-jamy-episode","12":"tag-c-jamy-episode-la-chaine-parlementaire","13":"tag-c-jamy-la-chaine-parlementaire","14":"tag-c-jamy-la-chaine-parlementaire-streaming","15":"tag-c-jamy-la-chaine-parlementaire-streaming-gratuit","16":"tag-c-jamy-la-chaine-parlementaire-video","17":"tag-c-jamy-streaming","18":"tag-c-jamy-streaming-gratuit","19":"tag-c-jamy-video","20":"tag-episode","21":"tag-episode-c-jamy","22":"tag-episode-c-jamy-la-chaine-parlementaire","23":"tag-episode-la-chaine-parlementaire","24":"tag-eu","25":"tag-europe","26":"tag-fr","27":"tag-france","28":"tag-news","29":"tag-nice","30":"tag-provence-alpes-cote-dazur","31":"tag-republique-francaise","32":"tag-streaming-c-jamy","33":"tag-streaming-c-jamy-la-chaine-parlementaire","34":"tag-streaming-gratuit-c-jamy","35":"tag-streaming-gratuit-c-jamy-la-chaine-parlementaire","36":"tag-video-c-jamy","37":"tag-video-c-jamy-la-chaine-parlementaire"},"share_on_mastodon":{"url":"","error":"Validation failed: Text character limit of 500 exceeded"},"_links":{"self":[{"href":"https:\/\/www.europesays.com\/fr\/wp-json\/wp\/v2\/posts\/619226","targetHints":{"allow":["GET"]}}],"collection":[{"href":"https:\/\/www.europesays.com\/fr\/wp-json\/wp\/v2\/posts"}],"about":[{"href":"https:\/\/www.europesays.com\/fr\/wp-json\/wp\/v2\/types\/post"}],"author":[{"embeddable":true,"href":"https:\/\/www.europesays.com\/fr\/wp-json\/wp\/v2\/users\/2"}],"replies":[{"embeddable":true,"href":"https:\/\/www.europesays.com\/fr\/wp-json\/wp\/v2\/comments?post=619226"}],"version-history":[{"count":0,"href":"https:\/\/www.europesays.com\/fr\/wp-json\/wp\/v2\/posts\/619226\/revisions"}],"wp:featuredmedia":[{"embeddable":true,"href":"https:\/\/www.europesays.com\/fr\/wp-json\/wp\/v2\/media\/619227"}],"wp:attachment":[{"href":"https:\/\/www.europesays.com\/fr\/wp-json\/wp\/v2\/media?parent=619226"}],"wp:term":[{"taxonomy":"category","embeddable":true,"href":"https:\/\/www.europesays.com\/fr\/wp-json\/wp\/v2\/categories?post=619226"},{"taxonomy":"post_tag","embeddable":true,"href":"https:\/\/www.europesays.com\/fr\/wp-json\/wp\/v2\/tags?post=619226"}],"curies":[{"name":"wp","href":"https:\/\/api.w.org\/{rel}","templated":true}]}}