{"id":619228,"date":"2025-12-24T04:15:49","date_gmt":"2025-12-24T04:15:49","guid":{"rendered":"https:\/\/www.europesays.com\/fr\/619228\/"},"modified":"2025-12-24T04:15:49","modified_gmt":"2025-12-24T04:15:49","slug":"corps-dun-homme-decouvert-au-fond-dun-parc-a-nantes-lautopsie-ne-revele-aucune","status":"publish","type":"post","link":"https:\/\/www.europesays.com\/fr\/619228\/","title":{"rendered":"Corps d\u2019un homme d\u00e9couvert au fond d\u2019un parc \u00e0 Nantes\u00a0: l\u2019autopsie ne r\u00e9v\u00e8le aucune"},"content":{"rendered":"<p>Cinq jours apr\u00e8s <a href=\"https:\/\/nantes.maville.com\/actu\/actudet_-le-corps-d-un-homme-decouvert-au-fond-d-un-parc-a-nantes-_8-7114050_actu.Htm\" target=\"_self\" rel=\"noopener\">la d\u00e9couverte d\u2019un corps en partie immerg\u00e9<\/a>, dans un plan d\u2019eau du parc du Crapa, sur l\u2019\u00eele de Nantes, l\u2019enqu\u00eate pour d\u00e9terminer les causes de la mort d\u2019un homme de 42\u00a0ans a franchi un cap.<\/p>\n<p>Des analyses toxicologiques<\/p>\n<p>Selon l\u2019autopsie r\u00e9alis\u00e9e lundi 22\u00a0d\u00e9cembre, \u00a0il n\u2019y a aucune l\u00e9sion\u00a0, a fait savoir le parquet de Nantes. Les investigations continuent toutefois pour tenter de savoir comment la victime a termin\u00e9 dans l\u2019eau. Des analyses toxicologiques vont notamment \u00eatre effectu\u00e9es.<\/p>\n<p>Le corps sans vie avait \u00e9t\u00e9 d\u00e9couvert par une joggeuse qui a pr\u00e9venu la police municipale. Des papiers ont \u00e9t\u00e9 retrouv\u00e9s sur le corps.<\/p>\n<p>\u00a0<\/p>\n","protected":false},"excerpt":{"rendered":"Cinq jours apr\u00e8s la d\u00e9couverte d\u2019un corps en partie immerg\u00e9, dans un plan d\u2019eau du parc du Crapa,&hellip;\n","protected":false},"author":2,"featured_media":619229,"comment_status":"","ping_status":"","sticky":false,"template":"","format":"standard","meta":{"footnotes":""},"categories":[2818],"tags":[1111,11,10258,6725,13916,1777,674,20820,1011,27,4933,72936,766,12,153,2636,25,7932,6689,9693],"class_list":{"0":"post-619228","1":"post","2":"type-post","3":"status-publish","4":"format-standard","5":"has-post-thumbnail","7":"category-nantes","8":"tag-actu","9":"tag-actualites","10":"tag-autopsie","11":"tag-corps","12":"tag-decouvert","13":"tag-eu","14":"tag-europe","15":"tag-fond","16":"tag-fr","17":"tag-france","18":"tag-homme","19":"tag-lesion","20":"tag-nantes","21":"tag-news","22":"tag-parc","23":"tag-pays-de-la-loire","24":"tag-republique-francaise","25":"tag-revele","26":"tag-roche","27":"tag-yon"},"share_on_mastodon":{"url":"https:\/\/pubeurope.com\/@fr\/115772613158836162","error":""},"_links":{"self":[{"href":"https:\/\/www.europesays.com\/fr\/wp-json\/wp\/v2\/posts\/619228","targetHints":{"allow":["GET"]}}],"collection":[{"href":"https:\/\/www.europesays.com\/fr\/wp-json\/wp\/v2\/posts"}],"about":[{"href":"https:\/\/www.europesays.com\/fr\/wp-json\/wp\/v2\/types\/post"}],"author":[{"embeddable":true,"href":"https:\/\/www.europesays.com\/fr\/wp-json\/wp\/v2\/users\/2"}],"replies":[{"embeddable":true,"href":"https:\/\/www.europesays.com\/fr\/wp-json\/wp\/v2\/comments?post=619228"}],"version-history":[{"count":0,"href":"https:\/\/www.europesays.com\/fr\/wp-json\/wp\/v2\/posts\/619228\/revisions"}],"wp:featuredmedia":[{"embeddable":true,"href":"https:\/\/www.europesays.com\/fr\/wp-json\/wp\/v2\/media\/619229"}],"wp:attachment":[{"href":"https:\/\/www.europesays.com\/fr\/wp-json\/wp\/v2\/media?parent=619228"}],"wp:term":[{"taxonomy":"category","embeddable":true,"href":"https:\/\/www.europesays.com\/fr\/wp-json\/wp\/v2\/categories?post=619228"},{"taxonomy":"post_tag","embeddable":true,"href":"https:\/\/www.europesays.com\/fr\/wp-json\/wp\/v2\/tags?post=619228"}],"curies":[{"name":"wp","href":"https:\/\/api.w.org\/{rel}","templated":true}]}}