{"id":619230,"date":"2025-12-24T04:17:19","date_gmt":"2025-12-24T04:17:19","guid":{"rendered":"https:\/\/www.europesays.com\/fr\/619230\/"},"modified":"2025-12-24T04:17:19","modified_gmt":"2025-12-24T04:17:19","slug":"basket-ball-elite-2-a-denain-nantes-na-pas-demerite-mais-sest-incline-dans-le-2","status":"publish","type":"post","link":"https:\/\/www.europesays.com\/fr\/619230\/","title":{"rendered":"Basket-ball. \u00c9lite 2\u00a0: \u00e0 Denain, Nantes n\u2019a pas d\u00e9m\u00e9rit\u00e9, mais s\u2019est inclin\u00e9 dans le"},"content":{"rendered":"<p>Cette rencontre entre Denain et Nantes allait se disputer avec en coulisses un litige devant le conseil des Prud\u2019hommes entre le club de Denain et R\u00e9my Valin, le coach nantais. Ce dernier ayant perdu en premi\u00e8re instance a d\u00e9cid\u00e9 de faire appel de la d\u00e9cision.<\/p>\n<p><a href=\"https:\/\/nantes.maville.com\/sport\/detail_-loire-atlantique-basket-ball.-elite-2-les-nantais-prets-a-un-gros-choc-face-a-denain-_8-7122085_actu.Htm\" target=\"_self\" rel=\"noopener\">Le d\u00e9but de match \u00e9tait \u00e9quilibr\u00e9 entre les deux formations<\/a> bien d\u00e9cid\u00e9es \u00e0 offrir du beau jeu et de ne pas se faire de cadeaux, m\u00eame si No\u00ebl \u00e9tait tout proche (7-5, 4\u2019, puis 16-17, 7\u2019). Sous les cercles il y avait match, mais dans un bon esprit sportif dans ce chass\u00e9-crois\u00e9 install\u00e9 depuis le d\u00e9but des hostilit\u00e9s. Une situation qui perdurait jusqu\u2019\u00e0 la premi\u00e8re pause (25-23, 10\u2019). Dix premi\u00e8res minutes plaisantes \u00e0 suivre avec du rythme et de l\u2019engagement, seul b\u00e9mol pour les \u00e9quipiers de Mi\u00e9nandi, le rebond\u00a0: 2\u00a0prises contre 9\u00a0pour Denain.<\/p>\n<p>\u00ab\u00a0Nous avons manqu\u00e9 un peu de lucidit\u00e9\u00a0\u00bb<\/p>\n<p>Apr\u00e8s le mini repos l\u2019\u00e9quipe nordiste mettait un peu plus de pression pour faire un petit break par Suka-Umu (33-27, 15\u2019). Rien de bien grave pour les Nantais, Kangudia veillant au grain pour maintenir son \u00e9quipe \u00e0 flot (35-32, 16\u2019). Enfin presque, puisque les Denaisiens d\u00e9cidaient de remettre un coup d\u2019acc\u00e9l\u00e9rateur (40-32,18\u2019). Cette avance des locaux obligeait R\u00e9my Valin \u00e0 prendre un temps mort pour Nantes, afin de recadrer ses ouailles et surtout casser le jeu adverse. Mais en vain, car les Nordistes accentuaient leur domination (47-37, 20\u2019).<\/p>\n<p>\u00c0 mi-parcours Nantes \u00e9tait \u00e9galement derri\u00e8re cot\u00e9 statiques, 45\u00a0% d\u2019efficacit\u00e9 contre 50\u00a0% en face. Mais surtout un rebond tr\u00e8s domin\u00e9 par Denain\u00a0: 8\u00a0prises contre 21.<\/p>\n<p>De retour des vestiaires, Van Eyck maintenait un peu l\u2019espoir, mais les Denaisiens ne l\u00e2chaient pas grand-chose, bien d\u00e9cid\u00e9s de s\u2019imposer afin de rester sur le podium (56-47, 24\u2019). Mais Kangudia et Boum maintenaient l\u2019espoir c\u00f4t\u00e9 nantais (59-55, 26\u2019), <a href=\"https:\/\/nantes.maville.com\/sport\/detail_-basket-ball.-isaiah-ross-aussi-vite-adopte-qu-integre-a-l-hermine-de-nantes-_8-7115688_actu.Htm\" target=\"_self\" rel=\"noopener\">imit\u00e9s par Ross<\/a> (64-62, 30\u2019). Et les Nantais prenaient enfin l\u2019avantage (64-66, 32\u2019, puis 77-80, 36\u2019), jetant un coup de froid dans la salle Jean Degros.<\/p>\n<p>C\u2019est dans le money time que la d\u00e9cision allait se faire, o\u00f9 Denain se montrait plus efficace. \u00a0Je regrette surtout notre premi\u00e8re mi-temps o\u00f9 nous avons \u00e9t\u00e9 permissifs. Denain a d\u00e9fendu tr\u00e8s fort et nous avons manqu\u00e9 un peu de lucidit\u00e9, analysait R\u00e9my Valin, le coach nantais. Puis avec la blessure de Bourhis nous n\u2019avions qu\u2019un seul joueur pour cr\u00e9er. Malgr\u00e9 cela nous sommes repass\u00e9s devant avant la perte de deux-trois bons ballons.\u00a0<\/p>\n<p><strong>DENAIN \u2013 NANTES\u00a0: 93-86<\/strong> (25-23, 22-14, 17-25, 29-24)<br \/><strong>DENAIN\u00a0:<\/strong> Cortale 21, Suka- Umu 13, Lasserre 2, Meyniel 9, Nelson 8, puis Lamart, Phillip 17, Parmentelot 3, Davis Jr 18, Kalemba, Sow 2. Entra\u00eeneur\u00a0: Ali Bouziane.<\/p>\n<p><strong>NANTES\u00a0:<\/strong> Gassaud 9, Manerlax, Mienandi 16, Kangudia 20, Bourhis 7, puis Boum 9, Van Eyck 12, Carrio, Dossou 3, Ross 10. Entra\u00eeneur\u00a0: R\u00e9my Valin.<\/p>\n<p>\u00a0<\/p>\n","protected":false},"excerpt":{"rendered":"Cette rencontre entre Denain et Nantes allait se disputer avec en coulisses un litige devant le conseil des&hellip;\n","protected":false},"author":2,"featured_media":619029,"comment_status":"","ping_status":"","sticky":false,"template":"","format":"standard","meta":{"footnotes":""},"categories":[2818],"tags":[1111,11,3809,1465,1777,674,63,1011,27,1792,1922,2693,766,12,2636,25,479,517,1470],"class_list":{"0":"post-619230","1":"post","2":"type-post","3":"status-publish","4":"format-standard","5":"has-post-thumbnail","7":"category-nantes","8":"tag-actu","9":"tag-actualites","10":"tag-ball","11":"tag-basket","12":"tag-eu","13":"tag-europe","14":"tag-football","15":"tag-fr","16":"tag-france","17":"tag-handball","18":"tag-info","19":"tag-laval","20":"tag-nantes","21":"tag-news","22":"tag-pays-de-la-loire","23":"tag-republique-francaise","24":"tag-rugby","25":"tag-sport","26":"tag-volley"},"share_on_mastodon":{"url":"https:\/\/pubeurope.com\/@fr\/115772617147473419","error":""},"_links":{"self":[{"href":"https:\/\/www.europesays.com\/fr\/wp-json\/wp\/v2\/posts\/619230","targetHints":{"allow":["GET"]}}],"collection":[{"href":"https:\/\/www.europesays.com\/fr\/wp-json\/wp\/v2\/posts"}],"about":[{"href":"https:\/\/www.europesays.com\/fr\/wp-json\/wp\/v2\/types\/post"}],"author":[{"embeddable":true,"href":"https:\/\/www.europesays.com\/fr\/wp-json\/wp\/v2\/users\/2"}],"replies":[{"embeddable":true,"href":"https:\/\/www.europesays.com\/fr\/wp-json\/wp\/v2\/comments?post=619230"}],"version-history":[{"count":0,"href":"https:\/\/www.europesays.com\/fr\/wp-json\/wp\/v2\/posts\/619230\/revisions"}],"wp:featuredmedia":[{"embeddable":true,"href":"https:\/\/www.europesays.com\/fr\/wp-json\/wp\/v2\/media\/619029"}],"wp:attachment":[{"href":"https:\/\/www.europesays.com\/fr\/wp-json\/wp\/v2\/media?parent=619230"}],"wp:term":[{"taxonomy":"category","embeddable":true,"href":"https:\/\/www.europesays.com\/fr\/wp-json\/wp\/v2\/categories?post=619230"},{"taxonomy":"post_tag","embeddable":true,"href":"https:\/\/www.europesays.com\/fr\/wp-json\/wp\/v2\/tags?post=619230"}],"curies":[{"name":"wp","href":"https:\/\/api.w.org\/{rel}","templated":true}]}}