{"id":619231,"date":"2025-12-24T04:18:20","date_gmt":"2025-12-24T04:18:20","guid":{"rendered":"https:\/\/www.europesays.com\/fr\/619231\/"},"modified":"2025-12-24T04:18:20","modified_gmt":"2025-12-24T04:18:20","slug":"le-budget-2026-a-ete-vote-et-les-operations-dinvestissements-programmees","status":"publish","type":"post","link":"https:\/\/www.europesays.com\/fr\/619231\/","title":{"rendered":"le budget 2026 a \u00e9t\u00e9 vot\u00e9 et les op\u00e9rations d\u2019investissements programm\u00e9es"},"content":{"rendered":"<p>Le conseil municipal s\u2019est r\u00e9uni jeudi 18\u00a0d\u00e9cembre. Lors de cette s\u00e9ance, les \u00e9lus ont vot\u00e9 le budget primitif 2026 (quatre votes contre). Il s\u2019\u00e9quilibre en d\u00e9penses et en recettes \u00e0 12 924 576,39 &amp;euro&#8230;<\/p>\n<p>Le conseil municipal s\u2019est r\u00e9uni jeudi 18\u00a0d\u00e9cembre. Lors de cette s\u00e9ance, les \u00e9lus ont vot\u00e9 le budget primitif 2026 (quatre votes contre). Il s\u2019\u00e9quilibre en d\u00e9penses et en recettes \u00e0 12 924 576,39 \u20ac. La section de fonctionnement s\u2019\u00e9quilibre \u00e0 5 178 063,92 \u20ac. Un virement de 465 598,02 \u20ac a \u00e9t\u00e9 pr\u00e9vu de la section de fonctionnement vers la section d\u2019investissement. Cette derni\u00e8re s\u2019\u00e9quilibre en d\u00e9penses et en recettes \u00e0 7 746 512,47 \u20ac. Les projets les plus importants sont le p\u00f4le scolaire de la S\u00e9guinie (3\u00a0700\u00a0000\u00a0euros), le sch\u00e9ma v\u00e9lo (1\u00a0500\u00a0000\u00a0euros) et les travaux sur les b\u00e2timents (570\u00a0000\u00a0euros).<\/p>\n","protected":false},"excerpt":{"rendered":"Le conseil municipal s\u2019est r\u00e9uni jeudi 18\u00a0d\u00e9cembre. Lors de cette s\u00e9ance, les \u00e9lus ont vot\u00e9 le budget primitif&hellip;\n","protected":false},"author":2,"featured_media":619232,"comment_status":"","ping_status":"","sticky":false,"template":"","format":"standard","meta":{"footnotes":""},"categories":[2817],"tags":[1111,11,1997,1777,674,1011,27,12,2219,25],"class_list":{"0":"post-619231","1":"post","2":"type-post","3":"status-publish","4":"format-standard","5":"has-post-thumbnail","7":"category-bordeaux","8":"tag-actu","9":"tag-actualites","10":"tag-bordeaux","11":"tag-eu","12":"tag-europe","13":"tag-fr","14":"tag-france","15":"tag-news","16":"tag-nouvelle-aquitaine","17":"tag-republique-francaise"},"share_on_mastodon":{"url":"https:\/\/pubeurope.com\/@fr\/115772621282697518","error":""},"_links":{"self":[{"href":"https:\/\/www.europesays.com\/fr\/wp-json\/wp\/v2\/posts\/619231","targetHints":{"allow":["GET"]}}],"collection":[{"href":"https:\/\/www.europesays.com\/fr\/wp-json\/wp\/v2\/posts"}],"about":[{"href":"https:\/\/www.europesays.com\/fr\/wp-json\/wp\/v2\/types\/post"}],"author":[{"embeddable":true,"href":"https:\/\/www.europesays.com\/fr\/wp-json\/wp\/v2\/users\/2"}],"replies":[{"embeddable":true,"href":"https:\/\/www.europesays.com\/fr\/wp-json\/wp\/v2\/comments?post=619231"}],"version-history":[{"count":0,"href":"https:\/\/www.europesays.com\/fr\/wp-json\/wp\/v2\/posts\/619231\/revisions"}],"wp:featuredmedia":[{"embeddable":true,"href":"https:\/\/www.europesays.com\/fr\/wp-json\/wp\/v2\/media\/619232"}],"wp:attachment":[{"href":"https:\/\/www.europesays.com\/fr\/wp-json\/wp\/v2\/media?parent=619231"}],"wp:term":[{"taxonomy":"category","embeddable":true,"href":"https:\/\/www.europesays.com\/fr\/wp-json\/wp\/v2\/categories?post=619231"},{"taxonomy":"post_tag","embeddable":true,"href":"https:\/\/www.europesays.com\/fr\/wp-json\/wp\/v2\/tags?post=619231"}],"curies":[{"name":"wp","href":"https:\/\/api.w.org\/{rel}","templated":true}]}}