{"id":619233,"date":"2025-12-24T04:19:25","date_gmt":"2025-12-24T04:19:25","guid":{"rendered":"https:\/\/www.europesays.com\/fr\/619233\/"},"modified":"2025-12-24T04:19:25","modified_gmt":"2025-12-24T04:19:25","slug":"bordeaux-la-justice-enquete-apres-des-propos-antisemites-dans-une-boucle-whatsapp-detudiants","status":"publish","type":"post","link":"https:\/\/www.europesays.com\/fr\/619233\/","title":{"rendered":"Bordeaux : La justice enqu\u00eate apr\u00e8s des propos antis\u00e9mites dans une boucle WhatsApp d\u2019\u00e9tudiants"},"content":{"rendered":"<p class=\"mb-4 text-lg md:leading-8 break-words\"><strong>antis\u00e9mitisme &#8211; Le parquet a saisi le commissariat de Bordeaux apr\u00e8s le signalement de propos antis\u00e9mites, tenus dans une boucle WhatsApp d\u2019\u00e9tudiants d\u2019une r\u00e9sidence universitaire situ\u00e9e \u00e0 Pessac<\/strong><\/p>\n<p class=\"mb-4 text-lg md:leading-8 break-words\">La boucle WhatsApp du d\u00e9go\u00fbt. Des messages <a href=\"https:\/\/www.20minutes.fr\/dossier\/antisemitisme?at_medium=RSS%20feed&amp;at_campaign=ynews&amp;utm_source=yahoo&amp;utm_medium=rss&amp;utm_campaign=news_feed&amp;utm_content=in_article_link\" rel=\"nofollow noopener\" target=\"_blank\" data-ylk=\"slk:antis\u00e9mites;elm:context_link;itc:0;sec:content-canvas\" class=\"link \">antis\u00e9mites<\/a>, appelant \u00e0 l\u2019extermination des <a href=\"https:\/\/www.20minutes.fr\/dossier\/juif?at_medium=RSS%20feed&amp;at_campaign=ynews&amp;utm_source=yahoo&amp;utm_medium=rss&amp;utm_campaign=news_feed&amp;utm_content=in_article_link\" rel=\"nofollow noopener\" target=\"_blank\" data-ylk=\"slk:Juifs;elm:context_link;itc:0;sec:content-canvas\" class=\"link \">Juifs<\/a>, ont circul\u00e9 sur la messagerie entre des \u00e9tudiants de l\u2019universit\u00e9 de <a href=\"https:\/\/www.20minutes.fr\/bordeaux\/?at_medium=RSS%20feed&amp;at_campaign=ynews&amp;utm_source=yahoo&amp;utm_medium=rss&amp;utm_campaign=news_feed&amp;utm_content=in_article_link\" rel=\"nofollow noopener\" target=\"_blank\" data-ylk=\"slk:Bordeaux;elm:context_link;itc:0;sec:content-canvas\" class=\"link \">Bordeaux<\/a>, a r\u00e9v\u00e9l\u00e9 la semaine derni\u00e8re <a href=\"https:\/\/www.europe1.fr\/societe\/info-europe-1-je-vais-exterminer-tous-les-juifs-a-pessac-deux-etudiants-exclus-dune-residence-etudiante-pour-des-messages-antisemites-875792?at_medium=RSS%20feed&amp;at_campaign=ynews&amp;utm_source=yahoo&amp;utm_medium=rss&amp;utm_campaign=news_feed&amp;utm_content=in_article_link\" rel=\"nofollow noopener\" target=\"_blank\" data-ylk=\"slk:Europe 1;elm:context_link;itc:0;sec:content-canvas\" class=\"link \">Europe 1<\/a>. On pouvait notamment y lire\u00a0: \u00ab\u00a0J\u2019esp\u00e8re devenir pr\u00e9sident, je ferai le double du g\u00e9nocide de 39-45\u00a0\u00bb ou encore \u00ab\u00a0Je vais exterminer tous les juifs, j\u2019ai la motivation et la haine\u00a0\u00bb.<\/p>\n<p class=\"mb-4 text-lg md:leading-8 break-words\">Le parquet de Bordeaux a indiqu\u00e9 avoir re\u00e7u un signalement, de la part du rectorat et de la r\u00e9gion acad\u00e9mique Nouvelle-Aquitaine, concernant cette discussion \u00ab\u00a0rassemblant plusieurs \u00e9tudiants de la r\u00e9sidence du Crous Fran\u00e7ois-Mauriac, situ\u00e9e \u00e0 Pessac\u00a0\u00bb, et qui aurait eu lieu \u00ab\u00a0dans la nuit du 11 au 12\u00a0novembre\u00a0\u00bb dernier. Au moins deux \u00e9tudiants ont \u00e9t\u00e9 clairement identifi\u00e9s comme \u00e9tant les auteurs de ces messages, et exclus de la r\u00e9sidence universitaire.<\/p>\n<p>L\u2019universit\u00e9 \u00ab\u00a0r\u00e9affirme son engagement \u00e0 lutter contre l\u2019antis\u00e9mitisme\u00a0\u00bb<\/p>\n<p class=\"mb-4 text-lg md:leading-8 break-words\">Le parquet a saisi le commissariat de Bordeaux des chefs de \u00ab\u00a0menace de mort r\u00e9it\u00e9r\u00e9e, commise en raison de la race, l\u2019ethnie, la nation ou la religion\u00a0\u00bb ainsi que de \u00ab\u00a0provocation publique \u00e0 la discrimination en raison de l\u2019origine, l\u2019ethnie, la nation, la race ou la religion.\u00a0\u00bb Les investigations sont en cours, notamment pour identifier d\u2019\u00e9ventuels autres participants.<\/p>\n<p class=\"mb-4 text-lg md:leading-8 break-words\">De son c\u00f4t\u00e9, l\u2019universit\u00e9 de Bordeaux, dans un communiqu\u00e9, dit avoir \u00ab\u00a0pris connaissance\u00a0\u00bb de ces propos \u00ab\u00a0d\u2019une extr\u00eame gravit\u00e9, \u00e0 caract\u00e8re injurieux et antis\u00e9mite\u00a0\u00bb. \u00ab\u00a0L\u2019universit\u00e9 de Bordeaux (&#8230;)<\/p>\n<p class=\"mb-4 text-lg md:leading-8 break-words\"><a href=\"https:\/\/www.20minutes.fr\/faits_divers\/faits-divers-bordeaux\/4192940-20251223-bordeaux-justice-enquete-apres-propos-antisemites-boucle-whatsapp-etudiants?at_medium=RSS%20feed&amp;at_campaign=ynews&amp;utm_source=yahoo&amp;utm_medium=rss&amp;utm_campaign=news_feed&amp;utm_content=read_more_link&quot;\" rel=\"nofollow noopener\" target=\"_blank\" data-ylk=\"slk:Lire la suite sur 20minutes;elm:context_link;itc:0;sec:content-canvas\" class=\"link \">Lire la suite sur 20minutes<\/a><\/p>\n<p>\u00c0 lire aussi :<br \/><a href=\"https:\/\/www.20minutes.fr\/faits_divers\/4192818-20251222-dordogne-france-trop-youpine-nunez-envisage-sanctions-contre-maire-propos-antisemites?at_medium=RSS%20feed&amp;at_campaign=ynews&amp;utm_source=yahoo&amp;utm_medium=rss&amp;utm_campaign=news_feed&amp;utm_content=related_content_link\" rel=\"nofollow noopener\" target=\"_blank\" data-ylk=\"slk:Dordogne\u00a0: \u00ab\u00a0France trop youpine\u00a0\u00bb\u2026 Nu\u00f1ez envisage des sanctions contre un maire pour des propos antis\u00e9mites;elm:context_link;itc:0;sec:content-canvas\" class=\"link \">Dordogne\u00a0: \u00ab\u00a0France trop youpine\u00a0\u00bb\u2026 Nu\u00f1ez envisage des sanctions contre un maire pour des propos antis\u00e9mites<\/a><br \/><a href=\"https:\/\/www.20minutes.fr\/societe\/4189457-20251203-lyon-universitaire-accuse-antisemitisme-suspendu-fonctions?at_medium=RSS%20feed&amp;at_campaign=ynews&amp;utm_source=yahoo&amp;utm_medium=rss&amp;utm_campaign=news_feed&amp;utm_content=related_content_link\" rel=\"nofollow noopener\" target=\"_blank\" data-ylk=\"slk:Lyon\u00a0: Un universitaire accus\u00e9 d\u2019antis\u00e9mitisme suspendu de ses fonctions;elm:context_link;itc:0;sec:content-canvas\" class=\"link \">Lyon\u00a0: Un universitaire accus\u00e9 d\u2019antis\u00e9mitisme suspendu de ses fonctions<\/a><\/p>\n","protected":false},"excerpt":{"rendered":"antis\u00e9mitisme &#8211; Le parquet a saisi le commissariat de Bordeaux apr\u00e8s le signalement de propos antis\u00e9mites, tenus dans&hellip;\n","protected":false},"author":2,"featured_media":619234,"comment_status":"","ping_status":"","sticky":false,"template":"","format":"standard","meta":{"footnotes":""},"categories":[2817],"tags":[1111,11,1997,6379,1777,674,1011,27,30920,12,2219,8437,25,33904],"class_list":{"0":"post-619233","1":"post","2":"type-post","3":"status-publish","4":"format-standard","5":"has-post-thumbnail","7":"category-bordeaux","8":"tag-actu","9":"tag-actualites","10":"tag-bordeaux","11":"tag-etudiants","12":"tag-eu","13":"tag-europe","14":"tag-fr","15":"tag-france","16":"tag-la-residence","17":"tag-news","18":"tag-nouvelle-aquitaine","19":"tag-propos","20":"tag-republique-francaise","21":"tag-residence-universitaire"},"share_on_mastodon":{"url":"https:\/\/pubeurope.com\/@fr\/115772626490492374","error":""},"_links":{"self":[{"href":"https:\/\/www.europesays.com\/fr\/wp-json\/wp\/v2\/posts\/619233","targetHints":{"allow":["GET"]}}],"collection":[{"href":"https:\/\/www.europesays.com\/fr\/wp-json\/wp\/v2\/posts"}],"about":[{"href":"https:\/\/www.europesays.com\/fr\/wp-json\/wp\/v2\/types\/post"}],"author":[{"embeddable":true,"href":"https:\/\/www.europesays.com\/fr\/wp-json\/wp\/v2\/users\/2"}],"replies":[{"embeddable":true,"href":"https:\/\/www.europesays.com\/fr\/wp-json\/wp\/v2\/comments?post=619233"}],"version-history":[{"count":0,"href":"https:\/\/www.europesays.com\/fr\/wp-json\/wp\/v2\/posts\/619233\/revisions"}],"wp:featuredmedia":[{"embeddable":true,"href":"https:\/\/www.europesays.com\/fr\/wp-json\/wp\/v2\/media\/619234"}],"wp:attachment":[{"href":"https:\/\/www.europesays.com\/fr\/wp-json\/wp\/v2\/media?parent=619233"}],"wp:term":[{"taxonomy":"category","embeddable":true,"href":"https:\/\/www.europesays.com\/fr\/wp-json\/wp\/v2\/categories?post=619233"},{"taxonomy":"post_tag","embeddable":true,"href":"https:\/\/www.europesays.com\/fr\/wp-json\/wp\/v2\/tags?post=619233"}],"curies":[{"name":"wp","href":"https:\/\/api.w.org\/{rel}","templated":true}]}}