{"id":619241,"date":"2025-12-24T04:27:36","date_gmt":"2025-12-24T04:27:36","guid":{"rendered":"https:\/\/www.europesays.com\/fr\/619241\/"},"modified":"2025-12-24T04:27:36","modified_gmt":"2025-12-24T04:27:36","slug":"bloc-notes-marseille-reste-a-batir","status":"publish","type":"post","link":"https:\/\/www.europesays.com\/fr\/619241\/","title":{"rendered":"Bloc-Notes : Marseille reste \u00e0 b\u00e2tir"},"content":{"rendered":"<p>Le pr\u00e9sident Emmanuel Macron, comme il s\u2019y \u00e9tait engag\u00e9, est venu faire un point sur l\u2019op\u00e9ration \u00ab\u00a0Marseille en grand\u00a0\u00bb et a \u00e9voqu\u00e9 la bataille du moment, la lutte contre le narcotrafic. Une visite express pour <strong><a href=\"https:\/\/gomet.net\/marseille-en-grand-62-des-projets-engages-ou-realises-mais-des-attentes-encore-tres-fortes\/\" data-type=\"link\" data-id=\"https:\/\/gomet.net\/marseille-en-grand-62-des-projets-engages-ou-realises-mais-des-attentes-encore-tres-fortes\/\" target=\"_blank\" rel=\"noreferrer noopener\">survoler des dossiers sensibles<\/a><\/strong>, faire le bonheur de quelques rares politiques et renforcer la prudence ou l\u2019amertume des autres. Dire aussi, aux Marseillais qui \u00e9taient convi\u00e9s \u00e0 l\u2019\u00e9couter, qu\u2019il les avait compris en les adjurant \u00e0 croire que ses solutions \u00e9taient les bonnes.<\/p>\n<p>Avec un quinquennat sur sa fin, beaucoup, on le comprend, sont rest\u00e9s sur leur faim. La France des m\u00e9dias s\u2019est, du reste, peu mobilis\u00e9e malgr\u00e9 force cam\u00e9ras et micros. Mais une fois encore, Marseille s\u2019est retrouv\u00e9e c\u0153ur de cible avec un cort\u00e8ge de clich\u00e9s qui ont la vie dure, et des r\u00e9alit\u00e9s t\u00eatues difficiles \u00e0 gommer, fusse d\u2019un coup de baguette magique pr\u00e9sidentiel.<\/p>\n<p>Pourtant, \u00e0 porter son regard dans le r\u00e9tro, on se rend compte que la cit\u00e9 de toutes les exag\u00e9rations, les d\u00e9rives, les passions, fascine depuis des si\u00e8cles. Et puisque le temps est aux cadeaux, voil\u00e0 quelques auteurs \u00e0 d\u00e9guster sans mod\u00e9ration comme un pastis complice o\u00f9 les gla\u00e7ons ne jetteraient pas un froid.\u00a0 \u00a0<\/p>\n<p><a data-no-instant=\"1\" href=\"https:\/\/gomet.net\/hors-serie-gomet-logement-2025\/\" rel=\"noopener nofollow\" class=\"a2t-link\" target=\"_blank\" aria-label=\"V1 widespread hs logement 2025\"><img loading=\"lazy\" decoding=\"async\" src=\"data:image\/svg+xml,%3Csvg%20xmlns=\" http:=\"\" alt=\"\" data-lazy- data-lazy- width=\"1950\" height=\"241\" style=\"display: inline-block;\" data-lazy-src=\"https:\/\/www.europesays.com\/fr\/wp-content\/uploads\/2025\/12\/v1-widespread-hs-logement-2025.png\"\/><\/a><img loading=\"lazy\" decoding=\"async\" width=\"1024\" height=\"768\" src=\"data:image\/svg+xml,%3Csvg%20xmlns=\" http:=\"\" alt=\"Animations de No\u00ebl \u00e0 Marseille en d\u00e9cembre 2025\" class=\"wp-image-381673\" data-lazy- data-lazy- data-lazy-src=\"https:\/\/www.europesays.com\/fr\/wp-content\/uploads\/2025\/12\/img_9657-1024x768.jpg\"\/>Animations de No\u00ebl \u00e0 Marseille en d\u00e9cembre 2025 dans le quartier de la mairie (Cr\u00e9dit Gomet\u2019)<\/p>\n<blockquote class=\"wp-block-quote is-layout-flow wp-block-quote-is-layout-flow\">\n<p>Marseille \u00ab\u00a0est une ville agit\u00e9e mais folklorique \u00bb alors que selon lui Paris \u00ab\u00a0est une ville agit\u00e9e mais anxiog\u00e8ne\u00a0\u00bb (Olivier Marchal)<\/p>\n<\/blockquote>\n<p>Olivier Marchal, toujours aussi amoureux des r\u00e9cits noirs, triomphe ainsi sur Netflix avec la saison 2 de Pax Massilia. Cet ancien flic, qui a laiss\u00e9 son flingue pour s\u2019armer d\u2019une cam\u00e9ra, aime filmer Marseille et cela se voit \u00e0 l\u2019\u00e9cran. R\u00e9cemment, il confiait \u00e0 La Provence son d\u00e9sir de ne tourner que dans cette ville o\u00f9 il \u00ab\u00a0habite 80% de son temps\u00a0\u00bb. Du coup, malgr\u00e9 ses racines bordelaises, il se veut \u00ab\u00a0Marseillais de c\u0153ur\u00a0\u00bb et affirme que Marseille \u00ab\u00a0est une ville agit\u00e9e mais folklorique \u00bb alors que selon lui Paris \u00ab\u00a0est une ville agit\u00e9e mais anxiog\u00e8ne\u00a0\u00bb. On veut donc bien croire que Marseille vaut bien une liesse, m\u00eame si sa s\u00e9rie ne laisse que peu de place \u00e0 l\u2019optimisme rigolard que quelques \u00ab\u00a0stand-upers\u00a0\u00bb s\u2019ent\u00eatent \u00e0 lui opposer. \u00a0<\/p>\n<p>Apr\u00e8s tout, il y a deux si\u00e8cles d\u00e9j\u00e0, le plus pessimiste des philosophes, Arthur Schopenhauer \u2013 \u00ab\u00a0La vie d\u2019un homme n\u2019est qu\u2019une lutte pour l\u2019existence avec la certitude d\u2019\u00eatre vaincu\u00a0\u00bb \u2013 parlait de \u00ab la plus belle ville de France \u00bb o\u00f9 \u00ab le temps change tellement qu\u2019on a souvent les quatre saisons le m\u00eame jour \u00bb (Le journal de voyage, Le Temps retrouv\u00e9). Et de proclamer\u00a0: \u00ab\u00a0Je suis convaincu que Marseille est la plus belle ville de France, elle est tellement diff\u00e9rente de toutes les autres.\u00a0\u00bb Il avait \u00e9t\u00e9 pr\u00e9c\u00e9d\u00e9 il est vrai dans cette affirmation par un autre observateur enthousiaste le Saint R\u00e9mois C\u00e9sar de Nostradamus (1503-1566)\u00a0qui affirmait que \u00ab\u00a0ceste ville maritime et demi-grecque\u00a0\u00bb \u00e9tait \u00ab\u00a0autant fid\u00e8le qu\u2019indomesticable, infor\u00e7able et puissante\u00a0\u00bb.\u00a0Et les canons de Louis XIV tourn\u00e9s vers le Vieux-Port s\u2019en souviennent encore.\u00a0<\/p>\n<p>Malgr\u00e9 toutes les m\u00e9disances colport\u00e9es, ce serait fauter de m\u00e9conna\u00eetre toutes les \u00e9vocations litt\u00e9raires qui, au fil du temps, ont r\u00e9habilit\u00e9 malgr\u00e9 les vents contraires Marseille la pestif\u00e9r\u00e9e, la rebelle, l\u2019inclassable.\u00a0<\/p>\n<blockquote class=\"wp-block-quote is-layout-flow wp-block-quote-is-layout-flow\">\n<p>\u00ab Le fond de ce climat est sain et le fond de ses habitants est bon \u00bb (Georges Sand)<\/p>\n<\/blockquote>\n<p>Georges Sand avec sa virile f\u00e9minit\u00e9 \u00e9crira tout haut ce que les d\u00e9tracteurs de la ville murmuraient tout bas. \u00ab\u00a0Marseille est une ville magnifique qui froisse et d\u00e9pla\u00eet au premier abord par la rudesse de son climat et de ses habitants. On s\u2019y fait pourtant, car le fond de ce climat est sain et le fond de ses habitants est bon (\u2026) On comprend qu\u2019on puisse s\u2019habituer \u00e0 la brutalit\u00e9 du mistral, aux col\u00e8res de la mer, et aux ardeurs d\u2019un implacable soleil, quand on trouve l\u00e0, dans une cit\u00e9 opulente, toutes les ressources de la civilisation \u00e0 tous les degr\u00e9s o\u00f9 on peut se les procurer, et quand on parcourt, sur un rayon de quelque \u00e9tendue, cette Provence aussi \u00e9trange et aussi belle en bien des endroits que beaucoup d\u2019endroits un peu trop vant\u00e9s de l\u2019Italie. \u00bb (Lettre\u00a0: 1839, s\u00e9jour \u00e0 Marseille, avec Fr\u00e9d\u00e9ric Chopin)\u00a0<\/p>\n<p>\u00a0\u00ab\u00a0Tutto va bene\u00a0\u00bb donc comme le disaient les \u00ab\u00a0babis\u00a0\u00bb r\u00e9fugi\u00e9s dans le quartier du Panier. M\u00eame si tout n\u2019allait pas si bien que cela pour ces Italiens qui survivaient dans ces rues que Victor Hugo d\u00e9crivait ainsi\u00a0: \u00ab Un tas de maisons sous un beau ciel\u00a0\u00bb.<\/p>\n<p>On ne s\u2019\u00e9tonnera pas de trouver en Guy de Maupassant la fascination pour Marseille et sa folie lui qui allait finir par y sombrer. \u00ab\u00a0Marseille palpite sous le gai soleil d\u2019un jour d\u2019\u00e9t\u00e9. Elle semble rire, avec ses grands caf\u00e9s pavois\u00e9s, ses chevaux coiff\u00e9s d\u2019un chapeau de paille comme pour une mascarade, ses gens affair\u00e9s et bruyants. Elle semble grise avec son accent qui chante par les rues, son accent que tout le monde fait sonner comme par d\u00e9fi. Ailleurs un Marseillais amuse, et para\u00eet une sorte d\u2019\u00e9tranger, \u00e9corchant le fran\u00e7ais\u00a0; \u00e0 Marseille, tous les Marseillais r\u00e9unis donnent \u00e0 l\u2019accent une exag\u00e9ration qui prend les allures d\u2019une farce.\u00a0\u00bb\u00a0 Et m\u00eame la cit\u00e9 canaille le s\u00e9duit et l\u2019inspire autant qu\u2019une boule de suif. \u00ab\u00a0Marseille au soleil transpire, comme une belle fille qui manquerait de soins, car elle sent l\u2019ail, la gueuse, et mille choses encore.\u00a0\u00bb (Au Soleil Guy de Maupassant Albin Michel).<\/p>\n<p><img loading=\"lazy\" decoding=\"async\" width=\"1024\" height=\"768\" src=\"data:image\/svg+xml,%3Csvg%20xmlns=\" http:=\"\" alt=\"Quartier le Panier\" class=\"wp-image-381672\" data-lazy- data-lazy- data-lazy-src=\"https:\/\/www.europesays.com\/fr\/wp-content\/uploads\/2025\/12\/img_9651-1024x768.jpg\"\/>Dans le quartier du Panier \u00e0 Marseille (Cr\u00e9dit Gomet\u2019)<\/p>\n<p>Un autre fou g\u00e9nial a failli poser ses pas en terre phoc\u00e9enne. Vincent Van Gogh voulait y admirer les bouquets du peintre marseillais Adolphe Monticelli qui l\u2019avaient \u00e9bloui \u00e0 Paris. H\u00e9las contrairement aux C\u00e9zanne, Braque, Derain et autres Dufy qui ne se lass\u00e8rent pas d\u2019admirer et d\u2019immortaliser sa baie depuis l\u2019Estaque, Van Gogh s\u2019arr\u00eata \u00e0 Arles pour le meilleur et le pire. Tous avaient en commun d\u2019avoir \u00e9t\u00e9 irradi\u00e9s par la lumi\u00e8re de Marseille.<\/p>\n<p>Ce littoral balay\u00e9 par le vent et br\u00fbl\u00e9 par le soleil qui laisse parfois \u00e0 croire \u00e0 un \u00ab\u00a0invincible \u00e9t\u00e9\u00a0\u00bb, Albert Camus dont le grand-p\u00e8re paternel \u00e9tait Marseillais l\u2019a parfaitement appr\u00e9hend\u00e9 en une phrase en assurant que la ville \u00e9tait \u00ab au croisement de ces multiples diagonales m\u00e9diterran\u00e9ennes. \u00bb <\/p>\n<p>Albert Londres l\u2019attestera avec sa \u00ab\u00a0Porte du Sud\u00a0\u00bb\u00a0: \u00ab J\u2019ai brav\u00e9 tant de difficult\u00e9s. J\u2019ai plant\u00e9 mon poteau au milieu de ce tourbillon et, comme Ulysse attach\u00e9 \u00e0 son m\u00e2t, j\u2019ai pu entendre, sans risquer d\u2019\u00eatre emport\u00e9, siffler toutes les sir\u00e8nes du grand port. C\u2019\u00e9taient les d\u00e9parts pour la Chine, les arriv\u00e9es des Indes. Ce jour, on embarquait de la jeunesse en uniforme pour le Maroc et autre Syrie. C\u2019\u00e9taient les \u00e9migrants de toutes langues, hagards sous le soleil, les Anglais pour qui Marseille n\u2019est qu\u2019un pont reliant Londres \u00e0 Bombay. C\u2019\u00e9taient les Italiens. Mais l\u00e0, il faut s\u2019arr\u00eater. Un jour, pour calmer mon esprit en proie au doute, j\u2019ai d\u00fb acheter une g\u00e9ographie et contr\u00f4ler de mes yeux que Marseille \u00e9tait bien dans un d\u00e9partement qui s\u2019appelait les Bouches-du-Rh\u00f4ne. J\u2019ai ferm\u00e9 la g\u00e9ographie. Le lendemain, je l\u2019ouvris de nouveau. Marseille \u00e9tait dans les Bouches-du-Rh\u00f4ne, cependant les Bouches-du-Rh\u00f4ne devaient \u00eatre en Italie. Eh bien\u00a0! non, ce d\u00e9partement \u00e9tait en France.\u00a0\u00bb (Marseille Porte du Sud, Albert Londres Babelio).<\/p>\n<p><img loading=\"lazy\" decoding=\"async\" width=\"1024\" height=\"768\" src=\"data:image\/svg+xml,%3Csvg%20xmlns=\" http:=\"\" alt=\"Marseille Noailles\" class=\"wp-image-381670\" data-lazy- data-lazy- data-lazy-src=\"https:\/\/www.europesays.com\/fr\/wp-content\/uploads\/2025\/12\/img_8461-1024x768.jpg\"\/>Dans le ventre de Marseille, quartier Noailles (Cr\u00e9dit Gomet\u2019)<\/p>\n<blockquote class=\"wp-block-quote is-layout-flow wp-block-quote-is-layout-flow\">\n<p>\u00ab Ces maisons, ces arbres, ces eaux, ces rochers, ces trottoirs qui peu \u00e0 peu allaient se r\u00e9v\u00e9ler \u00e0 moi et me r\u00e9v\u00e9ler \u00e0 moi-m\u00eame.\u00a0\u00bb (Simone de Beauvoir)<\/p>\n<\/blockquote>\n<p>Simone de Beauvoir nomm\u00e9e en 1931, pour son premier poste de professeur de Lettres au lyc\u00e9e de jeunes filles Montgrand, ressentira elle aussi ce vertige avant d\u2019y succomber. \u00ab\u00a0Je me rappelle mon arriv\u00e9e \u00e0 Marseille comme si elle avait marqu\u00e9 dans mon histoire un tournant absolument neuf. J\u2019avais laiss\u00e9 ma valise \u00e0 la consigne et je m\u2019immobilisai en haut du grand escalier. \u00ab\u00a0Marseille\u00a0\u00bb, me dis-je. Sous le ciel bleu, des tuiles ensoleill\u00e9es, des trous d\u2019ombre, des platanes couleur d\u2019automne\u00a0; au loin des collines et le bleu de la mer\u00a0; une rumeur montait de la ville avec une odeur d\u2019herbes br\u00fbl\u00e9es et des gens allaient, venaient au creux des rues noires. Marseille (\u2026). Et puis, un grand bonheur m\u2019avait \u00e9t\u00e9 donn\u00e9. Ici, je n\u2019existais pour personne\u00a0; quelque part, sous un de ces toits, j\u2019aurais \u00e0 faire quatorze heures de cours chaque semaine\u00a0: rien d\u2019autre n\u2019\u00e9tait pr\u00e9vu pour moi, pas m\u00eame le lit o\u00f9 je dormirais\u00a0; mes occupations, mes habitudes, mes plaisirs, c\u2019\u00e9tait \u00e0 moi de les inventer. Je me mis \u00e0 descendre l\u2019escalier\u00a0; je m\u2019arr\u00eatais \u00e0 chaque marche, \u00e9mue par ces maisons, ces arbres, ces eaux, ces rochers, ces trottoirs qui peu \u00e0 peu allaient se r\u00e9v\u00e9ler \u00e0 moi et me r\u00e9v\u00e9ler \u00e0 moi-m\u00eame.\u00a0\u00bb (La force de l\u2019\u00e2ge, Simone de Beauvoir Folio)<\/p>\n<blockquote class=\"wp-block-quote is-layout-flow wp-block-quote-is-layout-flow\">\n<p>\u00ab\u00a0La seule des capitales antiques qui ne nous \u00e9crase pas avec les monuments de son pass\u00e9 \u00bb (Blaise Cendrars)<\/p>\n<\/blockquote>\n<p>Blaise Cendrars qui a fait de la p\u00e8gre la chair de ses romans, a \u00e9t\u00e9 fascin\u00e9 de la m\u00eame fa\u00e7on par cette cit\u00e9, qui fut nomm\u00e9e \u00ab\u00a0ville sans nom\u00a0\u00bb quelques semaines en 1794, pour avoir tenu t\u00eate aux Jacobins. Pour Cendrars et tant d\u2019autres sa singularit\u00e9 n\u2019avait en effet pas de nom. Il estimait qu\u2019elle \u00e9tait \u00ab\u00a0la seule des capitales antiques qui ne nous \u00e9crase pas avec les monuments de son pass\u00e9 (\u2026) Elle a l\u2019air bon enfant et rigolarde. Elle est sale et mal foutue. Mais c\u2019est n\u00e9anmoins une des villes les plus myst\u00e9rieuses du monde et des plus difficiles \u00e0 d\u00e9chiffrer. Je crois tout simplement que Marseille a eu de la chance, d\u2019o\u00f9 son exub\u00e9rance, sa magnifique vitalit\u00e9, son d\u00e9sordre, sa d\u00e9sinvolture. \u00bb et l\u2019\u00e9crivain de d\u00e9crire \u00ab cet air de secret sur lequel on bute partout \u00e0 Marseille (\u2026) Jamais Marseille n\u2019a essay\u00e9 de se d\u00e9passer et de faire grand, trop grand, voire grandiose. C\u2019est une ville qui reste humaine.\u00a0\u00bb. (Le Vieux Port, Blaise Cendrars, Flammarion).<\/p>\n<p>Londres ne dit pas autre chose lorsqu\u2019il affirme qu\u2019elle \u00ab\u00a0engage, en notre nom, la conversation avec la terre enti\u00e8re\u00a0\u00bb. Toutes choses bonnes \u00e0 rappeler alors qu\u2019\u00e0 la veille d\u2019un nouveau scrutin quelques ignares appellent au repli, au ghetto, \u00e0 l\u2019apartheid. Et pour ceux qui douteraient encore de la place que Marseille tient dans la sph\u00e8re litt\u00e9raire une affirmation de l\u2019historien Claude Camou parlant de l\u2019immense auteur du Comte de Montecristo devrait les convaincre\u00a0: \u00ab\u00a0si Alexandre Dumas n\u2019\u00e9tait pas marseillais, il aurait m\u00e9rit\u00e9 de l\u2019\u00eatre.\u00a0\u00bb.<\/p>\n<p>Puisqu\u2019enfin nous voulons croire en ces temps turbulents que la po\u00e9sie adoucit les m\u0153urs, citons Jean Cocteau, lui aussi \u00e9pris de la ville.<br \/>\u00ab\u00a0Les caf\u00e9s de Marseille<br \/>Sont plus beaux que le port<br \/>Les marins s\u2019y asseyent<br \/>Dans des carrosses d\u2019or<br \/>Ou bien sur leurs \u00e9paules<br \/>D\u00e9chargent les bateaux<br \/>Plein des glaces du p\u00f4le<br \/>De fruits et de g\u00e2teaux\u00a0\u00bb.<\/p>\n<p>(Le fant\u00f4me de Marseille, Autres temps)<\/p>\n<p>Ou pour revenir \u00e0 la politique, Fran\u00e7ois Mitterrand, pr\u00e9sident de la R\u00e9publique remerciant de l\u2019invitation du maire de \u00ab\u00a0l\u2019offrande qui vient de m\u2019\u00eatre faite, de ce souvenir ancr\u00e9 dans votre histoire et je dirai sans ambages que pour moi, venir \u00e0 Marseille, cela a toujours repr\u00e9sent\u00e9 une \u00e9tape heureuse. Que de fois ai-je pu y vivre des heures, non seulement d\u2019action ou de discours, mais aussi de d\u00e9tente, de conversation qui duraient tard le soir, o\u00f9 l\u2019on faisait quoi donc ? Rien d\u2019autre que de reb\u00e2tir le monde.\u00a0\u00bb<\/p>\n<p>Voil\u00e0 une mission qui est loin d\u2019\u00eatre aboutie et alors que l\u2019aube d\u2019une nouvelle ann\u00e9e pointe ses premiers rayons, on se prend \u00e0 songer que les hommes et les femmes, qui pr\u00e9tendent guider la ville, soient \u00e0 la hauteur de ceux qui l\u2019ont c\u00e9l\u00e9br\u00e9e par l\u2019image, les vers, la prose. Dans Total Kh\u00e9ops l\u2019immense <strong><a href=\"https:\/\/www.babelio.com\/livres\/Izzo-Total-Kheops\/10069\" data-type=\"link\" data-id=\"https:\/\/www.babelio.com\/livres\/Izzo-Total-Kheops\/10069\" target=\"_blank\" rel=\"noopener\">Jean-Claude Izzo<\/a> <\/strong>d\u00e9crivant le Panier \u00e9crit \u00ab\u00a0la r\u00e9novation du quartier avait quelque chose d\u2019inachev\u00e9.\u00a0\u00bb La ville toute enti\u00e8re a besoin de reb\u00e2tir ses r\u00eaves.\u00a0<\/p>\n<p><img loading=\"lazy\" decoding=\"async\" width=\"1024\" height=\"768\" src=\"data:image\/svg+xml,%3Csvg%20xmlns=\" http:=\"\" alt=\"Jardin Valmer\" class=\"wp-image-381671\" data-lazy- data-lazy- data-lazy-src=\"https:\/\/www.europesays.com\/fr\/wp-content\/uploads\/2025\/12\/img_9346-1024x768.jpg\"\/>Le Parc Valmer en surplom de la M\u00e9diterran\u00e9e (Cr\u00e9dit Gomet\u2019)<\/p>\n<p class=\"has-background\" style=\"background-color:#edf0f3\">Lien utile :<br \/>Tous les bloc-notes d\u2019Herv\u00e9 Nedelec, <a href=\"https:\/\/gomet.net\/?s=Bloc-Notes\" data-type=\"link\" data-id=\"https:\/\/gomet.net\/?s=Bloc-Notes\" target=\"_blank\" rel=\"noopener\"><strong>\u00e0 lire et relire !<\/strong><\/a><\/p>\n","protected":false},"excerpt":{"rendered":"Le pr\u00e9sident Emmanuel Macron, comme il s\u2019y \u00e9tait engag\u00e9, est venu faire un point sur l\u2019op\u00e9ration \u00ab\u00a0Marseille en&hellip;\n","protected":false},"author":2,"featured_media":619242,"comment_status":"","ping_status":"","sticky":false,"template":"","format":"standard","meta":{"footnotes":""},"categories":[2814],"tags":[1111,11,1777,674,1011,27,884,12,882,25],"class_list":{"0":"post-619241","1":"post","2":"type-post","3":"status-publish","4":"format-standard","5":"has-post-thumbnail","7":"category-marseille","8":"tag-actu","9":"tag-actualites","10":"tag-eu","11":"tag-europe","12":"tag-fr","13":"tag-france","14":"tag-marseille","15":"tag-news","16":"tag-provence-alpes-cote-dazur","17":"tag-republique-francaise"},"share_on_mastodon":{"url":"https:\/\/pubeurope.com\/@fr\/115772656502607625","error":""},"_links":{"self":[{"href":"https:\/\/www.europesays.com\/fr\/wp-json\/wp\/v2\/posts\/619241","targetHints":{"allow":["GET"]}}],"collection":[{"href":"https:\/\/www.europesays.com\/fr\/wp-json\/wp\/v2\/posts"}],"about":[{"href":"https:\/\/www.europesays.com\/fr\/wp-json\/wp\/v2\/types\/post"}],"author":[{"embeddable":true,"href":"https:\/\/www.europesays.com\/fr\/wp-json\/wp\/v2\/users\/2"}],"replies":[{"embeddable":true,"href":"https:\/\/www.europesays.com\/fr\/wp-json\/wp\/v2\/comments?post=619241"}],"version-history":[{"count":0,"href":"https:\/\/www.europesays.com\/fr\/wp-json\/wp\/v2\/posts\/619241\/revisions"}],"wp:featuredmedia":[{"embeddable":true,"href":"https:\/\/www.europesays.com\/fr\/wp-json\/wp\/v2\/media\/619242"}],"wp:attachment":[{"href":"https:\/\/www.europesays.com\/fr\/wp-json\/wp\/v2\/media?parent=619241"}],"wp:term":[{"taxonomy":"category","embeddable":true,"href":"https:\/\/www.europesays.com\/fr\/wp-json\/wp\/v2\/categories?post=619241"},{"taxonomy":"post_tag","embeddable":true,"href":"https:\/\/www.europesays.com\/fr\/wp-json\/wp\/v2\/tags?post=619241"}],"curies":[{"name":"wp","href":"https:\/\/api.w.org\/{rel}","templated":true}]}}