{"id":619243,"date":"2025-12-24T04:28:21","date_gmt":"2025-12-24T04:28:21","guid":{"rendered":"https:\/\/www.europesays.com\/fr\/619243\/"},"modified":"2025-12-24T04:28:21","modified_gmt":"2025-12-24T04:28:21","slug":"mercato-om-bataille-marseille-lyon-pour-abdelli","status":"publish","type":"post","link":"https:\/\/www.europesays.com\/fr\/619243\/","title":{"rendered":"Mercato OM &#8211; bataille Marseille\/Lyon pour Abdelli"},"content":{"rendered":"<p>Un profil recherch\u00e9 sur le march\u00e9 hivernal<\/p>\n<p>Dans un contexte \u00e9conomique contraint pour les clubs de Ligue 1, le prochain mercato d\u2019hiver devrait faire la part belle aux joueurs en fin de contrat. <strong>Himad Abdelli<\/strong> coche toutes les cases. Le milieu offensif d\u2019<strong>Angers SCO<\/strong>, libre en juin prochain, repr\u00e9sente une opportunit\u00e9 de march\u00e9 rare \u00e0 quelques mois de la fin de son bail.<\/p>\n<p>Un cadre technique chez une \u00e9quipe surprise<\/p>\n<p>Sans afficher des statistiques spectaculaires, avec deux buts inscrits en treize rencontres, Abdelli n\u2019en demeure pas moins le barom\u00e8tre du collectif angevin, actuellement dixi\u00e8me du championnat. Cr\u00e9atif et juste techniquement, l\u2019international alg\u00e9rien de 26 ans a franchi un cap cette saison, comme il l\u2019expliquait r\u00e9cemment : \u00ab je reviens \u00e0 100% (\u2026). J\u2019ai maintenant l\u2019exp\u00e9rience de la Ligue 1, je ne suis plus g\u00ean\u00e9 par les douleurs. Je pense que cette ann\u00e9e \u00e7a peut \u00eatre ma saison r\u00e9f\u00e9rence \u00bb.<\/p>\n<p>L\u2019OM et l\u2019OL d\u00e9j\u00e0 \u00e0 l\u2019offensive<\/p>\n<p><a class=\"transfer-icon\" href=\"https:\/\/www.lephoceen.fr\/infos-om\/mercato\/mercato-om-explication-des-feux-verts-pour-les-depeches-mercato-203957\" data-icon=\"nonofficial2\" target=\"_blank\" rel=\"noopener\"><img decoding=\"async\" style=\"display:inline-flex\" src=\"https:\/\/www.europesays.com\/fr\/wp-content\/uploads\/2025\/05\/nonofficiel2.png\"\/><\/a>Actuellement au Maroc pour disputer la <strong>CAN<\/strong> avec l\u2019<strong>Algerie<\/strong>, Abdelli reste pleinement sollicit\u00e9. Selon les informations de Foot Mercato, l\u2019<strong>Olympique de Marseille<\/strong> et l\u2019<strong>Olympique Lyonnais<\/strong> ont tous deux avanc\u00e9 leurs pions dans ce dossier. Le joueur, qui doit affronter le Soudan avec les Fennecs ce mercredi, ne souhaite toutefois pas faire durer les discussions.<\/p>\n<p>D\u00e8s le 1er janvier, le milieu angevin pourra s\u2019engager librement pour une arriv\u00e9e en juillet, ou faire l\u2019objet d\u2019un transfert \u00e0 moindre co\u00fbt cet hiver. Fort de plus de 200 matches professionnels disput\u00e9s en France, Abdelli entend \u00eatre fix\u00e9 rapidement sur son avenir. Son nom a \u00e9galement \u00e9t\u00e9 associ\u00e9 au <strong>Seville FC<\/strong> ces derniers jours, preuve de l\u2019int\u00e9r\u00eat suscit\u00e9 par son profil.<\/p>\n<p>Notre r\u00f4le, c\u2019est de vous faciliter la vie : on rassemble un max d\u2019infos sur l\u2019OM au m\u00eame endroit, m\u00eame quand les sources se contredisent. Oui, \u00e7a arrive, mais c\u2019est le jeu du mercato et de l\u2019info en continu.<br \/>\nCe qu\u2019on veut, c\u2019est que vous ne manquiez rien sur notre club de c\u0153ur. Et comme aimer l\u2019OM, c\u2019est aussi aimer le foot, on vous relaye chaque jour l\u2019essentiel de ce sport qui nous fait vibrer.<\/p>\n","protected":false},"excerpt":{"rendered":"Un profil recherch\u00e9 sur le march\u00e9 hivernal Dans un contexte \u00e9conomique contraint pour les clubs de Ligue 1,&hellip;\n","protected":false},"author":2,"featured_media":113003,"comment_status":"","ping_status":"","sticky":false,"template":"","format":"standard","meta":{"footnotes":""},"categories":[2814],"tags":[1111,11,1777,674,1011,27,884,12,882,25],"class_list":{"0":"post-619243","1":"post","2":"type-post","3":"status-publish","4":"format-standard","5":"has-post-thumbnail","7":"category-marseille","8":"tag-actu","9":"tag-actualites","10":"tag-eu","11":"tag-europe","12":"tag-fr","13":"tag-france","14":"tag-marseille","15":"tag-news","16":"tag-provence-alpes-cote-dazur","17":"tag-republique-francaise"},"share_on_mastodon":{"url":"https:\/\/pubeurope.com\/@fr\/115772660492043662","error":""},"_links":{"self":[{"href":"https:\/\/www.europesays.com\/fr\/wp-json\/wp\/v2\/posts\/619243","targetHints":{"allow":["GET"]}}],"collection":[{"href":"https:\/\/www.europesays.com\/fr\/wp-json\/wp\/v2\/posts"}],"about":[{"href":"https:\/\/www.europesays.com\/fr\/wp-json\/wp\/v2\/types\/post"}],"author":[{"embeddable":true,"href":"https:\/\/www.europesays.com\/fr\/wp-json\/wp\/v2\/users\/2"}],"replies":[{"embeddable":true,"href":"https:\/\/www.europesays.com\/fr\/wp-json\/wp\/v2\/comments?post=619243"}],"version-history":[{"count":0,"href":"https:\/\/www.europesays.com\/fr\/wp-json\/wp\/v2\/posts\/619243\/revisions"}],"wp:featuredmedia":[{"embeddable":true,"href":"https:\/\/www.europesays.com\/fr\/wp-json\/wp\/v2\/media\/113003"}],"wp:attachment":[{"href":"https:\/\/www.europesays.com\/fr\/wp-json\/wp\/v2\/media?parent=619243"}],"wp:term":[{"taxonomy":"category","embeddable":true,"href":"https:\/\/www.europesays.com\/fr\/wp-json\/wp\/v2\/categories?post=619243"},{"taxonomy":"post_tag","embeddable":true,"href":"https:\/\/www.europesays.com\/fr\/wp-json\/wp\/v2\/tags?post=619243"}],"curies":[{"name":"wp","href":"https:\/\/api.w.org\/{rel}","templated":true}]}}