{"id":619250,"date":"2025-12-24T04:34:16","date_gmt":"2025-12-24T04:34:16","guid":{"rendered":"https:\/\/www.europesays.com\/fr\/619250\/"},"modified":"2025-12-24T04:34:16","modified_gmt":"2025-12-24T04:34:16","slug":"le-psg-et-lom-plutot-discrets-lol-et-le-paris-fc-en-action-a-quels-mouvements-faut-il-sattendre-en-ligue-1","status":"publish","type":"post","link":"https:\/\/www.europesays.com\/fr\/619250\/","title":{"rendered":"le PSG et l\u2019OM (plut\u00f4t) discrets, l\u2019OL et le Paris FC en action&#8230; \u00c0 quels mouvements faut-il s\u2019attendre en Ligue 1 ?"},"content":{"rendered":"<p>\n    <strong>D\u00c9CRYPTAGE &#8211;<\/strong> Le mercato hivernal ouvrira ses portes le 1er janvier 2026 pour les clubs de Ligue 1 qui n\u2019auront chacun pas les m\u00eames moyens, ni les m\u00eames objectifs, durant cette p\u00e9riode.<\/p>\n<p class=\"fig-paragraph\">1er janvier 2026, premier jour de la nouvelle ann\u00e9e, synonyme des r\u00e9solutions de chacun mais aussi d\u2019ouverture du\u00a0<a href=\"http:\/\/www.lefigaro.fr\/sports\/football\/ligue-1\/ligue-1-j-espere-que-tout-le-temps-que-durera-ma-presidence-de-zerbi-sera-mon-entraineur-assure-longoria-20251218\" data-fig-type=\"NewsFlash\" data-gtm-custom-categorie=\"navigation\" data-gtm-custom-action=\"crossclick\" data-gtm-custom-label=\"Contextuel\" data-gtm-event=\"customEventSPE\" data-fig-domain=\"LEFIGARO\" target=\"_blank\" rel=\"noopener\">mercato hivernal.\u00a0<\/a>Jusqu\u2019au lundi 2 f\u00e9vrier \u00e0 20h, la traditionnelle fen\u00eatre des transferts \u00e0 mi-saison donnera aux clubs de Ligue 1 la possibilit\u00e9 d\u2019ajuster leurs effectifs pour remplir les objectifs fix\u00e9s. Qui sera le plus actif\u00a0? Qui va jouer la carte de la stabilit\u00e9\u00a0? Qui a besoin de vendre\u00a0? \u00c9l\u00e9ments de r\u00e9ponse \u00e0 quelques jours du d\u00e9but des hostilit\u00e9s.<\/p>\n<p>                                            Lens, PSG, OM\u2026 Un podium qui devrait rester sage<\/p>\n<p class=\"fig-paragraph\">Surprenant leader de Ligue 1, le Racing Club Lens,\u00a0<a href=\"http:\/\/www.lefigaro.fr\/sports\/football\/ligue-1\/ce-sont-des-visionnaires-qui-sont-ces-hommes-cles-qui-font-briller-le-rc-lens-et-chahutent-le-psg-20251213\" data-fig-type=\"Article\" data-gtm-custom-categorie=\"navigation\" data-gtm-custom-action=\"crossclick\" data-gtm-custom-label=\"Contextuel\" data-gtm-event=\"customEventSPE\" data-fig-domain=\"LEFIGARO\" target=\"_blank\" rel=\"noopener\">qui r\u00e9colte les fruits de son mercato estival<\/a>, ne devrait pas faire de folies cet hiver. Le mois de janvier s\u2019annonce ainsi plut\u00f4t calme chez les Sang et Or d\u2019autant qu\u2019ils ont d\u00e9j\u00e0 anticip\u00e9 en annon\u00e7ant d\u00e8s ce mardi\u00a0<a href=\"http:\/\/www.lefigaro.fr\/sports\/football\/transferts\/mercato-le-rc-lens-fete-noel-avant-l-heure-avec-l-arrivee-d-amadou-haidara-en-provenance-du-rb-leipzig-20251223\" data-fig-type=\"NewsFlash\" data-gtm-custom-categorie=\"navigation\" data-gtm-custom-action=\"crossclick\" data-gtm-custom-label=\"Contextuel\" data-gtm-event=\"customEventSPE\" data-fig-domain=\"LEFIGARO\" target=\"_blank\" rel=\"noopener\">l\u2019arriv\u00e9e du milieu de terrain malien Amadou Haidara<\/a>, en provenance du RB Leipzig. La nouvelle recrue rejoindra l\u2019\u00e9quipe de Pierre Sage \u00e0 l\u2019issue de la Coupe d\u2019Afrique des Nations et devrait remplacer num\u00e9riquement le Nig\u00e9rian Hamzat Ojediran, annonc\u00e9 partant. Pour le reste, pas de grands mouvements \u00e0 pr\u00e9voir du c\u00f4t\u00e9 de Lens. On ne change pas une \u00e9quipe qui gagne\u00a0?<\/p>\n<p>                                            <a class=\"fig-a11y-skip\" href=\"#fig-a11y-skip-main-inarticle\" data-module=\"a11y-skip\" data-context=\"was @visible\"><br \/>\n    Passer la publicit\u00e9<br \/>\n<\/a>            <\/p>\n<p class=\"fig-paragraph\">Chez son dauphin, le Paris Saint-Germain, la stabilit\u00e9 devrait \u00e9galement pr\u00e9valoir, sauf surprise, dans la lign\u00e9e d\u2019un \u00e9t\u00e9 \u00e0 seulement deux arriv\u00e9es majeures (Illya Zabarnyi et Lucas Chevalier). L\u2019entra\u00eeneur parisien Luis Enrique a toutefois r\u00e9p\u00e9t\u00e9 r\u00e9cemment \u00eatre \u00abouvert\u00bb \u00e0 toute op\u00e9ration. \u00abMais c\u2019est difficile de signer un joueur au PSG, que ce soit cet hiver ou au mercato d\u2019\u00e9t\u00e9\u00bb, a ajout\u00e9 le technicien espagnol, pr\u00e9cisant\u00a0<a href=\"http:\/\/www.lefigaro.fr\/sports\/football\/coupe-de-france\/on-n-a-pas-peur-de-leur-donner-des-opportunites-pourquoi-luis-enrique-et-le-psg-ouvrent-en-grand-la-cage-aux-titis-20251220\" data-fig-type=\"NewsFlash\" data-gtm-custom-categorie=\"navigation\" data-gtm-custom-action=\"crossclick\" data-gtm-custom-label=\"Contextuel\" data-gtm-event=\"customEventSPE\" data-fig-domain=\"LEFIGARO\" target=\"_blank\" rel=\"noopener\">\u00abfaire confiance aux titis\u00bb<\/a>. \u00abOn va regarder, c\u2019est normal. Mais on est confiant en ce qu\u2019on fait et on est ouverts, comme d\u2019habitude.\u00bb<\/p>\n<p class=\"fig-paragraph\">Comme \u00e0 Paris, la carte jeunes compte aussi \u00e0 Marseille puisque l\u2019OM esp\u00e8re, selon plusieurs sources, prolonger rapidement le contrat de ses \u00abminots\u00bb (Vaz, Bakola et Mmadi) qui ont gagn\u00e9 du temps de jeu ces derni\u00e8res semaines. Sinon, le coach Roberto De Zerbi a \u00e9mis l\u2019id\u00e9e d\u2019engager un milieu offensif \u00abnum\u00e9ro 10\u00bb, un profil correspondant \u00e0 l\u2019Angevin Imad Abdelli\u2026 (voir plus bas). En conf\u00e9rence de presse la semaine pass\u00e9e, son pr\u00e9sident Pablo Longoria a rappel\u00e9 de son c\u00f4t\u00e9 que l\u2019objectif du club \u00abest quand m\u00eame d\u2019all\u00e9ger le co\u00fbt de l\u2019\u00e9quipe\u00bb, sans pour autant \u00abse priver d\u2019un joueur important de l\u2019effectif.\u00bb \u00abS\u2019il y a quand m\u00eame des possibilit\u00e9s, je crois qu\u2019il est n\u00e9cessaire d\u2019avoir un joueur offensif en plus\u00bb, a compl\u00e9t\u00e9 le dirigeant marseillais qui, on l\u2019a compris, ne fera pas sauter la banque.<\/p>\n<p>                                            L\u2019OL et le Paris FC ont du pain sur la planche<\/p>\n<p class=\"fig-paragraph\">Engag\u00e9 dans une cure d\u2019aust\u00e9rit\u00e9, l\u2019Olympique Lyonnais cherche, lui, les bonnes id\u00e9es avec peu de millions dans les caisses pour \u00e9toffer un effectif limit\u00e9, particuli\u00e8rement en attaque. Premi\u00e8re bonne nouvelle, l\u2019attaquant br\u00e9silien du Real Madrid Endrick (19 ans)\u00a0<a href=\"http:\/\/www.lefigaro.fr\/sports\/football\/ligue-1\/ligue-1-endrick-rejoint-officiellement-e-pret-l-olympique-lyonnais-en-provenance-du-real-madrid-20251223\" data-fig-type=\"NewsFlash\" data-gtm-custom-categorie=\"navigation\" data-gtm-custom-action=\"crossclick\" data-gtm-custom-label=\"Contextuel\" data-gtm-event=\"customEventSPE\" data-fig-domain=\"LEFIGARO\" target=\"_blank\" rel=\"noopener\">va rejoindre l\u2019OL le 1er janvier<\/a>\u00a0en pr\u00eat payant d\u2019un million d\u2019euros, sans option d\u2019achat. Actuellement \u00e0 la CAN avec l\u2019Alg\u00e9rie, Himad Abdelli pourrait l\u2019imiter, d\u2019apr\u00e8s L\u2019\u00c9quipe et Foot Mercato, en quittant le SCO d\u2019Angers \u00e0 six mois de la fin de son contrat. Qu\u2019importe la concurrence incarn\u00e9e par l\u2019OM dans ce dossier, le transfert reste faisable \u00e9conomiquement pour les Gones, qui ont annonc\u00e9 la vente d\u00e9finitive du lat\u00e9ral droit Sa\u00ebl Kumbedi au club allemand de Wolfsburg (6 millions d\u2019euros + 2 de bonus et 10% sur une plus-value). Le mois prochain s\u2019annonce quoi qu\u2019il arrive mouvement\u00e9 \u00e0 Lyon.<\/p>\n<p class=\"fig-paragraph\">Dans une situation plus critique sur le plan sportif (14e de Ligue 1), le Paris FC va chercher \u00e0 recruter \u00e0 toutes les lignes. Selon les informations du\u00a0<a href=\"https:\/\/www.leparisien.fr\/sports\/football\/paris-fc\/mercato-paris-fc-avec-jusqua-cinq-renforts-attendus-le-promu-parisien-est-decide-a-frapper-fort-cet-hiver-22-12-2025-YPO532UJNRG7DOIMAHB23EXDIY.php\" target=\"_blank\" rel=\"sponsored noopener\" data-gtm-custom-categorie=\"navigation\" data-gtm-custom-action=\"crossclick\" data-gtm-custom-label=\"Contextuel\" data-gtm-event=\"customEventSPE\">Parisien<\/a>, le club d\u00e9tenu par la famille Arnault, qui compose avec les absences de joueurs partis \u00e0 la CAN (Kebbal, Chergui, Simon, Krasso, Traor\u00e9), esp\u00e8re jusqu\u2019\u00e0 cinq renforts cet hiver. \u00abOn se dirige vers un mix entre achats et pr\u00eats\u00bb, \u00e9crit le quotidien parisien. Le promu chercherait \u00e0 convaincre \u00abdes joueurs r\u00e9f\u00e9renc\u00e9s, mais qui auraient moins de temps de jeu ces derniers temps\u00bb, afin d\u2019effacer les d\u00e9ceptions de l\u2019\u00e9t\u00e9 dernier (Geubbels, Ikon\u00e9\u2026). La piste Arnaud Kalimuendo, ancien Rennais \u00e9voluant \u00e0 Nottingham Forest, est notamment \u00e9voqu\u00e9e. Affaires \u00e0 suivre\u2026<\/p>\n<p>                                            Quelques retouches chez les outsiders\u00a0?<\/p>\n<p class=\"fig-paragraph\">Chez les pr\u00e9tendants \u00e0 l\u2019Europe &#8211; aux r\u00e9alit\u00e9s \u00e9conomiques diff\u00e9rentes &#8211; peu de mouvements d\u2019envergure sont annonc\u00e9s. D\u00e9cim\u00e9 en d\u00e9fense centrale (Alexsandro bless\u00e9, Mbemba et Mandi partis \u00e0 la CAN),\u00a0<a href=\"http:\/\/www.lefigaro.fr\/sports\/football\/ligue-1\/ligue-1-lille-va-reflechir-au-mercato-d-hiver-pour-pallier-les-absences-en-defense-20251108\" data-fig-type=\"NewsFlash\" data-gtm-custom-categorie=\"navigation\" data-gtm-custom-action=\"crossclick\" data-gtm-custom-label=\"Contextuel\" data-gtm-event=\"customEventSPE\" data-fig-domain=\"LEFIGARO\" target=\"_blank\" rel=\"noopener\">Lille va \u00abr\u00e9fl\u00e9chir pour pallier les absences\u00bb\u00a0<\/a>avait annonc\u00e9 son entra\u00eeneur Bruno Genesio. Le Stade Rennais d\u2019Habib Beye, qui a tr\u00e8s bien termin\u00e9 2025, ne s\u2019activera qu\u2019en cas de d\u00e9part, r\u00e9v\u00e8le\u00a0<a href=\"https:\/\/www.lequipe.fr\/Football\/Article\/Rennes-ne-devrait-pas-faire-de-folie-lors-du-mercato-hivernal-on-ne-bougera-que-s-il-y-a-des-departs\/1627990\" target=\"_blank\" rel=\"sponsored noopener\" data-gtm-custom-categorie=\"navigation\" data-gtm-custom-action=\"crossclick\" data-gtm-custom-label=\"Contextuel\" data-gtm-event=\"customEventSPE\">L\u2019\u00c9quipe.<\/a> \u00a0M\u00eame chose pour l\u2019AS Monaco, dont le bilan du mercato estival fait de coups de poker (Pogba, Fati, Dier) s\u2019av\u00e8re (tr\u00e8s) mitig\u00e9 pour le moment. Probl\u00e8me, le club de la Principaut\u00e9 manque de liquidit\u00e9s pour corriger ses erreurs et passer \u00e0 l\u2019action en janvier, alors que l\u2019attaquant japonais\u00a0<a href=\"http:\/\/www.lefigaro.fr\/sports\/football\/ligue-1\/ligue-1-rupture-du-ligament-croise-pour-minamino-20251222\" data-fig-type=\"NewsFlash\" data-gtm-custom-categorie=\"navigation\" data-gtm-custom-action=\"crossclick\" data-gtm-custom-label=\"Contextuel\" data-gtm-event=\"customEventSPE\" data-fig-domain=\"LEFIGARO\" target=\"_blank\" rel=\"noopener\">Takumi Minamino<\/a>\u00a0sera absent plusieurs mois.<\/p>\n<p>                                            <a class=\"fig-a11y-skip\" href=\"#fig-a11y-skip-main-inarticle_mtf\" data-module=\"a11y-skip\" data-context=\"was @visible\"><br \/>\n    Passer la publicit\u00e9<br \/>\n<\/a>            <\/p>\n<p class=\"fig-paragraph\">Du c\u00f4t\u00e9 de Strasbourg, tout d\u00e9pendra encore des volont\u00e9s de l\u2019actionnaire multipropri\u00e9taire BlueCo, \u00e9galement \u00e0 la t\u00eate de Chelsea faut-il le rappeler. \u00c0 Toulouse, 8e de l\u2019\u00e9lite, un seul milieu de terrain pourrait d\u00e9barquer cet hiver pour remplacer le Ghan\u00e9en Francis Abu, gravement bless\u00e9, avance\u00a0<a href=\"https:\/\/www.lequipe.fr\/Football\/Actualites\/Avec-la-longue-absence-de-francis-abu-toulouse-espere-recruter-un-milieu-de-terrain\/1627899\" target=\"_blank\" rel=\"sponsored noopener\" data-gtm-custom-categorie=\"navigation\" data-gtm-custom-action=\"crossclick\" data-gtm-custom-label=\"Contextuel\" data-gtm-event=\"customEventSPE\">L\u2019\u00c9quipe.<\/a><\/p>\n<p>                                            Pour les autres, il faut trouver de l\u2019argent avant de recruter<\/p>\n<p class=\"fig-paragraph\">En bas de tableau, les clubs jouant leur survie en Ligue 1 aimeraient \u00e9videmment se renforcer. Mais, ce n\u2019est un secret pour personne, les finances sont dans le rouge. L\u2019AJ Auxerre, qui envisage une recrue par ligne (L\u2019\u00c9quipe), et Le Havre sont condamn\u00e9s \u00e0 vendre avant d\u2019acheter. M\u00eame constat pour Lorient, Brest et Metz qui, d\u00e9j\u00e0 l\u2019\u00e9t\u00e9 dernier, marchaient sur des \u0153ufs lors de la moindre op\u00e9ration comptable. Dans l\u2019Ouest, le FC Nantes cible des joueurs exp\u00e9riment\u00e9s et \u00e0 moindre co\u00fbt (Sotoca, Cabella\u2026) pour d\u00e9crocher le maintien. \u00c0 l\u2019inverse, le SCO d\u2019Angers craint davantage les d\u00e9parts de ses titulaires d\u00e9sormais convoit\u00e9s (Abdelli, Ch\u00e9rif, Peter\u2026) apr\u00e8s une premi\u00e8re partie de saison bien au-del\u00e0 des esp\u00e9rances (10e apr\u00e8s 16 journ\u00e9es disput\u00e9es).<\/p>\n<p class=\"fig-paragraph\">Enfin, terminons ce tour d\u2019horizon avec la situation de l\u2019OGC Nice. Les Aiglons, en pleine crise, ne poss\u00e8dent pas plus d\u2019argent que les autres \u00e0 d\u00e9dier \u00e0 ce mercato, poursuit L\u2019\u00c9quipe. Mais la nouvelle direction, pr\u00e9sid\u00e9e par le revenant\u00a0<a href=\"http:\/\/www.lefigaro.fr\/sports\/football\/ligue-1\/ligue-1-fabrice-bocquet-quitte-le-poste-de-president-de-l-ogc-nice-20251219\" data-fig-type=\"NewsFlash\" data-gtm-custom-categorie=\"navigation\" data-gtm-custom-action=\"crossclick\" data-gtm-custom-label=\"Contextuel\" data-gtm-event=\"customEventSPE\" data-fig-domain=\"LEFIGARO\" target=\"_blank\" rel=\"noopener\">Jean-Pierre Riv\u00e8re<\/a>, va s\u2019activer pour g\u00e9rer les dossiers chauds du moment. L\u2019attaquant Elye Wahi, pass\u00e9 par Lens et Marseille, ainsi que le milieu Amir Richardson sont annonc\u00e9s proches d\u2019une arriv\u00e9e en pr\u00eat sur la C\u00f4te d\u2019Azur. Dans le sens des d\u00e9parts, plusieurs cas \u00e9pineux (Moffi, Boga, Diop, Clauss&#8230;) animeront sans doute les prochaines semaines.<\/p>\n","protected":false},"excerpt":{"rendered":"D\u00c9CRYPTAGE &#8211; Le mercato hivernal ouvrira ses portes le 1er janvier 2026 pour les clubs de Ligue 1&hellip;\n","protected":false},"author":2,"featured_media":619251,"comment_status":"","ping_status":"","sticky":false,"template":"","format":"standard","meta":{"footnotes":""},"categories":[1888],"tags":[1111,1928,11,1927,1777,674,1011,27,12,1926,1176,978,626,445,1925,91,2264,25],"class_list":{"0":"post-619250","1":"post","2":"type-post","3":"status-publish","4":"format-standard","5":"has-post-thumbnail","7":"category-paris","8":"tag-actu","9":"tag-actu-paris","10":"tag-actualites","11":"tag-actualites-paris","12":"tag-eu","13":"tag-europe","14":"tag-fr","15":"tag-france","16":"tag-news","17":"tag-news-paris","18":"tag-olympique-de-marseille","19":"tag-olympique-lyonnais","20":"tag-paris","21":"tag-paris-fc","22":"tag-paris-news","23":"tag-paris-saint-germain","24":"tag-rc-lens","25":"tag-republique-francaise"},"share_on_mastodon":{"url":"https:\/\/pubeurope.com\/@fr\/115772684046267318","error":""},"_links":{"self":[{"href":"https:\/\/www.europesays.com\/fr\/wp-json\/wp\/v2\/posts\/619250","targetHints":{"allow":["GET"]}}],"collection":[{"href":"https:\/\/www.europesays.com\/fr\/wp-json\/wp\/v2\/posts"}],"about":[{"href":"https:\/\/www.europesays.com\/fr\/wp-json\/wp\/v2\/types\/post"}],"author":[{"embeddable":true,"href":"https:\/\/www.europesays.com\/fr\/wp-json\/wp\/v2\/users\/2"}],"replies":[{"embeddable":true,"href":"https:\/\/www.europesays.com\/fr\/wp-json\/wp\/v2\/comments?post=619250"}],"version-history":[{"count":0,"href":"https:\/\/www.europesays.com\/fr\/wp-json\/wp\/v2\/posts\/619250\/revisions"}],"wp:featuredmedia":[{"embeddable":true,"href":"https:\/\/www.europesays.com\/fr\/wp-json\/wp\/v2\/media\/619251"}],"wp:attachment":[{"href":"https:\/\/www.europesays.com\/fr\/wp-json\/wp\/v2\/media?parent=619250"}],"wp:term":[{"taxonomy":"category","embeddable":true,"href":"https:\/\/www.europesays.com\/fr\/wp-json\/wp\/v2\/categories?post=619250"},{"taxonomy":"post_tag","embeddable":true,"href":"https:\/\/www.europesays.com\/fr\/wp-json\/wp\/v2\/tags?post=619250"}],"curies":[{"name":"wp","href":"https:\/\/api.w.org\/{rel}","templated":true}]}}