{"id":619258,"date":"2025-12-24T04:38:12","date_gmt":"2025-12-24T04:38:12","guid":{"rendered":"https:\/\/www.europesays.com\/fr\/619258\/"},"modified":"2025-12-24T04:38:12","modified_gmt":"2025-12-24T04:38:12","slug":"guerre-en-ukraine-larme-de-la-peur-et-si-la-russie-planifiait-une-attaque-spatiale-sur-la-constellation-starlink-de-musk","status":"publish","type":"post","link":"https:\/\/www.europesays.com\/fr\/619258\/","title":{"rendered":"Guerre en Ukraine\u00a0: \u00ab\u00a0l\u2019arme de la peur\u00a0\u00bb, et si la Russie planifiait une attaque spatiale sur la constellation Starlink de Musk\u00a0?"},"content":{"rendered":"<p class=\"paragraph text_align_left lp-f-body-02\">Du front en Ukraine aux attaques dans l\u2019espace, il n\u2019y a qu\u2019un pas. Selon les informations d\u2019<a href=\"https:\/\/apnews.com\/article\/russia-starlink-musk-ukraine-space-china-canada-c69c1fda5ffc93828712ab723e606a2c\" target=\"_self\" rel=\"noopener\">Associated Press<\/a>, deux services de renseignement de pays membres de l\u2019OTAN soup\u00e7onnent la Russie de d\u00e9velopper <a href=\"https:\/\/www.leparisien.fr\/international\/espagne\/il-y-a-actuellement-des-armes-dans-lespace-le-cri-dalerte-du-chef-detat-major-des-forces-aeriennes-espagnoles-03-12-2025-3WFSXVZ73ZBJHM66UAEYG5F544.php\" target=\"_self\" rel=\"noopener\">une nouvelle arme antisatellite<\/a> destin\u00e9e \u00e0 cibler la constellation Starlink d\u2019<a href=\"https:\/\/www.leparisien.fr\/international\/elon-musk\/\" target=\"_self\" rel=\"noopener\">Elon Musk<\/a>.<\/p>\n<p class=\"\">L\u2019objectif de ce nouvel \u00e9quipement de guerre : freiner la sup\u00e9riorit\u00e9 spatiale occidentale qui a aid\u00e9 l\u2019<a href=\"https:\/\/www.leparisien.fr\/international\/ukraine\/\" target=\"_self\" rel=\"noopener\">Ukraine<\/a> sur le champ de bataille. <a href=\"https:\/\/www.leparisien.fr\/international\/elon-musk-affirme-que-larmee-ukrainienne-seffondrerait-sil-leur-retirait-son-systeme-starlink-09-03-2025-3VV2AKPCR5B7BKAPRN7CTSOOEE.php\" target=\"_self\" rel=\"noopener\">Le service Internet haut d\u00e9bit de Starlink<\/a> est notamment utilis\u00e9 par les forces ukrainiennes pour les communications sur le champ de bataille, le ciblage des armes et d\u2019autres missions civiles.<\/p>\n<p>\u00ab Des actions irresponsables voire dangereuses \u00bb<\/p>\n<p class=\"\">Alors, Moscou voudrait frapper au c\u0153ur en tentant de d\u00e9velopper <a href=\"https:\/\/www.leparisien.fr\/high-tech\/guerre-en-ukraine-pourquoi-les-satellites-deutelsat-group-sont-des-suppleants-de-starlink-credibles-mais-fragiles-10-03-2025-QBOSLQKM65FV3K6G5GAJIYQYW4.php\" target=\"_self\" rel=\"noopener\">un moyen de mettre fin \u00e0 Starlink<\/a>. D\u2019apr\u00e8s les notes consult\u00e9es par AP, l\u2019arm\u00e9e russe mettrait au point une arme spatiale dite \u00ab \u00e0 effet de zone \u00bb. En d\u2019autres termes, le but est d\u2019<a href=\"https:\/\/www.leparisien.fr\/high-tech\/constellations-de-satellites-starlink-y-a-t-il-assez-despace-dans-lespace-12-10-2024-E254YFXX7FBQ7NVTIWDEPRLHIA.php\" target=\"_self\" rel=\"noopener\">inonder les satellites Starlink<\/a> de centaines de milliers de projectiles \u00e0 haute densit\u00e9.<\/p>\n<p class=\"\">Selon Associated Press, ces projectiles seraient lib\u00e9r\u00e9s par des formations de petits satellites encore au sol actuellement. Ces projectiles seraient si petits \u2014 quelques millim\u00e8tres \u00e0 centim\u00e8tres seulement \u2014 qu\u2019ils \u00e9chapperaient aux syst\u00e8mes de d\u00e9tection, ce qui rendrait difficile d\u2019imputer <a href=\"https:\/\/www.leparisien.fr\/international\/guerre-en-ukraine-kiev-denonce-le-message-de-terreur-de-moscou-apres-une-attaque-dampleur-sur-dnipro-24-06-2025-L25WQSUMSZBTPOPKRSG3CAMYJU.php\" target=\"_self\" rel=\"noopener\">la responsabilit\u00e9 d\u2019une \u00e9ventuelle attaque \u00e0 Moscou<\/a>.<\/p>\n<p class=\"title-embed-dailymotion lp-color-text lp-f-subtitle-04\">Vid\u00e9oLe cosmonaute russe Oleg Artemiev soup\u00e7onn\u00e9 d\u2019\u00eatre un espion<\/p>\n<p class=\"\">Selon Clayton Swope, sp\u00e9cialiste de la s\u00e9curit\u00e9 spatiale et de l\u2019armement au Centre d\u2019\u00e9tudes strat\u00e9giques et internationales (CSIS), le chaos spatial que pourrait engendrer une telle arme permettrait \u00e0 Moscou de <a href=\"https:\/\/www.leparisien.fr\/international\/main-morte-comment-la-russie-se-garantit-une-riposte-nucleaire-automatique-02-08-2025-KOZNMHN7V5BRJDB3BZAIN3R74A.php\" target=\"_self\" rel=\"noopener\">menacer ses adversaires sans avoir \u00e0 l\u2019utiliser<\/a>. \u00ab On a vraiment l\u2019impression d\u2019une arme de la peur, visant \u00e0 dissuader qui que ce soit \u00bb, d\u00e9crypte-t-il aupr\u00e8s d\u2019AP.<\/p>\n<p class=\"\">Ce syst\u00e8me serait ainsi en cours de d\u00e9veloppement sans qu\u2019aucun calendrier de d\u00e9ploiement n\u2019ait \u00e9t\u00e9 r\u00e9v\u00e9l\u00e9. Pour autant, certains analystes doutent de son existence. Si la Russie venait \u00e0 <a href=\"https:\/\/www.leparisien.fr\/international\/la-russie-cherche-a-developper-une-arme-nucleaire-spatiale-selon-les-renseignements-americains-15-02-2024-3C7YSUFB6VE7NDX6QBCSIDEFNY.php\" target=\"_self\" rel=\"noopener\">tenter une attaque dans l\u2019espace<\/a>, cela nuirait fortement aux milliers de satellites en orbite qu\u2019ils poss\u00e8dent avec leurs alli\u00e9s chinois et desquels d\u00e9pendent leurs syst\u00e8mes de communication.<\/p>\n<p class=\"\">Les pays de l\u2019OTAN se pr\u00e9parent tout de m\u00eame \u00e0 cette possibilit\u00e9. Le commandant de la division spatiale des forces arm\u00e9es canadiennes, le brigadier-g\u00e9n\u00e9ral Christopher Horner, a d\u00e9clar\u00e9 que de tels travaux russes ne pouvaient \u00eatre exclus. De son c\u00f4t\u00e9, l\u2019arm\u00e9e de l\u2019air fran\u00e7aise a r\u00e9pondu \u00e0 AP que la Russie avait \u00ab multipli\u00e9 ces derni\u00e8res ann\u00e9es les actions irresponsables, dangereuses, voire hostiles, dans l\u2019espace \u00bb.<\/p>\n","protected":false},"excerpt":{"rendered":"Du front en Ukraine aux attaques dans l\u2019espace, il n\u2019y a qu\u2019un pas. Selon les informations d\u2019Associated Press,&hellip;\n","protected":false},"author":2,"featured_media":619259,"comment_status":"","ping_status":"","sticky":false,"template":"","format":"standard","meta":{"footnotes":""},"categories":[1591],"tags":[11,1887,14,12,1885,1886,132,220],"class_list":{"0":"post-619258","1":"post","2":"type-post","3":"status-publish","4":"format-standard","5":"has-post-thumbnail","7":"category-russie","8":"tag-actualites","9":"tag-federation-de-russie","10":"tag-international","11":"tag-news","12":"tag-russia","13":"tag-russian-federation","14":"tag-russie","15":"tag-ukraine"},"share_on_mastodon":{"url":"https:\/\/pubeurope.com\/@fr\/115772699721061268","error":""},"_links":{"self":[{"href":"https:\/\/www.europesays.com\/fr\/wp-json\/wp\/v2\/posts\/619258","targetHints":{"allow":["GET"]}}],"collection":[{"href":"https:\/\/www.europesays.com\/fr\/wp-json\/wp\/v2\/posts"}],"about":[{"href":"https:\/\/www.europesays.com\/fr\/wp-json\/wp\/v2\/types\/post"}],"author":[{"embeddable":true,"href":"https:\/\/www.europesays.com\/fr\/wp-json\/wp\/v2\/users\/2"}],"replies":[{"embeddable":true,"href":"https:\/\/www.europesays.com\/fr\/wp-json\/wp\/v2\/comments?post=619258"}],"version-history":[{"count":0,"href":"https:\/\/www.europesays.com\/fr\/wp-json\/wp\/v2\/posts\/619258\/revisions"}],"wp:featuredmedia":[{"embeddable":true,"href":"https:\/\/www.europesays.com\/fr\/wp-json\/wp\/v2\/media\/619259"}],"wp:attachment":[{"href":"https:\/\/www.europesays.com\/fr\/wp-json\/wp\/v2\/media?parent=619258"}],"wp:term":[{"taxonomy":"category","embeddable":true,"href":"https:\/\/www.europesays.com\/fr\/wp-json\/wp\/v2\/categories?post=619258"},{"taxonomy":"post_tag","embeddable":true,"href":"https:\/\/www.europesays.com\/fr\/wp-json\/wp\/v2\/tags?post=619258"}],"curies":[{"name":"wp","href":"https:\/\/api.w.org\/{rel}","templated":true}]}}