{"id":619264,"date":"2025-12-24T04:41:18","date_gmt":"2025-12-24T04:41:18","guid":{"rendered":"https:\/\/www.europesays.com\/fr\/619264\/"},"modified":"2025-12-24T04:41:18","modified_gmt":"2025-12-24T04:41:18","slug":"royaume-uni-nouvelles-accusations-de-viol-et-dagression-sexuelle-contre-le-comedien-russell-brand","status":"publish","type":"post","link":"https:\/\/www.europesays.com\/fr\/619264\/","title":{"rendered":"Royaume-Uni\u00a0 | Nouvelles accusations de viol et d\u2019agression sexuelle contre le com\u00e9dien Russell Brand"},"content":{"rendered":"<p class=\"lead textModule textModule--type-lead \" style=\"\">(Londres) Le com\u00e9dien britannique Russell Brand, d\u00e9j\u00e0 poursuivi au Royaume-Uni pour des viols et agressions sexuelles qu\u2019il nie avoir commis, a \u00e9t\u00e9 accus\u00e9 mardi pour un viol et une agression sexuelle suppl\u00e9mentaires, a annonc\u00e9 la police britannique.<\/p>\n<p>                    Publi\u00e9 \u00e0<br \/>\n    12\u00a0h\u00a037<\/p>\n<p>        Mis \u00e0 jour \u00e0<br \/>\n        14\u00a0h\u00a003<\/p>\n<p>    <a class=\"print\" href=\"https:\/\/www.lapresse.ca\/arts\/2025-12-23\/royaume-uni\/javascript:window.print();\" title=\"Imprimer la page\" target=\"_blank\" rel=\"noopener\"><\/p>\n<p>        <img loading=\"lazy\" decoding=\"async\" width=\"16\" height=\"18\" src=\"https:\/\/www.europesays.com\/fr\/wp-content\/uploads\/2025\/04\/share-icon.png\" alt=\"Partager\"\/><\/p>\n<p class=\"paragraph textModule textModule--type-paragraph \" style=\"\">Ces nouvelles accusations \u00ab\u00a0concernent deux nouvelles femmes et s\u2019ajoutent aux charges d\u00e9j\u00e0 retenues contre [Russell] Brand en avril\u00a02025 et qui concernaient quatre femmes\u00a0\u00bb, a d\u00e9taill\u00e9 la Metropolitan Police dans un communiqu\u00e9. <\/p>\n<p class=\"paragraph textModule textModule--type-paragraph \" style=\"\">Le com\u00e9dien de 50\u00a0ans, d\u00e9sormais tr\u00e8s actif sur les r\u00e9seaux sociaux, doit compara\u00eetre le 20\u00a0janvier devant un tribunal londonien. <\/p>\n<p class=\"paragraph textModule textModule--type-paragraph \" style=\"\">Son proc\u00e8s concernant les premi\u00e8res accusations est pr\u00e9vu pour s\u2019ouvrir le 16\u00a0juin devant la cour criminelle de Southwark, dans le sud de Londres. <\/p>\n<p class=\"epigraph textModule textModule--type-epigraph \" style=\"\">L\u2019ex-mari de Katy Perry a plaid\u00e9 non coupable lors d\u2019une pr\u00e9c\u00e9dente comparution en mai dernier. <\/p>\n<p class=\"paragraph textModule textModule--type-paragraph \" style=\"\">Il sera jug\u00e9 pour deux viols et plusieurs agressions sexuelles qu\u2019il est accus\u00e9 d\u2019avoir commis dans la r\u00e9gion c\u00f4ti\u00e8re de Bournemouth (sud de l\u2019Angleterre) et \u00e0 Londres, entre 1999 et 2005. <\/p>\n<p class=\"paragraph textModule textModule--type-paragraph \" style=\"\">\u00ab\u00a02026 va \u00eatre une ann\u00e9e importante\u00a0\u00bb, avec de \u00ab\u00a0grandes [\u2026] \u00e9preuves\u00a0\u00bb, a r\u00e9agi Russell Brand dans une vid\u00e9o post\u00e9e sur X, sans \u00e9voquer directement les nouvelles accusations port\u00e9es contre lui, mais ajoutant qu\u2019il \u00e9tait \u00ab\u00a0reconnaissant d\u2019avoir l\u2019opportunit\u00e9 de (se) racheter de (ses) nombreuses fautes commises au fil des ann\u00e9es\u00a0\u00bb.<\/p>\n<p class=\"paragraph textModule textModule--type-paragraph \" style=\"\">\u00ab\u00a0Je prie pour la gu\u00e9rison de tous ceux que j\u2019ai bless\u00e9s ou offens\u00e9s durant mes ann\u00e9es d\u2019\u00e9garement dans le p\u00e9ch\u00e9\u00a0\u00bb, a-t-il ajout\u00e9 en \u00e9voquant sa foi.<\/p>\n<p class=\"paragraph textModule textModule--type-paragraph \" style=\"\">Une enqu\u00eate de police avait \u00e9t\u00e9 ouverte contre lui apr\u00e8s la diffusion d\u2019un documentaire sur la cha\u00eene britannique Channel\u00a04 en septembre\u00a02023. <\/p>\n<p class=\"paragraph textModule textModule--type-paragraph \" style=\"\">Apr\u00e8s les premi\u00e8res accusations, Russell Brand, qui vit une partie du temps aux \u00c9tats-Unis, s\u2019\u00e9tait dit \u00ab\u00a0reconnaissant\u00a0\u00bb d\u2019avoir \u00ab\u00a0l\u2019occasion\u00a0\u00bb de se d\u00e9fendre.\u00a0\u00a0<\/p>\n<p class=\"paragraph textModule textModule--type-paragraph \" style=\"\">\u00ab\u00a0J\u2019\u00e9tais un idiot avant de vivre dans la lumi\u00e8re du Seigneur. J\u2019\u00e9tais un toxicomane, un accro au sexe, et un imb\u00e9cile, mais je n\u2019ai jamais \u00e9t\u00e9 un violeur\u00a0\u00bb, avait-il affirm\u00e9 dans une vid\u00e9o mise en ligne, assurant n\u2019avoir \u00ab\u00a0jamais \u00e9t\u00e9 impliqu\u00e9 dans une [relation] non consentie\u00a0\u00bb. <\/p>\n<p class=\"paragraph textModule textModule--type-paragraph \" style=\"\">L\u2019enqu\u00eate se poursuit et la police appelle toute personne qui aurait des informations \u00e0 la contacter. <\/p>\n<p class=\"paragraph textModule textModule--type-paragraph \" style=\"\">N\u00e9 en 1975 dans une famille d\u2019origine modeste dans l\u2019Essex, \u00e0 l\u2019Est de Londres, Russell Brand est suivi par des millions de personnes sur YouTube, X et Instagram, o\u00f9 il exprime r\u00e9guli\u00e8rement ses id\u00e9es antisyst\u00e8mes et complotistes.\u00a0\u00a0<\/p>\n<p class=\"paragraph textModule textModule--type-paragraph \" style=\"\">Il a commenc\u00e9 sa carri\u00e8re comme com\u00e9dien de stand-up \u00e0 l\u2019adolescence, et s\u2019est fait conna\u00eetre avec son humour provocateur et volontiers lubrique, avant de se muer en acteur vedette.\u00a0\u00a0<\/p>\n<p class=\"paragraph textModule textModule--type-paragraph \" style=\"\">Il a pr\u00e9sent\u00e9 une \u00e9mission sur la station Radio\u00a02 de la BBC entre 2006 et 2008, mais avait quitt\u00e9 l\u2019antenne apr\u00e8s avoir laiss\u00e9 un message sexuellement explicite \u00e0 un acteur au sujet de sa petite-fille. <\/p>\n","protected":false},"excerpt":{"rendered":"(Londres) Le com\u00e9dien britannique Russell Brand, d\u00e9j\u00e0 poursuivi au Royaume-Uni pour des viols et agressions sexuelles qu\u2019il nie&hellip;\n","protected":false},"author":2,"featured_media":619265,"comment_status":"","ping_status":"","sticky":false,"template":"","format":"standard","meta":{"footnotes":""},"categories":[1588],"tags":[11,1777,674,12,473,1853,1851,1850,1852],"class_list":{"0":"post-619264","1":"post","2":"type-post","3":"status-publish","4":"format-standard","5":"has-post-thumbnail","7":"category-royaume-uni","8":"tag-actualites","9":"tag-eu","10":"tag-europe","11":"tag-news","12":"tag-royaume-uni","13":"tag-royaume-uni-de-grande-bretagne-et-dirlande-du-nord","14":"tag-uk","15":"tag-united-kingdom","16":"tag-united-kingdom-of-great-britain-and-northern-ireland"},"share_on_mastodon":{"url":"https:\/\/pubeurope.com\/@fr\/115772712149664770","error":""},"_links":{"self":[{"href":"https:\/\/www.europesays.com\/fr\/wp-json\/wp\/v2\/posts\/619264","targetHints":{"allow":["GET"]}}],"collection":[{"href":"https:\/\/www.europesays.com\/fr\/wp-json\/wp\/v2\/posts"}],"about":[{"href":"https:\/\/www.europesays.com\/fr\/wp-json\/wp\/v2\/types\/post"}],"author":[{"embeddable":true,"href":"https:\/\/www.europesays.com\/fr\/wp-json\/wp\/v2\/users\/2"}],"replies":[{"embeddable":true,"href":"https:\/\/www.europesays.com\/fr\/wp-json\/wp\/v2\/comments?post=619264"}],"version-history":[{"count":0,"href":"https:\/\/www.europesays.com\/fr\/wp-json\/wp\/v2\/posts\/619264\/revisions"}],"wp:featuredmedia":[{"embeddable":true,"href":"https:\/\/www.europesays.com\/fr\/wp-json\/wp\/v2\/media\/619265"}],"wp:attachment":[{"href":"https:\/\/www.europesays.com\/fr\/wp-json\/wp\/v2\/media?parent=619264"}],"wp:term":[{"taxonomy":"category","embeddable":true,"href":"https:\/\/www.europesays.com\/fr\/wp-json\/wp\/v2\/categories?post=619264"},{"taxonomy":"post_tag","embeddable":true,"href":"https:\/\/www.europesays.com\/fr\/wp-json\/wp\/v2\/tags?post=619264"}],"curies":[{"name":"wp","href":"https:\/\/api.w.org\/{rel}","templated":true}]}}