{"id":619266,"date":"2025-12-24T04:42:36","date_gmt":"2025-12-24T04:42:36","guid":{"rendered":"https:\/\/www.europesays.com\/fr\/619266\/"},"modified":"2025-12-24T04:42:36","modified_gmt":"2025-12-24T04:42:36","slug":"pourquoi-ces-bus-electriques-sement-la-discorde-en-allemagne","status":"publish","type":"post","link":"https:\/\/www.europesays.com\/fr\/619266\/","title":{"rendered":"Pourquoi ces bus \u00e9lectriques s\u00e8ment la discorde en Allemagne"},"content":{"rendered":"<p>La commande a beau \u00eatre minoritaire, elle n\u2019en a pas moins fait grincer des dents au sommet de l\u2019\u00c9tat. En choisissant d\u2019inclure des bus \u00e9lectriques du constructeur chinois BYD dans son vaste programme de renouvellement de flotte, la Deutsche Bahn s\u2019est attir\u00e9 les critiques publiques du ministre allemand des Finances, Lars Klingbeil, qui aurait pr\u00e9f\u00e9r\u00e9 voir l\u2019entreprise publique privil\u00e9gier des industriels nationaux ou europ\u00e9ens.<\/p>\n<p>La compagnie ferroviaire avait annonc\u00e9 il y a une semaine la plus importante commande de bus de son histoire avec 3300 v\u00e9hicules \u00e9lectriques et hybrides, destin\u00e9s \u00e0 moderniser ses services de transport. La grande majorit\u00e9 sera produite par le constructeur allemand MAN.<\/p>\n<p>Une production hongroise qui \u00ab\u00a0agace\u00a0\u00bb quand m\u00eame<\/p>\n<p>Mais environ 5 % de la flotte, soit 200 bus \u00e9lectriques, seront fournis par BYD depuis son site de production en Hongrie, avait pr\u00e9cis\u00e9 la Deutsche Bahn.\u00a0Un choix qui irrite le ministre social-d\u00e9mocrate : \u00ab\u00a0Cela m\u2019agace que la Deutsche Bahn ait d\u00e9cid\u00e9 de commander des bus chinois en plus de son gros achat aupr\u00e8s de MAN\u00a0\u00bb, a d\u00e9clar\u00e9 Lars Klingbeil, \u00e9galement vice-chancelier, dans un entretien accord\u00e9 au quotidien Neue Osnabr\u00fccker Zeitung.<\/p>\n<p>Il dit d\u00e9fendre un \u00ab\u00a0patriotisme local sain\u00a0\u00bb, estimant que ce type de contrats devrait revenir en priorit\u00e9 \u00e0 des fabricants allemands ou europ\u00e9ens lorsque leurs offres sont comp\u00e9titives. \u00ab\u00a0Depuis longtemps d\u00e9j\u00e0, d\u2019excellents bus \u00e9lectriques, notamment ceux de Mercedes ou de MAN, circulent dans les villes allemandes\u00a0\u00bb poursuit-il.<\/p>\n<p>Un contexte tendu entre les deux pays<\/p>\n<p>Cette prise de position s\u2019inscrit dans un contexte de tensions \u00e9conomiques croissantes entre l\u2019Allemagne et la Chine, en particulier dans le secteur strat\u00e9gique de l\u2019automobile. \u00c0 l\u2019instar de la Commission europ\u00e9enne, Berlin se montre de plus en plus m\u00e9fiant vis-\u00e0-vis de la deuxi\u00e8me \u00e9conomie mondiale, r\u00e9guli\u00e8rement accus\u00e9e de pratiques de concurrence d\u00e9loyale.<\/p>\n<p>En novembre dernier, Lars Klingbeil avait pourtant effectu\u00e9 la premi\u00e8re visite officielle du gouvernement du chancelier Friedrich Merz, entr\u00e9 en fonction en mai, en Chine. Il assurait alors avoir obtenu des garanties sur l\u2019acc\u00e8s aux terres rares et aux mati\u00e8res premi\u00e8res critiques. Cette ann\u00e9e, la Chine est redevenue le premier partenaire commercial de l\u2019Allemagne, devant les \u00c9tats-Unis, qui l\u2019avaient bri\u00e8vement d\u00e9pass\u00e9e.<\/p>\n<ul>\n<li>Rejoignez Auto-Moto sur\u00a0<a href=\"https:\/\/bit.ly\/3RCvDRM\" data-cke-saved-href=\"https:\/\/bit.ly\/3RCvDRM\" data-cke-saved- target=\"_blank\" rel=\"noopener\">WhatsApp<\/a>\u00a0pour ne rien manquer de l&rsquo;actualit\u00e9 auto et 2-roues !<\/li>\n<\/ul>\n<p>\u00c0 lire aussi sur\u00a0<a href=\"https:\/\/www.auto-moto.com\/\" data-cke-saved-href=\"https:\/\/www.auto-moto.com\/\" data-cke-saved- target=\"_blank\" rel=\"noopener\">Auto-Moto.com<\/a>\u00a0:<\/p>\n<p>   Partagez cette info avec vos amis et vos proches en cliquant ici  <\/p>\n<p> Podcasts \u00e0 la une MEN LIFE <\/p>\n<p>    Pour r\u00e9sumer<\/p>\n<p>L&rsquo;entreprise allemande de transport Deutsche Bahn s&rsquo;est attir\u00e9 les foudres du gouvernement allemand lors de sa derni\u00e8re commande de bus \u00e9lectriques. En faisant arriver plus de 200 v\u00e9hicules chinois de la marque BYD, elle n&rsquo;a pas privil\u00e9gi\u00e9 les fili\u00e8res nationales ou europ\u00e9ennes, ce qui a agac\u00e9 au sommet de l&rsquo;Etat.<\/p>\n<p>R\u00e9dacteur<\/p>\n<p><img decoding=\"async\" width=\"76\" height=\"76\" loading=\"lazy\" src=\"https:\/\/www.europesays.com\/fr\/wp-content\/uploads\/2025\/04\/avatar-automoto.webp.webp\" alt=\"Emmanuel Touzot\"\/><\/p>\n","protected":false},"excerpt":{"rendered":"La commande a beau \u00eatre minoritaire, elle n\u2019en a pas moins fait grincer des dents au sommet de&hellip;\n","protected":false},"author":2,"featured_media":619267,"comment_status":"","ping_status":"","sticky":false,"template":"","format":"standard","meta":{"footnotes":""},"categories":[1587],"tags":[11,672,1804,1805,1803,17780,1777,674,1801,12,1802],"class_list":{"0":"post-619266","1":"post","2":"type-post","3":"status-publish","4":"format-standard","5":"has-post-thumbnail","7":"category-allemagne","8":"tag-actualites","9":"tag-allemagne","10":"tag-bundesrepublik-deutschland","11":"tag-de","12":"tag-deutschland","13":"tag-en-bref","14":"tag-eu","15":"tag-europe","16":"tag-germany","17":"tag-news","18":"tag-republique-federale-dallemagne"},"share_on_mastodon":{"url":"https:\/\/pubeurope.com\/@fr\/115772716223314298","error":""},"_links":{"self":[{"href":"https:\/\/www.europesays.com\/fr\/wp-json\/wp\/v2\/posts\/619266","targetHints":{"allow":["GET"]}}],"collection":[{"href":"https:\/\/www.europesays.com\/fr\/wp-json\/wp\/v2\/posts"}],"about":[{"href":"https:\/\/www.europesays.com\/fr\/wp-json\/wp\/v2\/types\/post"}],"author":[{"embeddable":true,"href":"https:\/\/www.europesays.com\/fr\/wp-json\/wp\/v2\/users\/2"}],"replies":[{"embeddable":true,"href":"https:\/\/www.europesays.com\/fr\/wp-json\/wp\/v2\/comments?post=619266"}],"version-history":[{"count":0,"href":"https:\/\/www.europesays.com\/fr\/wp-json\/wp\/v2\/posts\/619266\/revisions"}],"wp:featuredmedia":[{"embeddable":true,"href":"https:\/\/www.europesays.com\/fr\/wp-json\/wp\/v2\/media\/619267"}],"wp:attachment":[{"href":"https:\/\/www.europesays.com\/fr\/wp-json\/wp\/v2\/media?parent=619266"}],"wp:term":[{"taxonomy":"category","embeddable":true,"href":"https:\/\/www.europesays.com\/fr\/wp-json\/wp\/v2\/categories?post=619266"},{"taxonomy":"post_tag","embeddable":true,"href":"https:\/\/www.europesays.com\/fr\/wp-json\/wp\/v2\/tags?post=619266"}],"curies":[{"name":"wp","href":"https:\/\/api.w.org\/{rel}","templated":true}]}}