{"id":619268,"date":"2025-12-24T04:43:12","date_gmt":"2025-12-24T04:43:12","guid":{"rendered":"https:\/\/www.europesays.com\/fr\/619268\/"},"modified":"2025-12-24T04:43:12","modified_gmt":"2025-12-24T04:43:12","slug":"reprendre-loffensive-pour-gagner-la-bataille-culturelle-en-europe","status":"publish","type":"post","link":"https:\/\/www.europesays.com\/fr\/619268\/","title":{"rendered":"\u00ab Reprendre l\u2019offensive pour gagner la bataille culturelle en Europe \u00bb"},"content":{"rendered":"<p>Pr\u00e9sident du think tank\u00a0<strong>Nazione Futura<\/strong>, Francesco Giubilei s\u2019est impos\u00e9 en quelques ann\u00e9es comme l\u2019un des visages les plus influents du conservatisme italien. Historien et essayiste, il incarne cette nouvelle g\u00e9n\u00e9ration d\u2019intellectuels pour qui la question europ\u00e9enne ne se limite plus aux n\u00e9gociations institutionnelles, mais touche aux fondements civilisationnels du continent. S<a href=\"https:\/\/europeanconservative.com\/articles\/interviews\/we-must-go-on-the-offensive-without-apologizing-for-being-conservatives-nazione-futura-president-francesco-giubilei\/\" target=\"_blank\" rel=\"noopener\">a pr\u00e9sence \u00e0 Bruxelles, lors de la conf\u00e9rence\u00a0Battle for the Soul of Europe, n\u2019avait rien d\u2019anodin<\/a> : pour lui, le terrain du d\u00e9bat doit \u00eatre tenu l\u00e0 o\u00f9 se prennent les d\u00e9cisions \u2014 et l\u00e0 o\u00f9 certains cherchent encore \u00e0 restreindre la parole dissidente.<\/p>\n<p>Bruxelles comme symbole et d\u00e9fi<\/p>\n<p>Giubilei rappelle que le choix de Bruxelles n\u2019est pas neutre. Capitale de l\u2019Union europ\u00e9enne, elle est aussi devenue le th\u00e9\u00e2tre d\u2019une confrontation id\u00e9ologique entre un projet post-national d\u00e9fendu par les institutions et la vision d\u2019une Europe fid\u00e8le \u00e0 ses nations et \u00e0 ses racines.<\/p>\n<p>Il souligne que les tentatives pass\u00e9es de perturbations violentes contre des conf\u00e9rences conservatrices \u2014 notamment par des mouvances d\u2019extr\u00eame gauche \u2014 prouvent l\u2019importance de maintenir ces d\u00e9bats au c\u0153ur du dispositif bruxellois : d\u00e9fendre la libert\u00e9 de pens\u00e9e l\u00e0 o\u00f9 elle est la plus contest\u00e9e.<\/p>\n<p>Pour Giubilei, l\u2019alternative est d\u00e9sormais claire :<\/p>\n<p>\u2013 soit une conf\u00e9d\u00e9ration respectueuse des identit\u00e9s nationales ;<br \/>\u2013 soit une recentralisation bruxelloise inspir\u00e9e du mod\u00e8le \u00ab \u00c9tats-Unis d\u2019Europe \u00bb.<\/p>\n<p>Le premier mod\u00e8le pr\u00e9serverait la subsidiarit\u00e9, principe ancr\u00e9 dans la tradition chr\u00e9tienne et dans l\u2019histoire europ\u00e9enne ; le second acc\u00e9l\u00e9rerait l\u2019alignement id\u00e9ologique observ\u00e9 dans les politiques migratoires, \u00e9cologiques ou num\u00e9riques.<\/p>\n<p>Selon le penseur italien, vouloir \u00ab plus d\u2019Europe \u00bb pour r\u00e9soudre les \u00e9checs actuels revient \u00e0 renforcer les causes m\u00eames du probl\u00e8me.<\/p>\n<p>Reconqu\u00e9rir la jeunesse et les espaces culturels<\/p>\n<p>Giubilei insiste sur ce point : la bataille id\u00e9ologique se gagne d\u2019abord dans la culture.<\/p>\n<p>Et la gauche, selon lui, l\u2019a compris depuis longtemps.<\/p>\n<p>L\u2019influence ne passe plus seulement par les m\u00e9dias traditionnels, mais par les s\u00e9ries t\u00e9l\u00e9vis\u00e9es, les r\u00e9seaux sociaux, les plateformes qui fa\u00e7onnent l\u2019imaginaire des jeunes g\u00e9n\u00e9rations. Si les conservateurs veulent peser, ils doivent investir ces terrains plut\u00f4t que les d\u00e9serter.<\/p>\n<p>Ce n\u2019est pas uniquement une lutte politique. Elle s\u2019\u00e9tend au domaine judiciaire, o\u00f9 d\u00e9cisions et jurisprudences fa\u00e7onnent les fronti\u00e8res du d\u00e9bat d\u00e9mocratique.<\/p>\n<p>Passer de la d\u00e9fensive \u00e0 l\u2019offensive<\/p>\n<p>Aux jeunes militants qui cherchent leur place, Giubilei adresse un conseil simple : cesser de s\u2019excuser.<\/p>\n<p>Selon lui, trop de conservateurs se sont laiss\u00e9 enfermer dans des justifications permanentes face aux accusations habituelles \u2014 fascisme, racisme, phobie.<\/p>\n<p>Il appelle \u00e0 reprendre l\u2019initiative sur :<\/p>\n<p>\u2013 l\u2019environnement, en revendiquant un conservatisme \u00ab vert \u00bb ;<br \/>\u2013 la culture, en retournant les outils gramsciens ;<br \/>\u2013 l\u2019Europe, en distinguant civilisation europ\u00e9enne et institutions bruxelloises ;<br \/>\u2013 et m\u00eame la question f\u00e9minine, citant l\u2019exemple italien d\u2019une femme dirigeant le gouvernement.<\/p>\n<p>Giubilei r\u00e9sume ainsi son credo : la victoire politique ne se construira qu\u2019apr\u00e8s une reconqu\u00eate culturelle, assum\u00e9e, volontaire et offensive.<\/p>\n<p>Pour lui, la d\u00e9fense de l\u2019Europe ne se limite pas \u00e0 pr\u00e9server une souverainet\u00e9 abstraite, mais \u00e0 maintenir vivantes des traditions, des racines et un h\u00e9ritage que le projet post-national cherche \u00e0 relativiser. Et ce combat ne se gagnera ni en retrait ni en s\u2019excusant d\u2019exister.<\/p>\n<p>Cr\u00e9dit photo : DR<\/p>\n<p>[cc]\u00a0<a href=\"http:\/\/breizh-info.com\/\" target=\"_blank\" rel=\"noopener\" data-saferedirecturl=\"https:\/\/www.google.com\/url?q=http:\/\/breizh-info.com\/&amp;source=gmail&amp;ust=1669399506105000&amp;usg=AOvVaw0etmiWJT9QYt-RQiCAPeFF\">Breizh-info.com<\/a>, 2025, d\u00e9p\u00eaches libres de copie et de diffusion sous r\u00e9serve de mention et de lien vers la source d\u2019origine<\/p>\n","protected":false},"excerpt":{"rendered":"Pr\u00e9sident du think tank\u00a0Nazione Futura, Francesco Giubilei s\u2019est impos\u00e9 en quelques ann\u00e9es comme l\u2019un des visages les plus&hellip;\n","protected":false},"author":2,"featured_media":619269,"comment_status":"","ping_status":"","sticky":false,"template":"","format":"standard","meta":{"footnotes":""},"categories":[1586],"tags":[11,72940,2360,60994,72941,1777,674,61528,1011,27,72942,4075,474,72943,12,72944,25,45546,72945],"class_list":{"0":"post-619268","1":"post","2":"type-post","3":"status-publish","4":"format-standard","5":"has-post-thumbnail","7":"category-europe","8":"tag-actualites","9":"tag-bataille-culturelle","10":"tag-bruxelles","11":"tag-conservatisme","12":"tag-droite-europeenne","13":"tag-eu","14":"tag-europe","15":"tag-europe-des-nations","16":"tag-fr","17":"tag-france","18":"tag-giubilei","19":"tag-jeunesse","20":"tag-liberte-dexpression","21":"tag-nazione-futura","22":"tag-news","23":"tag-post-national","24":"tag-republique-francaise","25":"tag-souverainisme","26":"tag-subsidiarite"},"share_on_mastodon":{"url":"https:\/\/pubeurope.com\/@fr\/115772719398786240","error":""},"_links":{"self":[{"href":"https:\/\/www.europesays.com\/fr\/wp-json\/wp\/v2\/posts\/619268","targetHints":{"allow":["GET"]}}],"collection":[{"href":"https:\/\/www.europesays.com\/fr\/wp-json\/wp\/v2\/posts"}],"about":[{"href":"https:\/\/www.europesays.com\/fr\/wp-json\/wp\/v2\/types\/post"}],"author":[{"embeddable":true,"href":"https:\/\/www.europesays.com\/fr\/wp-json\/wp\/v2\/users\/2"}],"replies":[{"embeddable":true,"href":"https:\/\/www.europesays.com\/fr\/wp-json\/wp\/v2\/comments?post=619268"}],"version-history":[{"count":0,"href":"https:\/\/www.europesays.com\/fr\/wp-json\/wp\/v2\/posts\/619268\/revisions"}],"wp:featuredmedia":[{"embeddable":true,"href":"https:\/\/www.europesays.com\/fr\/wp-json\/wp\/v2\/media\/619269"}],"wp:attachment":[{"href":"https:\/\/www.europesays.com\/fr\/wp-json\/wp\/v2\/media?parent=619268"}],"wp:term":[{"taxonomy":"category","embeddable":true,"href":"https:\/\/www.europesays.com\/fr\/wp-json\/wp\/v2\/categories?post=619268"},{"taxonomy":"post_tag","embeddable":true,"href":"https:\/\/www.europesays.com\/fr\/wp-json\/wp\/v2\/tags?post=619268"}],"curies":[{"name":"wp","href":"https:\/\/api.w.org\/{rel}","templated":true}]}}