{"id":619270,"date":"2025-12-24T04:44:11","date_gmt":"2025-12-24T04:44:11","guid":{"rendered":"https:\/\/www.europesays.com\/fr\/619270\/"},"modified":"2025-12-24T04:44:11","modified_gmt":"2025-12-24T04:44:11","slug":"washington-sanctionne-des-europeens-dont-lancien-commissaire-de-lue-thierry-breton","status":"publish","type":"post","link":"https:\/\/www.europesays.com\/fr\/619270\/","title":{"rendered":"Washington sanctionne des Europ\u00e9ens, dont l&rsquo;ancien commissaire de l&rsquo;UE Thierry Breton"},"content":{"rendered":"<p>L&rsquo;administration Trump a annonc\u00e9 mardi des sanctions visant cinq personnalit\u00e9s europ\u00e9ennes engag\u00e9es pour une stricte r\u00e9gulation de la tech et contre la d\u00e9sinformation en ligne, dont un ancien commissaire europ\u00e9en, le Fran\u00e7ais Thierry Breton, qui a d\u00e9nonc\u00e9 un \u00ab\u00a0vent de maccarthysme\u00a0\u00bb.<\/p>\n<p>Les agissements de ces personnes, qui se voient interdites de s\u00e9jour aux Etats-Unis, s&rsquo;apparentent \u00e0 de la \u00ab\u00a0censure\u00a0\u00bb au d\u00e9triment des int\u00e9r\u00eats am\u00e9ricains, a justifi\u00e9 le D\u00e9partement d&rsquo;Etat.<\/p>\n<p>\u00ab\u00a0Depuis trop longtemps, les id\u00e9ologues europ\u00e9ens m\u00e8nent des actions concert\u00e9es pour contraindre les plateformes am\u00e9ricaines \u00e0 sanctionner les opinions am\u00e9ricaines auxquelles ils s&rsquo;opposent\u00a0\u00bb, a fustig\u00e9 le chef de la diplomatie am\u00e9ricaine Marco Rubio sur X.<\/p>\n<p>\u00ab\u00a0L&rsquo;administration Trump ne tol\u00e9rera plus ces actes flagrants de censure extraterritoriale\u00a0\u00bb, a-t-il ajout\u00e9, d\u00e9non\u00e7ant \u00ab\u00a0un complexe industriel mondial de la censure\u00a0\u00bb.<\/p>\n<p>Thierry Breton parmi les personnes vis\u00e9es<\/p>\n<p>Parmi les personnes concern\u00e9es figure le Fran\u00e7ais Thierry Breton, ancien ministre et artisan de la directive europ\u00e9enne sur les services num\u00e9riques, qui a \u00e9t\u00e9 commissaire au March\u00e9 int\u00e9rieur de 2019 \u00e0 2024, avec de larges comp\u00e9tences en particulier sur les dossiers num\u00e9riques et industriels.<\/p>\n<p>Il a d\u00e9nonc\u00e9 sur X un \u00ab\u00a0vent de maccarthysme\u00a0\u00bb aux Etats-Unis, en r\u00e9f\u00e9rence \u00e0 la chasse aux sorci\u00e8res anticommuniste men\u00e9e par le s\u00e9nateur am\u00e9ricain Joseph McCarthy dans les ann\u00e9es 1950.<\/p>\n<p>\u00ab\u00a0Pour rappel : 90% du Parlement europ\u00e9en &#8211; d\u00e9mocratiquement \u00e9lu &#8211; et les 27 \u00c9tats membres \u00e0 l&rsquo;unanimit\u00e9 ont vot\u00e9 le DSA\u00a0\u00bb, la l\u00e9gislation europ\u00e9enne sur le num\u00e9rique, a-t-il soulign\u00e9. \u00ab\u00a0\u00c0 nos amis am\u00e9ricains: la censure n&rsquo;est pas l\u00e0 o\u00f9 vous le pensez\u00a0\u00bb, a-t-il conclu.<\/p>\n<p>\u00ab\u00a0Les peuples de l&rsquo;Europe sont libres\u00a0\u00bb<\/p>\n<p>Jean-No\u00ebl Barrot, le chef de la diplomatie fran\u00e7aise, a affirm\u00e9 sur X \u00e9galement que \u00ab\u00a0les peuples de l&rsquo;Europe sont libres et souverains et ne sauraient se faire imposer par d&rsquo;autres les r\u00e8gles s&rsquo;appliquant \u00e0 leur espace num\u00e9rique\u00a0\u00bb.<\/p>\n<p>Les quatre autres personnes sanctionn\u00e9es sont des repr\u00e9sentants d&rsquo;ONG luttant contre la d\u00e9sinformation et la haine en ligne au Royaume-Uni et en Allemagne.<\/p>\n<p>Les Europ\u00e9ens n&rsquo;ont g\u00e9n\u00e9ralement pas besoin de visa pour se rendre aux \u00c9tats-Unis, mais doivent toutefois obtenir une autorisation \u00e9lectronique de voyage (ESTA)<\/p>\n<p>L&rsquo;UE dans le collimateur<\/p>\n<p>Le pr\u00e9sident am\u00e9ricain Donald Trump m\u00e8ne une offensive d&rsquo;envergure contre les r\u00e8gles de l&rsquo;Union europ\u00e9enne sur la tech qui imposent aux plateformes des r\u00e9gulations, comme le signalement de contenus probl\u00e9matiques, jug\u00e9es par les Etats-Unis comme une atteinte \u00e0 la libert\u00e9 d&rsquo;expression.<\/p>\n<p>L&rsquo;UE dispose, de fait, de l&rsquo;arsenal juridique le plus puissant au monde pour r\u00e9guler le num\u00e9rique.<\/p>\n<p>Washington a notamment tr\u00e8s mal pris l&rsquo;amende de 140 millions de dollars inflig\u00e9e par l&rsquo;UE d\u00e9but d\u00e9cembre \u00e0 X, le r\u00e9seau social du milliardaire Elon Musk, d\u00e9crite par Marco Rubio comme une \u00ab\u00a0attaque contre toutes les plateformes technologiques am\u00e9ricaines et le peuple am\u00e9ricain par des gouvernements \u00e9trangers\u00a0\u00bb.<\/p>\n<p><strong class=\"inline-title\">&gt;&gt; A relire \u00e9galement\u00a0: <\/strong><a href=\"https:\/\/www.rts.ch\/info\/monde\/2025\/article\/la-raison-d-etre-de-l-ue-est-d-entuber-les-etats-unis-affirme-donald-trump-28804778.html\" data-item-id=\"richtext_link\" target=\"_blank\" rel=\"noopener\">La raison d&rsquo;\u00eatre de l&rsquo;UE est d'\u00a0\u00bbentuber\u00a0\u00bb les Etats-Unis, affirme Donald Trump<\/a><\/p>\n<p class=\"sources\">afp\/ami<\/p>\n","protected":false},"excerpt":{"rendered":"L&rsquo;administration Trump a annonc\u00e9 mardi des sanctions visant cinq personnalit\u00e9s europ\u00e9ennes engag\u00e9es pour une stricte r\u00e9gulation de la&hellip;\n","protected":false},"author":2,"featured_media":619271,"comment_status":"","ping_status":"","sticky":false,"template":"","format":"standard","meta":{"footnotes":""},"categories":[1586],"tags":[11,4121,75,73,1777,674,1779,1011,3844,27,1907,500,74,12,4125,316,2543,25,938,10378,717,39049,69377,1778,364],"class_list":{"0":"post-619270","1":"post","2":"type-post","3":"status-publish","4":"format-standard","5":"has-post-thumbnail","7":"category-europe","8":"tag-actualites","9":"tag-desinformation","10":"tag-donald-trump","11":"tag-etats-unis","12":"tag-eu","13":"tag-europe","14":"tag-european-union","15":"tag-fr","16":"tag-francais","17":"tag-france","18":"tag-marco-rubio","19":"tag-medias","20":"tag-monde","21":"tag-news","22":"tag-numerique","23":"tag-politique","24":"tag-relations-internationales","25":"tag-republique-francaise","26":"tag-reseaux-sociaux","27":"tag-sanction","28":"tag-technologie","29":"tag-thierry-breton","30":"tag-trump-administration-cabinet","31":"tag-ue","32":"tag-union-europeenne"},"share_on_mastodon":{"url":"https:\/\/pubeurope.com\/@fr\/115772723342551315","error":""},"_links":{"self":[{"href":"https:\/\/www.europesays.com\/fr\/wp-json\/wp\/v2\/posts\/619270","targetHints":{"allow":["GET"]}}],"collection":[{"href":"https:\/\/www.europesays.com\/fr\/wp-json\/wp\/v2\/posts"}],"about":[{"href":"https:\/\/www.europesays.com\/fr\/wp-json\/wp\/v2\/types\/post"}],"author":[{"embeddable":true,"href":"https:\/\/www.europesays.com\/fr\/wp-json\/wp\/v2\/users\/2"}],"replies":[{"embeddable":true,"href":"https:\/\/www.europesays.com\/fr\/wp-json\/wp\/v2\/comments?post=619270"}],"version-history":[{"count":0,"href":"https:\/\/www.europesays.com\/fr\/wp-json\/wp\/v2\/posts\/619270\/revisions"}],"wp:featuredmedia":[{"embeddable":true,"href":"https:\/\/www.europesays.com\/fr\/wp-json\/wp\/v2\/media\/619271"}],"wp:attachment":[{"href":"https:\/\/www.europesays.com\/fr\/wp-json\/wp\/v2\/media?parent=619270"}],"wp:term":[{"taxonomy":"category","embeddable":true,"href":"https:\/\/www.europesays.com\/fr\/wp-json\/wp\/v2\/categories?post=619270"},{"taxonomy":"post_tag","embeddable":true,"href":"https:\/\/www.europesays.com\/fr\/wp-json\/wp\/v2\/tags?post=619270"}],"curies":[{"name":"wp","href":"https:\/\/api.w.org\/{rel}","templated":true}]}}