{"id":61928,"date":"2025-04-29T13:49:11","date_gmt":"2025-04-29T13:49:11","guid":{"rendered":"https:\/\/www.europesays.com\/fr\/61928\/"},"modified":"2025-04-29T13:49:11","modified_gmt":"2025-04-29T13:49:11","slug":"podcast-75-ans-de-la-declaration-schuman-un-moment-fondateur-pour-lunion-europeenne","status":"publish","type":"post","link":"https:\/\/www.europesays.com\/fr\/61928\/","title":{"rendered":"[Podcast] 75 ans de la d\u00e9claration Schuman : un moment fondateur pour l&rsquo;Union europ\u00e9enne"},"content":{"rendered":"<p>\t[Podcast] 75 ans de la d\u00e9claration Schuman : un moment fondateur pour l&rsquo;Union europ\u00e9enne &#8211; Touteleurope.eu<\/p>\n<p>\t\t<img decoding=\"async\" alt=\"fermer\" class=\"close-info\" src=\"https:\/\/www.europesays.com\/fr\/wp-content\/uploads\/2025\/04\/close-picto-blue.svg.svg+xml\"\/><\/p>\n<p>Touteleurope.eu est le site p\u00e9dagogique de r\u00e9f\u00e9rence sur les questions europ\u00e9ennes : <a href=\"https:\/\/www.touteleurope.eu\/qui-sommes-nous\/\" target=\"_blank\" rel=\"noopener\">Qui sommes-nous ?<\/a><\/p>\n<p><img decoding=\"async\" class=\"logo-pdf\" alt=\"Toute L'Europe \u2013 Comprendre l'Europe\" src=\"data:image\/svg+xml,%3Csvg%20xmlns=\" http:=\"\" data-lazy-src=\"https:\/\/www.europesays.com\/fr\/wp-content\/uploads\/2025\/04\/logo-ttl.svg.svg+xml\"\/><\/p>\n","protected":false},"excerpt":{"rendered":"[Podcast] 75 ans de la d\u00e9claration Schuman : un moment fondateur pour l&rsquo;Union europ\u00e9enne &#8211; Touteleurope.eu Touteleurope.eu est&hellip;\n","protected":false},"author":2,"featured_media":61929,"comment_status":"","ping_status":"","sticky":false,"template":"","format":"standard","meta":{"footnotes":""},"categories":[1586],"tags":[11,15958,15959,2388,33,1777,674,1011,27,7715,12,25,15960,15961],"class_list":{"0":"post-61928","1":"post","2":"type-post","3":"status-publish","4":"format-standard","5":"has-post-thumbnail","7":"category-europe","8":"tag-actualites","9":"tag-communaute-economique-europeenne-cee","10":"tag-communaute-europeenne-du-charbon-et-de-lacier-ceca","11":"tag-droits-de-douane","12":"tag-economie","13":"tag-eu","14":"tag-europe","15":"tag-fr","16":"tag-france","17":"tag-libre-echange","18":"tag-news","19":"tag-republique-francaise","20":"tag-robert-schuman","21":"tag-traites"},"share_on_mastodon":{"url":"https:\/\/pubeurope.com\/@fr\/114421574308149717","error":""},"_links":{"self":[{"href":"https:\/\/www.europesays.com\/fr\/wp-json\/wp\/v2\/posts\/61928","targetHints":{"allow":["GET"]}}],"collection":[{"href":"https:\/\/www.europesays.com\/fr\/wp-json\/wp\/v2\/posts"}],"about":[{"href":"https:\/\/www.europesays.com\/fr\/wp-json\/wp\/v2\/types\/post"}],"author":[{"embeddable":true,"href":"https:\/\/www.europesays.com\/fr\/wp-json\/wp\/v2\/users\/2"}],"replies":[{"embeddable":true,"href":"https:\/\/www.europesays.com\/fr\/wp-json\/wp\/v2\/comments?post=61928"}],"version-history":[{"count":0,"href":"https:\/\/www.europesays.com\/fr\/wp-json\/wp\/v2\/posts\/61928\/revisions"}],"wp:featuredmedia":[{"embeddable":true,"href":"https:\/\/www.europesays.com\/fr\/wp-json\/wp\/v2\/media\/61929"}],"wp:attachment":[{"href":"https:\/\/www.europesays.com\/fr\/wp-json\/wp\/v2\/media?parent=61928"}],"wp:term":[{"taxonomy":"category","embeddable":true,"href":"https:\/\/www.europesays.com\/fr\/wp-json\/wp\/v2\/categories?post=61928"},{"taxonomy":"post_tag","embeddable":true,"href":"https:\/\/www.europesays.com\/fr\/wp-json\/wp\/v2\/tags?post=61928"}],"curies":[{"name":"wp","href":"https:\/\/api.w.org\/{rel}","templated":true}]}}