{"id":619287,"date":"2025-12-24T05:01:37","date_gmt":"2025-12-24T05:01:37","guid":{"rendered":"https:\/\/www.europesays.com\/fr\/619287\/"},"modified":"2025-12-24T05:01:37","modified_gmt":"2025-12-24T05:01:37","slug":"pascal-praud-sinsurge-contre-france-televisions","status":"publish","type":"post","link":"https:\/\/www.europesays.com\/fr\/619287\/","title":{"rendered":"Pascal Praud s\u2019insurge contre France T\u00e9l\u00e9visions"},"content":{"rendered":"<p>\n    Le pr\u00e9sentateur de \u00abL\u2019heure des pros\u00bb a affich\u00e9 son soutien au rapporteur Charles Alloncle, alors que la commission d\u2019enqu\u00eate sur le service public vient d\u2019\u00eatre suspendue.<\/p>\n<p class=\"fig-paragraph\">La tr\u00eave de No\u00ebl entre\u00a0<a href=\"http:\/\/tvmag.lefigaro.fr\/programme-tv\/actu-tele\/c-avec-le-sourire-sur-cnews-la-pastille-humoristique-de-pascal-praud-fait-mouche-20251220\" target=\"_blank\" data-fig-type=\"Article\" rel=\"noopener\" data-gtm-custom-categorie=\"navigation\" data-gtm-custom-action=\"crossclick\" data-gtm-custom-label=\"Contextuel\" data-gtm-event=\"customEventSPE\" data-fig-domain=\"TVMAG\"><strong>Pascal Praud<\/strong><\/a> \u00a0et le service public, ce n\u2019est pas pour tout de suite. Ce mardi 23 d\u00e9cembre, le journaliste a exprim\u00e9 sa col\u00e8re en direct dans \u00abL\u2019heure des pros\u00bb. \u00abIls ont la trouille, parce que quand on va commencer \u00e0 voir les contrats&#8230;\u00bb, a-t-il pr\u00e9dit sur le plateau de CNews. L\u2019\u00e9mission est aussi retransmise sur Europe 1.<\/p>\n<p class=\"fig-paragraph\">Depuis le 25 novembre, l\u2019Assembl\u00e9e nationale est le th\u00e9\u00e2tre d\u2019une commission d\u2019enqu\u00eate particuli\u00e8rement tendue sur la neutralit\u00e9, le fonctionnement et le financement de l\u2019audiovisuel public. Au point que le pr\u00e9sident J\u00e9r\u00e9mie Patrier-Leitus a annonc\u00e9 cet apr\u00e8s-midi\u00a0<a href=\"http:\/\/www.lefigaro.fr\/medias\/commission-sur-l-audiovisuel-public-le-president-suspend-les-convocations-en-attendant-de-retrouver-un-cadre-digne-20251223\" target=\"_blank\" data-fig-type=\"NewsFlash\" rel=\"noopener\" data-gtm-custom-categorie=\"navigation\" data-gtm-custom-action=\"crossclick\" data-gtm-custom-label=\"Contextuel\" data-gtm-event=\"customEventSPE\" data-fig-domain=\"LEFIGARO\">suspendre les convocations<\/a>\u00a0en attendant de retrouver \u00abun cadre digne\u00bb.<\/p>\n<p>                                                                <a class=\"fig-a11y-skip\" href=\"#fig-a11y-skip-main-inarticle\" data-module=\"a11y-skip\" data-context=\"was @visible\"><br \/>\n    Passer la publicit\u00e9<br \/>\n<\/a>            <\/p>\n<p class=\"fig-paragraph\">Plusieurs personnes auditionn\u00e9es, dont le journaliste Patrick Cohen, se sont plaintes de la \u00abd\u00e9formation\u00bb de leurs propos. Le journaliste politique vise m\u00eame personnellement la \u00abmalveillance\u00bb du rapporteur\u00a0<a href=\"http:\/\/www.lefigaro.fr\/politique\/commission-d-enquete-sur-l-audiovisuel-public-jeremie-patrier-leitus-et-charles-alloncle-un-tandem-electrique-a-l-epreuve-des-auditions-20251218\" target=\"_blank\" data-fig-type=\"Article\" rel=\"noopener\" data-gtm-custom-categorie=\"navigation\" data-gtm-custom-action=\"crossclick\" data-gtm-custom-label=\"Contextuel\" data-gtm-event=\"customEventSPE\" data-fig-domain=\"LEFIGARO\">Charles Alloncle<\/a>\u00a0suite \u00e0 plusieurs posts de l\u2019homme politique sur les r\u00e9seaux sociaux. Ce dernier menace de perquisitionner France T\u00e9l\u00e9visions suite au refus de Delphine Ernotte de fournir certains documents qui pourraient \u00e9clairer sur les financements des programmes diffus\u00e9s.<\/p>\n<p>                                                                \u00abC \u00e0 vous\u00bb, une \u00e9mission produite par Mediawan<\/p>\n<p class=\"fig-paragraph\">\u00abUn homme courageux\u00bb, selon Pascal Praud. \u00abJe veux savoir combien l\u2019\u00e9mission \u201cC \u00e0 vous\u201d est factur\u00e9e. Je veux savoir combien Patrick Cohen touche. C\u2019est notre argent\u00a0! J\u2019ai le droit ou pas\u00a0? Argent public les amis\u00a0!\u00bb, a-t-il affirm\u00e9 ce matin, tr\u00e8s \u00e9nerv\u00e9.<\/p>\n<p class=\"fig-paragraph\">Or, le talk-show de France 5 est une production de Mediawan, une entreprise priv\u00e9e. \u00c0 la diff\u00e9rence des programmes de Radio France dont les financements sont assur\u00e9s en majorit\u00e9 par la dotation publique et compl\u00e9t\u00e9s par des ressources propres. Comme la matinale de France Inter o\u00f9 officie \u00e9galement Patrick Cohen.<\/p>\n<p class=\"fig-body-link\">\n            \u00c0 lire aussi<br \/>\n        <a class=\"fig-body-link__link\" href=\"http:\/\/tvmag.lefigaro.fr\/programme-tv\/actu-tele\/delphine-ernotte-ne-sert-a-rien-pascal-praud-reagit-a-la-commission-d-enquete-sur-l-audiovisuel-public-20251210\" target=\"_blank\" data-fig-type=\"Article\" rel=\"noopener\" data-gtm-custom-categorie=\"navigation\" data-gtm-custom-action=\"crossclick\" data-gtm-custom-label=\"Contextuel\" data-gtm-event=\"customEventSPE\" data-fig-domain=\"TVMAG\"><\/p>\n<p>        \u00abDelphine Ernotte ne sert \u00e0 rien\u00bb\u00a0: Pascal Praud r\u00e9agit \u00e0 la commission d\u2019enqu\u00eate sur l\u2019audiovisuel public<br \/>\n    <\/a>\n<\/p>\n<p class=\"fig-paragraph\">Un constat qui a oblig\u00e9 Pascal Praud \u00e0 pr\u00e9ciser\u00a0: \u00abMediawan est une soci\u00e9t\u00e9 priv\u00e9e qui signe avec le service public. Donc je veux savoir combien cette \u00e9mission est factur\u00e9e. Et je pense qu\u2019elle est factur\u00e9e assez cher\u00bb, a continu\u00e9 d\u2019argumenter le journaliste avant d\u2019ass\u00e9ner\u00a0: \u00abOn se beurre les tartines\u00bb.<\/p>\n<p class=\"fig-paragraph\">\u00abL\u00e0, tu es au c\u0153ur du syst\u00e8me. C\u2019est le c\u0153ur du r\u00e9acteur l\u2019audiovisuel public. La propagande, les id\u00e9es que l\u2019on veut faire passer dans tous les domaines, c\u2019est l\u2019audiovisuel public\u00bb, a-t-il ajout\u00e9. Sur le plateau de \u00abL\u2019Heure des pros\u00bb, les chroniqueurs ont pein\u00e9 \u00e0 r\u00e9agir. \u00abVous \u00eates trop en forme pour moi\u00bb, a conclu Charlotte d\u2019Ornellas.<\/p>\n","protected":false},"excerpt":{"rendered":"Le pr\u00e9sentateur de \u00abL\u2019heure des pros\u00bb a affich\u00e9 son soutien au rapporteur Charles Alloncle, alors que la commission&hellip;\n","protected":false},"author":2,"featured_media":619288,"comment_status":"","ping_status":"","sticky":false,"template":"","format":"standard","meta":{"footnotes":""},"categories":[1356],"tags":[58,59,1011,27,10160,13960,252,1364],"class_list":{"0":"post-619287","1":"post","2":"type-post","3":"status-publish","4":"format-standard","5":"has-post-thumbnail","7":"category-television","8":"tag-divertissement","9":"tag-entertainment","10":"tag-fr","11":"tag-france","12":"tag-pascal-praud","13":"tag-patrick-cohen","14":"tag-television","15":"tag-tv"},"share_on_mastodon":{"url":"https:\/\/pubeurope.com\/@fr\/115772790108647168","error":""},"_links":{"self":[{"href":"https:\/\/www.europesays.com\/fr\/wp-json\/wp\/v2\/posts\/619287","targetHints":{"allow":["GET"]}}],"collection":[{"href":"https:\/\/www.europesays.com\/fr\/wp-json\/wp\/v2\/posts"}],"about":[{"href":"https:\/\/www.europesays.com\/fr\/wp-json\/wp\/v2\/types\/post"}],"author":[{"embeddable":true,"href":"https:\/\/www.europesays.com\/fr\/wp-json\/wp\/v2\/users\/2"}],"replies":[{"embeddable":true,"href":"https:\/\/www.europesays.com\/fr\/wp-json\/wp\/v2\/comments?post=619287"}],"version-history":[{"count":0,"href":"https:\/\/www.europesays.com\/fr\/wp-json\/wp\/v2\/posts\/619287\/revisions"}],"wp:featuredmedia":[{"embeddable":true,"href":"https:\/\/www.europesays.com\/fr\/wp-json\/wp\/v2\/media\/619288"}],"wp:attachment":[{"href":"https:\/\/www.europesays.com\/fr\/wp-json\/wp\/v2\/media?parent=619287"}],"wp:term":[{"taxonomy":"category","embeddable":true,"href":"https:\/\/www.europesays.com\/fr\/wp-json\/wp\/v2\/categories?post=619287"},{"taxonomy":"post_tag","embeddable":true,"href":"https:\/\/www.europesays.com\/fr\/wp-json\/wp\/v2\/tags?post=619287"}],"curies":[{"name":"wp","href":"https:\/\/api.w.org\/{rel}","templated":true}]}}