{"id":619290,"date":"2025-12-24T05:04:39","date_gmt":"2025-12-24T05:04:39","guid":{"rendered":"https:\/\/www.europesays.com\/fr\/619290\/"},"modified":"2025-12-24T05:04:39","modified_gmt":"2025-12-24T05:04:39","slug":"le-nazisme-dans-les-yeux-dun-enfant","status":"publish","type":"post","link":"https:\/\/www.europesays.com\/fr\/619290\/","title":{"rendered":"le nazisme dans les yeux d\u2019un enfant"},"content":{"rendered":"<p>Amrum, \u00e0 l\u2019extr\u00eame nord de l\u2019Allemagne, en 1945. Sur cette petite \u00eele situ\u00e9e tout pr\u00e8s du Danemark, la guerre semble loin. Il y a bien des avions qui la survolent, mais ils ne larguent jamais de bombes. Si le conflit arm\u00e9 reste \u00e9loign\u00e9, le lieu n\u2019est pas \u00e9pargn\u00e9 par les tensions. Des tensions que Nanning (Jasper Billerbeck), 12\u00a0ans, ne remarque pas. Plut\u00f4t taiseux et calme, il passe ses journ\u00e9es avec son copain Hermann (Kian K\u00f6ppke), un gar\u00e7on doux, solaire et facile d\u2019acc\u00e8s.<\/p>\n<p>Ensemble, ils aident la m\u00e8re d\u2019Hermann, Tessa (<a target=\"_self\" href=\"https:\/\/www.lanouvellerepublique.fr\/a-la-une\/diane-kruger-les-films-de-louis-de-funes-me-bouleversent-encore-aujourd-hui-1757347468\" rel=\"noopener\">Diane Kruger<\/a>), \u00e0 cultiver les champs. Ainsi, Nanning peut-il compl\u00e9ter ce qu\u2019il ram\u00e8ne de la p\u00eache avec quelques l\u00e9gumes, voire un peu de beurre. Ce qu\u2019appr\u00e9cient particuli\u00e8rement sa m\u00e8re Hille (Laura Tonke) et sa tante Ena (Lisa Hagmeister).<\/p>\n<p>C\u2019est une r\u00e9flexion lanc\u00e9e par Tessa contre le r\u00e9gime nazi qui va d\u00e9chirer le voile d\u2019insouciance de Nanning. Lorsqu\u2019il sera contraint de la r\u00e9p\u00e9ter \u00e0 Hille, cette \u00e9pouse d\u2019officier allemand qui v\u00e9n\u00e8re Hitler, forte de l\u2019assurance conf\u00e9r\u00e9e par des ann\u00e9es d\u2019h\u00e9g\u00e9monie allemande, va d\u00e9noncer Tessa au chef nazi local.<\/p>\n<\/p>\n<p>Fatih Akin porte \u00e0 l\u2019\u00e9cran l\u2019histoire d\u2019un acteur disparu<\/p>\n<p>Nanning est chass\u00e9 du champ, il doit s\u2019\u00e9loigner d\u2019Hermann qui ne comprend pas et commence \u00e0 regarder sa m\u00e8re (qui se durcit de plus en plus) d\u2019un \u0153il de plus en plus lucide. Lorsque le Troisi\u00e8me Reich s\u2019\u00e9croulera, que Hitler mettra fin \u00e0 ses jours, Hille, devenue ind\u00e9sirable, devra ravaler sa morgue sous le regard d\u2019un Nanning qui va s\u2019ouvrir \u00e0 l\u2019humanit\u00e9.<\/p>\n<p>Ce film est avant tout un chant d\u2019amour de <a target=\"_self\" href=\"http:\/\/lanouvellerepublique.fr\/a-la-une\/diane-krueger-eblouit-en-femme-meurtrie\" rel=\"noopener\">Fatih Akin<\/a> \u00e0 son mod\u00e8le, l\u2019acteur et cin\u00e9aste Hark Bohm disparu en novembre dernier, dont le visage regardant l\u2019horizon conclut ce film passionnant. C\u2019est lui qui a \u00e9crit cette histoire bouleversante. Fatih Akin s\u2019est charg\u00e9 de la porter \u00e0 l\u2019\u00e9cran, Bohm \u00e9tant devenu trop faible pour mener \u00e0 bien un tournage.<\/p>\n<p>Que ce soit par la beaut\u00e9 des paysages, la qu\u00eate f\u00e9brile du jeune gar\u00e7on de beurre, miel et pain blanc pour sa m\u00e8re Hille ou certains personnages secondaires (le boulanger, le p\u00eacheur de phoques), Une enfance allemande\u00a0: \u00eele d\u2019Amrum, 1945 est napp\u00e9 d\u2019une belle po\u00e9sie. Ce qui n\u2019emp\u00eache pas le r\u00e9cit d\u2019\u00eatre tranchant, particuli\u00e8rement avec le personnage fanatis\u00e9 de Hille. En faisant un pas de c\u00f4t\u00e9 par rapport aux habituels r\u00e9cits de guerre, Fatih Akin et Hark Bohm livrent finalement un message qui entre encore davantage dans les consciences de chaque spectateur.<\/p>\n<p>\u00ab\u00a0Une enfance allemande \u00eele d\u2019Amrum, 1945\u00a0\u00bb, dur\u00e9e 1\u00a0h\u00a033 \u2013 mercredi 24\u00a0d\u00e9cembre.<\/p>\n","protected":false},"excerpt":{"rendered":"Amrum, \u00e0 l\u2019extr\u00eame nord de l\u2019Allemagne, en 1945. Sur cette petite \u00eele situ\u00e9e tout pr\u00e8s du Danemark, la&hellip;\n","protected":false},"author":2,"featured_media":619291,"comment_status":"","ping_status":"","sticky":false,"template":"","format":"standard","meta":{"footnotes":""},"categories":[1354],"tags":[328,9565,650,58,59,1346,1011,27,329,1393,1360],"class_list":{"0":"post-619290","1":"post","2":"type-post","3":"status-publish","4":"format-standard","5":"has-post-thumbnail","7":"category-films","8":"tag-a-la-une","9":"tag-actu-cinema-les-films","10":"tag-cinema","11":"tag-divertissement","12":"tag-entertainment","13":"tag-films","14":"tag-fr","15":"tag-france","16":"tag-france-monde","17":"tag-loisirs","18":"tag-movies"},"share_on_mastodon":{"url":"https:\/\/pubeurope.com\/@fr\/115772801946527643","error":""},"_links":{"self":[{"href":"https:\/\/www.europesays.com\/fr\/wp-json\/wp\/v2\/posts\/619290","targetHints":{"allow":["GET"]}}],"collection":[{"href":"https:\/\/www.europesays.com\/fr\/wp-json\/wp\/v2\/posts"}],"about":[{"href":"https:\/\/www.europesays.com\/fr\/wp-json\/wp\/v2\/types\/post"}],"author":[{"embeddable":true,"href":"https:\/\/www.europesays.com\/fr\/wp-json\/wp\/v2\/users\/2"}],"replies":[{"embeddable":true,"href":"https:\/\/www.europesays.com\/fr\/wp-json\/wp\/v2\/comments?post=619290"}],"version-history":[{"count":0,"href":"https:\/\/www.europesays.com\/fr\/wp-json\/wp\/v2\/posts\/619290\/revisions"}],"wp:featuredmedia":[{"embeddable":true,"href":"https:\/\/www.europesays.com\/fr\/wp-json\/wp\/v2\/media\/619291"}],"wp:attachment":[{"href":"https:\/\/www.europesays.com\/fr\/wp-json\/wp\/v2\/media?parent=619290"}],"wp:term":[{"taxonomy":"category","embeddable":true,"href":"https:\/\/www.europesays.com\/fr\/wp-json\/wp\/v2\/categories?post=619290"},{"taxonomy":"post_tag","embeddable":true,"href":"https:\/\/www.europesays.com\/fr\/wp-json\/wp\/v2\/tags?post=619290"}],"curies":[{"name":"wp","href":"https:\/\/api.w.org\/{rel}","templated":true}]}}