{"id":619294,"date":"2025-12-24T05:06:22","date_gmt":"2025-12-24T05:06:22","guid":{"rendered":"https:\/\/www.europesays.com\/fr\/619294\/"},"modified":"2025-12-24T05:06:22","modified_gmt":"2025-12-24T05:06:22","slug":"can-2025-le-combattant-de-mma-francis-ngannou-parie-320-000-euros-sur-la-victoire-finale-du-cameroun","status":"publish","type":"post","link":"https:\/\/www.europesays.com\/fr\/619294\/","title":{"rendered":"CAN 2025\u00a0: le combattant de MMA Francis Ngannou parie 320\u00a0000\u00a0euros sur la victoire finale du Cameroun"},"content":{"rendered":"<p class=\"paragraph text_align_left lp-f-body-02\">Francis Ngannou fait confiance \u00e0 ses compatriotes. Ou du moins, il croit en leurs chances de victoire finale \u00e0 <a href=\"https:\/\/www.leparisien.fr\/sports\/football\/coupe-d-afrique-des-nations\/\" target=\"_blank\" rel=\"noreferrer noopener\">la Coupe d\u2019Afrique des nations<\/a>. Ce lundi, le combattant <a href=\"https:\/\/www.leparisien.fr\/sports\/mma\/\" target=\"_blank\" rel=\"noreferrer noopener\">de MMA<\/a> camerounais a r\u00e9v\u00e9l\u00e9 avoir fait un pari stratosph\u00e9rique sur le titre des Lions indomptables cette ann\u00e9e au Maroc.<\/p>\n<p class=\"\">Pour prouver ses dires, l\u2019ancien combattant de l\u2019UFC a m\u00eame publi\u00e9 son ticket de pari sur sa page Facebook. \u00ab Bonne chance \u00e0 tous les pays participants de la CAN 2025, a-t-il \u00e9crit en l\u00e9gende de la photo de son ticket de pari. Faites-nous vibrer, les gars. Je mise tout sur <a href=\"https:\/\/www.leparisien.fr\/sports\/football\/cameroun\/\" target=\"_blank\" rel=\"noreferrer noopener\">nos Lions indomptables<\/a>. Avec une cote \u00e0 21, difficile de r\u00e9sister. \u00bb<\/p>\n<p class=\"\">Et il n\u2019y a pas \u00e9t\u00e9 de main morte avec pr\u00e8s de 210 millions de francs CFA mis sur une cote \u00e0 21. Cela repr\u00e9sente au total 320 000 euros, qui peuvent se transformer 6 720 000 euros. Une rondelette somme, m\u00eame quand on est riche comme <a href=\"https:\/\/www.leparisien.fr\/sports\/mma\/je-renvoie-une-image-pas-tres-rassurante-comment-francis-ngannou-a-apprivoise-son-physique-de-colosse-19-10-2024-HWHH4R76KBHGXOXAZLP4KDHWFI.php\" target=\"_blank\" rel=\"noreferrer noopener\">Francis Ngannou<\/a>.<\/p>\n<p class=\"\">Combattant de MMA et boxeur, le Camerounais a notamment gagn\u00e9 9,1 millions d\u2019euros pour son seul combat de boxe anglaise face \u00e0 Tyson Fury. Avec ses combats de MMA, son contrat avec le PFL, les revenus de son titre \u00e0 l\u2019UFC, son compte en banque est d\u00e9sormais bien garni. Une belle histoire pour <a href=\"https:\/\/www.leparisien.fr\/sports\/francis-ngannou-lex-sdf-devenu-star-du-mma-son-reve-la-toujours-fait-tenir-debout-21-01-2022-J22JHSQYHJHLBAYUK6Q577EJZE.php#:~:text=L&#039;ancien%20SDF%20des%20quartiers,au%20t%C3%A9l%C3%A9phone%2C%20confie%20Khater%20Yenbou.\" target=\"_blank\" rel=\"noreferrer noopener\">un homme qui \u00e9tait SDF lors de son arriv\u00e9e \u00e0 Paris<\/a> en 2014.<\/p>\n","protected":false},"excerpt":{"rendered":"Francis Ngannou fait confiance \u00e0 ses compatriotes. Ou du moins, il croit en leurs chances de victoire finale&hellip;\n","protected":false},"author":2,"featured_media":619295,"comment_status":"","ping_status":"","sticky":false,"template":"","format":"standard","meta":{"footnotes":""},"categories":[9],"tags":[71594,63,1011,27,60],"class_list":{"0":"post-619294","1":"post","2":"type-post","3":"status-publish","4":"format-standard","5":"has-post-thumbnail","7":"category-sports","8":"tag-can","9":"tag-football","10":"tag-fr","11":"tag-france","12":"tag-sports"},"share_on_mastodon":{"url":"https:\/\/pubeurope.com\/@fr\/115772809818348006","error":""},"_links":{"self":[{"href":"https:\/\/www.europesays.com\/fr\/wp-json\/wp\/v2\/posts\/619294","targetHints":{"allow":["GET"]}}],"collection":[{"href":"https:\/\/www.europesays.com\/fr\/wp-json\/wp\/v2\/posts"}],"about":[{"href":"https:\/\/www.europesays.com\/fr\/wp-json\/wp\/v2\/types\/post"}],"author":[{"embeddable":true,"href":"https:\/\/www.europesays.com\/fr\/wp-json\/wp\/v2\/users\/2"}],"replies":[{"embeddable":true,"href":"https:\/\/www.europesays.com\/fr\/wp-json\/wp\/v2\/comments?post=619294"}],"version-history":[{"count":0,"href":"https:\/\/www.europesays.com\/fr\/wp-json\/wp\/v2\/posts\/619294\/revisions"}],"wp:featuredmedia":[{"embeddable":true,"href":"https:\/\/www.europesays.com\/fr\/wp-json\/wp\/v2\/media\/619295"}],"wp:attachment":[{"href":"https:\/\/www.europesays.com\/fr\/wp-json\/wp\/v2\/media?parent=619294"}],"wp:term":[{"taxonomy":"category","embeddable":true,"href":"https:\/\/www.europesays.com\/fr\/wp-json\/wp\/v2\/categories?post=619294"},{"taxonomy":"post_tag","embeddable":true,"href":"https:\/\/www.europesays.com\/fr\/wp-json\/wp\/v2\/tags?post=619294"}],"curies":[{"name":"wp","href":"https:\/\/api.w.org\/{rel}","templated":true}]}}