{"id":619296,"date":"2025-12-24T05:07:33","date_gmt":"2025-12-24T05:07:33","guid":{"rendered":"https:\/\/www.europesays.com\/fr\/619296\/"},"modified":"2025-12-24T05:07:33","modified_gmt":"2025-12-24T05:07:33","slug":"pascal-praud-61-ans-brutalement-honnete-sur-gims-cest-un","status":"publish","type":"post","link":"https:\/\/www.europesays.com\/fr\/619296\/","title":{"rendered":"Pascal Praud (61 ans) brutalement honn\u00eate sur Gims : \u00ab\u00a0C&rsquo;est un&#8230;\u00a0\u00bb"},"content":{"rendered":"<p>Musicalement, Gims n\u2019a plus rien \u00e0 prouver. Depuis de nombreuses<br \/>\nann\u00e9es, le chanteur encha\u00eene les tubes \u00e0 succ\u00e8s. D\u00e8s ses d\u00e9buts au<br \/>\nsein du groupe Sexion d\u2019Assaut, il a montr\u00e9 qu\u2019il \u00e9tait un rappeur<br \/>\nexceptionnel. Tr\u00e8s vite, ce dernier a vu sa popularit\u00e9 grandir. Une<br \/>\nascension fulgurante qui a continu\u00e9 avec une carri\u00e8re solo port\u00e9e<br \/>\npar des albums impressionnants. De Subliminal \u00e0 Mon<br \/>\nc\u0153ur avait raison en passant par Ceinture noire, Gims<br \/>\nest parvenu \u00e0 se hisser parmi les plus grands noms de la musique<br \/>\nfrancophone. Sa carri\u00e8re sc\u00e9nique est \u00e9galement notable avec des<br \/>\nconcerts \u00e0 guichet ferm\u00e9 et des tourn\u00e9es ambitieuses. D\u2019ailleurs,<br \/>\nce dernier a une nouvelle fois fait vibrer ses nombreux fans en<br \/>\nFrance.<\/p>\n<p>Le chanteur met le feu sur sc\u00e8ne et termine l\u2019ann\u00e9e en<br \/>\nbeaut\u00e9<\/p>\n<p>C\u2019est toujours un plaisir de retrouver Gims sur sc\u00e8ne. Et ce ne<br \/>\nsont pas ces fans qui diront le contraire. D\u2019ailleurs, le 21<br \/>\nd\u00e9cembre dernier, le rappeur est mont\u00e9 sur la sc\u00e8ne de Paris La<br \/>\nD\u00e9fense Arena pour l\u2019avant-derni\u00e8re date de sa tourn\u00e9e. Pour<br \/>\nl\u2019occasion, <strong>ce ne sont pas moins de 40 000 personnes qui se<br \/>\nsont r\u00e9unies pour le show<\/strong>. Et ils ne l\u2019ont pas regrett\u00e9.<br \/>\nDans une ambiance folle, l\u2019ancien membre des Sexion d\u2019Assaut a<br \/>\nencha\u00een\u00e9 les tubes \u00e0 succ\u00e8s.<\/p>\n<p>Le tout, en prenant bien le soin d\u2019alterner entre les titres les<br \/>\nplus r\u00e9cents comme Parisienne\u00a0avec les plus anciens<br \/>\ncomme Bella. De toute fa\u00e7on, quelle que soit la chanson<br \/>\ninterpr\u00e9t\u00e9e par le rappeur, il ne fait aucun doute que les fans<br \/>\nauraient \u00e9t\u00e9 ravis. Une mani\u00e8re incroyable de terminer la grande<br \/>\ntourn\u00e9e avant d\u2019entamer la saison des festivals. D\u2019ailleurs, la<br \/>\nprestation de Gims n\u2019a pas manqu\u00e9 de faire, notamment Pascal Praud<br \/>\nqui n\u2019a pas h\u00e9sit\u00e9 \u00e0 dire ce qu\u2019il pense.<\/p>\n<p>Pascal Praud sans d\u00e9tour sur Gims<\/p>\n<p>Comme d\u2019habitude, les t\u00e9l\u00e9spectateurs de CNews ont retrouv\u00e9<br \/>\nPascal Praud dans Les Heures des Pros. Dans le num\u00e9ro de ce lundi<br \/>\n22 d\u00e9cembre 2025, le pr\u00e9sentateur a d\u00e9cid\u00e9 de parler de Gims. Dans<br \/>\nson \u00e9dito, l\u2019animateur a d\u2019abord pr\u00e9sent\u00e9 <a href=\"https:\/\/www.melty.fr\/people\/gims-traumatise-par-larrestation-de-sa-mere-ils-lont-menottee-mise-au-sol-genoux-sur-la-tempe-2284618.html\" target=\"_blank\" rel=\"noopener\"><br \/>\nle chanteur qui a \u00e9t\u00e9 traumatis\u00e9 par l\u00a0\u00bbarrestation de sa m\u00e8re<\/a>.<br \/>\nAvant de revenir sur <strong>sa r\u00e9cente prestation \u00e0 Paris, \u00e0<br \/>\nl\u2019Accord Arena<\/strong>.<\/p>\n<p>Un \u00e9v\u00e9nement qui a r\u00e9uni de nombreuses personnes. \u201cGandhi<br \/>\nDjuna, dit Gims, anciennement Ma\u00eetre Gims, 39 ans, ic\u00f4ne d&rsquo;une<br \/>\ng\u00e9n\u00e9ration. Quatre jours \u00e0 Paris, \u00e0 la D\u00e9fense Arena, la plus<br \/>\ngrande salle d&rsquo;Europe. Quatre jours \u00e0 Paris, cinq concerts. Samedi,<br \/>\nce fut matin\u00e9e \u00e0 14h. <strong>40 000 personnes \u00e0 chaque fois, 200<br \/>\n000 fans en quasiment un week-end<\/strong>\u201d, a d\u00e9clar\u00e9<br \/>\nl&rsquo;animateur.<\/p>\n<p>\u201cLe plus grand chanteur de tous les<br \/>\ntemps en France\u201d<\/p>\n<p>Gims est un v\u00e9ritable ph\u00e9nom\u00e8ne. Au fil des ann\u00e9es, le chanteur<br \/>\nest parvenu \u00e0 se faire une place de choix dans le c\u0153ur de millions<br \/>\nde personnes. Les petits comme les plus grands l&rsquo;appr\u00e9cient.<br \/>\n<a href=\"https:\/\/www.melty.fr\/people\/8-ans-apres-pascal-praud-sans-concession-sur-les-funerailles-de-johnny-hallyday-cest-lanti-2281498.html\" target=\"_blank\" rel=\"noopener\"><br \/>\nUne popularit\u00e9 qui fait penser \u00e0 Johnny Hallyday<\/a>.<br \/>\n\u201c<strong>Un ph\u00e9nom\u00e8ne qui rappelle Johnny Hallyday.<\/strong><br \/>\nTous les \u00e2ges, venus de toute la France et de tous les horizons. Et<br \/>\nnotamment des coll\u00e8ges, des lyc\u00e9es, mais aussi du cours<br \/>\npr\u00e9paratoire au CM2. Des enfants et <strong>des ados qui chantent<br \/>\nde la premi\u00e8re \u00e0 la derni\u00e8re minute<\/strong> toutes les chansons du<br \/>\nshow. Qui les connaissent par c\u0153ur. Ciel, Parisienne, les<br \/>\nnouveaux hits, Bella, Sap\u00e9 comme jamais, les anciens tops.<br \/>\nQui les reprennent \u00e0 la virgule pr\u00e8s\u201d, a-t-il r\u00e9v\u00e9l\u00e9.<\/p>\n<p>Avant de continuer en d\u00e9crivant la derni\u00e8re prestation du<br \/>\nchanteur : \u201c<strong>Sur sc\u00e8ne, Gims affole les fans, une<br \/>\n\u00e9lectricit\u00e9 traverse la salle que rejoint Dadju<\/strong>, son<br \/>\nfr\u00e8re, mais aussi un spectateur anonyme qui monte aux c\u00f4t\u00e9s de son<br \/>\nidole pour encha\u00eener un rap qui met tout le monde d&rsquo;accord. Gims<br \/>\nest un \u00e9v\u00e9nement. Dadju l&rsquo;appelle le plus grand chanteur de tous<br \/>\nles temps en France. Chaque g\u00e9n\u00e9ration a une ic\u00f4ne et parfois<br \/>\nplusieurs. Gims est au sommet.\u201d Des termes \u00e9logieux qui ont<br \/>\ns\u00fbrement fait plaisir au chanteur.<\/p>\n","protected":false},"excerpt":{"rendered":"Musicalement, Gims n\u2019a plus rien \u00e0 prouver. Depuis de nombreuses ann\u00e9es, le chanteur encha\u00eene les tubes \u00e0 succ\u00e8s.&hellip;\n","protected":false},"author":2,"featured_media":619297,"comment_status":"","ping_status":"","sticky":false,"template":"","format":"standard","meta":{"footnotes":""},"categories":[8],"tags":[58,59,1011,27,13444,10160,65861],"class_list":{"0":"post-619296","1":"post","2":"type-post","3":"status-publish","4":"format-standard","5":"has-post-thumbnail","7":"category-divertissement","8":"tag-divertissement","9":"tag-entertainment","10":"tag-fr","11":"tag-france","12":"tag-gims","13":"tag-pascal-praud","14":"tag-trend"},"share_on_mastodon":{"url":"https:\/\/pubeurope.com\/@fr\/115772813845194139","error":""},"_links":{"self":[{"href":"https:\/\/www.europesays.com\/fr\/wp-json\/wp\/v2\/posts\/619296","targetHints":{"allow":["GET"]}}],"collection":[{"href":"https:\/\/www.europesays.com\/fr\/wp-json\/wp\/v2\/posts"}],"about":[{"href":"https:\/\/www.europesays.com\/fr\/wp-json\/wp\/v2\/types\/post"}],"author":[{"embeddable":true,"href":"https:\/\/www.europesays.com\/fr\/wp-json\/wp\/v2\/users\/2"}],"replies":[{"embeddable":true,"href":"https:\/\/www.europesays.com\/fr\/wp-json\/wp\/v2\/comments?post=619296"}],"version-history":[{"count":0,"href":"https:\/\/www.europesays.com\/fr\/wp-json\/wp\/v2\/posts\/619296\/revisions"}],"wp:featuredmedia":[{"embeddable":true,"href":"https:\/\/www.europesays.com\/fr\/wp-json\/wp\/v2\/media\/619297"}],"wp:attachment":[{"href":"https:\/\/www.europesays.com\/fr\/wp-json\/wp\/v2\/media?parent=619296"}],"wp:term":[{"taxonomy":"category","embeddable":true,"href":"https:\/\/www.europesays.com\/fr\/wp-json\/wp\/v2\/categories?post=619296"},{"taxonomy":"post_tag","embeddable":true,"href":"https:\/\/www.europesays.com\/fr\/wp-json\/wp\/v2\/tags?post=619296"}],"curies":[{"name":"wp","href":"https:\/\/api.w.org\/{rel}","templated":true}]}}