{"id":61930,"date":"2025-04-29T13:50:09","date_gmt":"2025-04-29T13:50:09","guid":{"rendered":"https:\/\/www.europesays.com\/fr\/61930\/"},"modified":"2025-04-29T13:50:09","modified_gmt":"2025-04-29T13:50:09","slug":"atteindre-20-du-marche-mondial-des-semi-conducteurs-dici-2030-lobjectif-de-lue-est-deconnecte-de-la-realite","status":"publish","type":"post","link":"https:\/\/www.europesays.com\/fr\/61930\/","title":{"rendered":"Atteindre 20 % du march\u00e9 mondial des semi-conducteurs d&rsquo;ici 2030 ? L&rsquo;objectif de l&rsquo;UE est \u00ab\u00a0d\u00e9connect\u00e9 de la r\u00e9alit\u00e9 \u00bb"},"content":{"rendered":"<p>L\u2019objectif de l\u2019UE de couvrir un cinqui\u00e8me de la production mondiale de puces d\u2019ici 2030 ne sera pas atteint, selon un rapport officiel pr\u00e9sent\u00e9 \u00e0 la Commission europ\u00e9enne, lundi 28 avril.<\/p>\n<p>L\u2019Europe qui ma\u00eetriserait 20\u00a0% de la production mondiale de <a href=\"https:\/\/www.01net.com\/actualites\/donald-trump-resserre-letau-sur-les-semi-conducteurs-un-pari-risque-pour-leconomie-americaine.html\" target=\"_blank\" rel=\"noopener\">semi-conducteurs<\/a> d\u2019ici 2030, pour r\u00e9duire sa d\u00e9pendance \u00e0 l\u2019Asie du Sud-Est et aux <a href=\"https:\/\/www.01net.com\/actualites\/guerre-des-semi-conducteurs-joe-biden-porte-un-dernier-coup-a-la-chine.html\" target=\"_blank\" rel=\"noopener\">\u00c9tats-Unis<\/a>\u00a0? C\u2019est rat\u00e9. Un rapport sur la strat\u00e9gie de la Commission europ\u00e9enne en mati\u00e8re de puces \u00e9lectroniques, <a href=\"https:\/\/www.eca.europa.eu\/fr\/news\/NEWS-SR-2025-12\" target=\"_blank\" rel=\"false noopener\">publi\u00e9 lundi 28 avril<\/a>, montre que cet objectif, que s\u2019\u00e9tait fix\u00e9e l\u2019Union europ\u00e9enne (UE) en 2022, ne sera pas atteint. Pire, il est \u00ab\u00a0d\u00e9connect\u00e9 de la r\u00e9alit\u00e9\u00a0\u00bb, a soulign\u00e9 Annemie Turtelboom, qui pr\u00e9sentait le rapport de la Cour des comptes europ\u00e9enne devant la presse.<\/p>\n<p>Ce dernier \u00ab\u00a0rel\u00e8ve du v\u0153u pieux\u00a0: pour l\u2019atteindre, il nous faudrait multiplier quasiment par quatre notre capacit\u00e9 de production dans les cinq prochaines ann\u00e9es. Autant le dire, nous sommes \u00e0 la tra\u00eene. L\u2019Europe doit pouvoir rivaliser, mais pour ce faire, la Commission europ\u00e9enne doit d\u2019abord revoir sa strat\u00e9gie \u00e0 long terme pour mieux coller \u00e0 la r\u00e9alit\u00e9 du march\u00e9\u00a0\u00bb, a-t-elle d\u00e9clar\u00e9, cit\u00e9e dans le communiqu\u00e9 de la Cour des comptes europ\u00e9enne, le gendarme des finances de l\u2019UE. En 2022, le Vieux continent veut \u00e9viter de nouvelles p\u00e9nuries de semi-conducteurs qui ont jalonn\u00e9 la crise du Covid-19. Bruxelles d\u00e9finit un objectif ambitieux\u00a0: rattraper son retard dans la fabrication de puces \u00e9lectroniques, des composants essentiels \u00e0 nos smartphones, nos voitures et nos ordinateurs, en majorit\u00e9 dans les mains de fabricants d\u2019Asie du Sud-Est et des \u00c9tats-Unis.<\/p>\n<blockquote>\n<p><strong>\u00c0 lire aussi\u00a0: <a href=\"https:\/\/www.01net.com\/actualites\/appel-a-acheter-europeen-coalition-pour-les-semi-conducteurs-lue-sommee-dagir-face-a-donald-trump.html\" target=\"_blank\" rel=\"noopener\">Appel \u00e0 acheter europ\u00e9en, coalition pour les semi-conducteurs\u2026 l\u2019UE somm\u00e9e d\u2019agir face \u00e0 Donald Trump<\/a><\/strong><\/p>\n<\/blockquote>\n<p> Des sommes mobilis\u00e9es par l\u2019UE insuffisantes\u00a0? <\/p>\n<p>Elle lan\u00e7ait il y a dix-huit mois son \u00ab\u00a0Chips Act\u00a0\u00bb, un plan de subventions destin\u00e9 \u00e0 r\u00e9duire sa d\u00e9pendance vis-\u00e0-vis des fabricants asiatiques et am\u00e9ricains.<\/p>\n<blockquote>\n<p><strong>\u00c0 lire aussi\u00a0: <a href=\"https:\/\/www.01net.com\/actualites\/que-contient-le-chips-act-laccord-de-lue-cense-booster-la-production-de-semi-conducteurs-en-europe.html\" target=\"_blank\" rel=\"noopener\">Que contient le Chips Act, l\u2019accord de l\u2019UE cens\u00e9 booster la production de semi-conducteurs en Europe\u00a0?<\/a><\/strong><\/p>\n<\/blockquote>\n<p>En parall\u00e8le, Bruxelles pr\u00e9voyait qu\u2019en 2030, l\u2019Europe produirait un cinqui\u00e8me de la fabrication mondiale de puces \u00e9lectroniques. Mais les mesures d\u00e9cid\u00e9es sont loin d\u2019avoir port\u00e9 leurs fruits. D\u2019abord parce que les semi-conducteurs n\u00e9cessitent des\u00a0mati\u00e8res premi\u00e8res sur lesquelles l\u2019Europe n\u2019a pas la main. La Chine contr\u00f4le 95\u00a0% du gallium raffin\u00e9 mondial.<\/p>\n<blockquote>\n<p><strong>\u00c0 lire aussi\u00a0: <a href=\"https:\/\/www.01net.com\/actualites\/la-chine-suspend-ses-exportations-de-terres-rares-lindustrie-mondiale-de-lautomobile-et-de-la-defense-retient-son-souffle.html\" target=\"_blank\" rel=\"noopener\">La Chine suspend ses exportations de terres rares\u00a0: l\u2019industrie mondiale de l\u2019automobile et de la d\u00e9fense retient son souffle<\/a><\/strong><\/p>\n<\/blockquote>\n<p>Autre \u00e9cueil\u00a0: les sommes mobilis\u00e9es (pr\u00e8s de 86 milliards d\u2019euros) ne suffisent pas face aux montants d\u00e9mesur\u00e9s d\u00e9pens\u00e9s par des g\u00e9ants comme Taiwan Semiconductor Manufacturing Company (TSMC), Samsung et Intel. Selon la Cour des comptes europ\u00e9enne, ces derniers avaient pr\u00e9vu d\u2019investir entre 2020 et 2023\u00a0425 milliards de dollars. R\u00e9sultat, l\u2019Europe ne devrait atteindre que 11,7\u00a0% de la production mondiale en 2030, soit seulement 7\u00a0% de plus qu\u2019en 2020.<\/p>\n<blockquote>\n<p><strong>\u00c0 lire aussi\u00a0: <a href=\"https:\/\/www.01net.com\/actualites\/guerre-des-semi-conducteurs-washington-etend-sa-liste-noire-a-des-dizaines-dentreprises-chinoises.html\" target=\"_blank\" rel=\"noopener\">Guerre des semi-conducteurs\u00a0: Washington \u00e9tend sa liste noire \u00e0 des dizaines d\u2019entreprises chinoises<\/a><\/strong><\/p>\n<\/blockquote>\n<p> Des m\u00e9gaprojets retard\u00e9s ou annul\u00e9s <\/p>\n<p>Ce chiffre, qui est loin d\u2019atteindre les 20\u00a0%, s\u2019explique aussi parce que certains m\u00e9gaprojets qui \u00e9taient pr\u00e9vus sur le Vieux continent ont \u00e9t\u00e9 annul\u00e9s ou retard\u00e9s. <a href=\"https:\/\/www.01net.com\/actualites\/semi-conducteurs-lue-peut-compter-sur-intel-pour-atteindre-20-de-parts-de-marche-en-2030.html\" target=\"_blank\" rel=\"noopener\">Intel avait par exemple pr\u00e9vu d\u2019investir 30 milliards d\u2019euros dans une m\u00e9ga-usine \u00e0 Magdebourg<\/a>, en Allemagne. Mais le projet a \u00e9t\u00e9 report\u00e9 en septembre dernier. \u00ab Il y a un nombre limit\u00e9 d\u2019acteurs qui re\u00e7oivent beaucoup de fonds, ce qui signifie que si un projet tombe, cela a un impact \u00e9norme sur les objectifs de 20\u00a0%\u00a0\u00bb, a expliqu\u00e9 Annemie Turtelboom, ancienne ministre belge.<\/p>\n<p>D\u2019autre part, la Commission europ\u00e9enne ne contr\u00f4le que 5\u00a0% des fonds annonc\u00e9s dans le Chips Act. \u00ab\u00a0Nous participons \u00e0 une course mondiale, mais depuis l\u2019arri\u00e8re du terrain, et il n\u2019est pas certain que nous ayons les moyens de r\u00e9ussir dans cette course [ou les] comp\u00e9tences pour soutenir l\u2019industrie, et le financement dont nous disposons est fragment\u00e9 et dispers\u00e9\u00a0\u00bb, a rappel\u00e9 Annemie Turtelboom, pendant la pr\u00e9sentation du rapport. R\u00e9sultat, Bruxelles n\u2019a en fait qu\u2019un contr\u00f4le tr\u00e8s limit\u00e9 de l\u2019affectation des fonds. Elle manque aussi de vision d\u2019ensemble, puisque les pays europ\u00e9ens ne sont pas oblig\u00e9s de communiquer \u00e0 la Commission leurs projets de constructions d\u2019usine en la mati\u00e8re.<\/p>\n<p> Il faut \u00ab\u00a0revoir de toute urgence la strat\u00e9gie pour le secteur\u00a0\u00bb <\/p>\n<p>Les auteurs du rapport pr\u00e9conisent de \u00ab revoir de toute urgence la strat\u00e9gie pour le secteur\u00a0\u00bb, en mettant \u00e0 jour le Chips Act, en r\u00e9\u00e9valuant l\u2019objectif initial des 20\u00a0%, et en incluant les tendances \u00e0 venir de l\u2019industrie. Ils recommandent \u00e0 Bruxelles de se concentrer sur les puces \u00e9lectroniques destin\u00e9es \u00e0 l\u2019intelligence artificielle ou sur les unit\u00e9s dot\u00e9es de circuits grav\u00e9s plus petits. Un premier r\u00e9examen du Chips Act est pour l\u2019instant seulement pr\u00e9vu en septembre 2026. Ajoutez \u00e0 ce bilan plus que morose \u00ab\u00a0les tensions g\u00e9opolitiques, (qui) compliquent encore la situation\u00a0\u00bb. <a href=\"https:\/\/www.01net.com\/actualites\/donald-trump-resserre-letau-sur-les-semi-conducteurs-un-pari-risque-pour-leconomie-americaine.html\" target=\"_blank\" rel=\"noopener\">Donald Trump menace en effet tout le secteur de droits de douane sal\u00e9s<\/a>, ce qui entra\u00eenerait un risque d\u2019\u00ab\u00a0effondrement des cha\u00eenes d\u2019approvisionnement\u00a0\u00bb.<\/p>\n<blockquote>\n<p class=\"text-base text-neutral-700 dark:text-neutral-300\">\ud83d\udd34 Pour ne manquer aucune actualit\u00e9 de 01net, suivez-nous sur <a href=\"https:\/\/news.google.com\/publications\/CAAqBwgKMJPsvAswoIfUAw?hl=fr&amp;gl=FR&amp;ceid=FR%3Afr\" target=\"_blank\" rel=\"noopener\">Google Actualit\u00e9s<\/a> et <a href=\"https:\/\/whatsapp.com\/channel\/0029VaH5gKg6xCSG9nQQhQ1Z\" target=\"_blank\" rel=\"noopener\">WhatsApp<\/a>.<\/p>\n<\/blockquote>\n","protected":false},"excerpt":{"rendered":"L\u2019objectif de l\u2019UE de couvrir un cinqui\u00e8me de la production mondiale de puces d\u2019ici 2030 ne sera pas&hellip;\n","protected":false},"author":2,"featured_media":61931,"comment_status":"","ping_status":"","sticky":false,"template":"","format":"standard","meta":{"footnotes":""},"categories":[1586],"tags":[11,15962,2196,1777,674,1779,1011,27,12,11868,25,11869,1778,364],"class_list":{"0":"post-61930","1":"post","2":"type-post","3":"status-publish","4":"format-standard","5":"has-post-thumbnail","7":"category-europe","8":"tag-actualites","9":"tag-chips-act","10":"tag-commission-europeenne","11":"tag-eu","12":"tag-europe","13":"tag-european-union","14":"tag-fr","15":"tag-france","16":"tag-news","17":"tag-puces-electroniques","18":"tag-republique-francaise","19":"tag-semi-conducteurs","20":"tag-ue","21":"tag-union-europeenne"},"share_on_mastodon":{"url":"https:\/\/pubeurope.com\/@fr\/114421578074451250","error":""},"_links":{"self":[{"href":"https:\/\/www.europesays.com\/fr\/wp-json\/wp\/v2\/posts\/61930","targetHints":{"allow":["GET"]}}],"collection":[{"href":"https:\/\/www.europesays.com\/fr\/wp-json\/wp\/v2\/posts"}],"about":[{"href":"https:\/\/www.europesays.com\/fr\/wp-json\/wp\/v2\/types\/post"}],"author":[{"embeddable":true,"href":"https:\/\/www.europesays.com\/fr\/wp-json\/wp\/v2\/users\/2"}],"replies":[{"embeddable":true,"href":"https:\/\/www.europesays.com\/fr\/wp-json\/wp\/v2\/comments?post=61930"}],"version-history":[{"count":0,"href":"https:\/\/www.europesays.com\/fr\/wp-json\/wp\/v2\/posts\/61930\/revisions"}],"wp:featuredmedia":[{"embeddable":true,"href":"https:\/\/www.europesays.com\/fr\/wp-json\/wp\/v2\/media\/61931"}],"wp:attachment":[{"href":"https:\/\/www.europesays.com\/fr\/wp-json\/wp\/v2\/media?parent=61930"}],"wp:term":[{"taxonomy":"category","embeddable":true,"href":"https:\/\/www.europesays.com\/fr\/wp-json\/wp\/v2\/categories?post=61930"},{"taxonomy":"post_tag","embeddable":true,"href":"https:\/\/www.europesays.com\/fr\/wp-json\/wp\/v2\/tags?post=61930"}],"curies":[{"name":"wp","href":"https:\/\/api.w.org\/{rel}","templated":true}]}}