{"id":619301,"date":"2025-12-24T05:10:14","date_gmt":"2025-12-24T05:10:14","guid":{"rendered":"https:\/\/www.europesays.com\/fr\/619301\/"},"modified":"2025-12-24T05:10:14","modified_gmt":"2025-12-24T05:10:14","slug":"en-direct-guerre-en-ukraine-volodymyr-zelensky-affirme-que-washington-reste-determine-a-parvenir-a-un-accord-de-paix-le-monde-fr","status":"publish","type":"post","link":"https:\/\/www.europesays.com\/fr\/619301\/","title":{"rendered":"EN DIRECT, guerre en Ukraine : Volodymyr Zelensky affirme que Washington reste d\u00e9termin\u00e9 \u00e0 parvenir \u00e0 un accord de paix &#8211; Le Monde.fr"},"content":{"rendered":"<ol>\n<li><a href=\"https:\/\/news.google.com\/rss\/articles\/CBMilgJBVV95cUxNcHRmX2l4TFdjUmlQSWdIaGMzdUVTbklJV0wxVkxXc3d2b1VaRE80cTN4N08xVnBDU2xUalk3NFlScERqM1dZZDc5a0NKZ09TX3c2dzNJTEtGMVdQY0tXUHdnWTM0dUlCcXRiT2NseVJtbU42VnA3WDJUM19rS3MtaTRTTG5vblVYXzRqVm9mNkdPXzNDOGZ2MHBVWHJTZTNEazJVeEthZk10VEpZTGswMU9WTC1vWjE2Z283NmhOTFVlSVVIeU02bFViRk1vVUNHQjdRNWFJX0hVazlNY1FWUW9CSU91UW9Sams3RjVjcmZ5VGR5LXFiUG1zN0FqdzBINUZ4elA2Z1hqZXQ2dzk5RWNNekZKUQ?oc=5\" target=\"_blank\" rel=\"noopener\">EN DIRECT, guerre en Ukraine : Volodymyr Zelensky affirme que Washington reste d\u00e9termin\u00e9 \u00e0 parvenir \u00e0 un accord de paix<\/a>&nbsp;&nbsp;Le Monde.fr<\/li>\n<li><a href=\"https:\/\/news.google.com\/rss\/articles\/CBMipwJBVV95cUxQLTJKbDdzSl9ELXVxLWV4cUQwZEFjd0tyQ29iX2FPNGRYa3lGMklsNEd3ZTIxX0h4bnduaFpBay15V2ExXzNJTWFUc2U0VWdsZnZWenNBaW9BNHgyY1B0ZjZ5NkVIUWRtWmJZaVR4Y05PVDA5UFJPSU05Slh0NVpURG1DTTRYUVo5ajFWdFVqTDJpTlNtTVVnVlJPbFgtanJHWHdaOEZBdVd3T3M3YUFwZHE3b2lFM2xzU2F4ckVaUkRqdWNkUkJGREp3RXAweHktRWtsWExMSmRrWVNrY1Q0SkszQ2lTYzV1UGdGNkY4ZkxpLVA3N0NIQTZERmR4eVZ2c3ZoTVZ2cmF2eVF0a0lhbkNfZFB0cXBFcmlqOFNfXzM3d3gwcHNN?oc=5\" target=\"_blank\" rel=\"noopener\">Am\u00e9ricains et Ukrainiens saluent des \u00ab\u00a0r\u00e9unions productives et constructives\u00a0\u00bb \u00e0 Miami pour la fin de la guerre en Ukraine<\/a>&nbsp;&nbsp;BFM<\/li>\n<li><a href=\"https:\/\/news.google.com\/rss\/articles\/CBMiwwFBVV95cUxQUGExaWk2MjE4OE1TbHM2TlljMzlyLXVUZjJJQV92U3YwY0ktT1BTdVVSVWtZOEtUX1BzRmRBcldBZURVNndKVEEzUzV6WFYzNHNQcnltbEIyX1VKQmVLNXNZRm1aT1pENWtaUkJ5aWlZQTJoZlF1QUFGeW1OMzlLaTRqaHR6OXRyai1ZY0J2VjFKUE15WGhOYzR0YldYM000Y2NWenhFTGZXQ25LSVdnWG5hbXlGQUJKY3gyOVRsaUFiMGs?oc=5\" target=\"_blank\" rel=\"noopener\">Volodymyr Zelensky prudemment optimiste quant aux pourparlers de paix men\u00e9s par les \u00c9tats-Unis<\/a>&nbsp;&nbsp;Euronews.com<\/li>\n<li><a href=\"https:\/\/news.google.com\/rss\/articles\/CBMivgFBVV95cUxPTFFnN0RCVFBWeXdwaTNabk9tLXJrZWRaMTYySkk0cGN1N3ZXUUwxRzNPX05qWmc4MXMxRHlXOHpCdFdOYXBUWDlIamEwX212dHdXX0JHUE5XdVA5OTFXYjNXWjlxaEwzM3VYOGQ0ejFFRi1Ob0lHZndZYWhVbG9VazlOZlh0Q01JZWtiU1N1VFllWjdraVFVVDBpeG42V3oyNExXcHhJSllHdFFXR2VMYmFaRUYtd2FYeDVjZWxn?oc=5\" target=\"_blank\" rel=\"noopener\">Nouvelle rencontre \u00e0 Miami et tentative de perc\u00e9e russe dans le nord-est de l\u2019Ukraine<\/a>&nbsp;&nbsp;20 Minutes<\/li>\n<li><a href=\"https:\/\/news.google.com\/rss\/articles\/CBMiygFBVV95cUxOXzlYd3lQeXhsSnVpd1BGa1ZOa3JITXNVcno5UnBDUk41WHpqVGFDaXhWM1k3c0ZaRUVRLXBjcFhJU1RZblp5eTJQaXJmWTRFcnJobUhRNnA1a0daZTRTV0ZFdFVpOUZRaWZKLW9NSXBIbXNQeERNV01Mc0pDZXJES3o3SjRWYUxBR0c0TGdOY2kzM0Fyc0JXcDRJUzhWcVhXMEZ4MWxZN3BMYzA1a2FTSld3T3pUanJVVW9rMXE5Mko1NUl3Q1paZVdB?oc=5\" target=\"_blank\" rel=\"noopener\">Guerre en Ukraine : cette zone strat\u00e9gique au c\u0153ur des n\u00e9gociations de paix<\/a>&nbsp;&nbsp;lanouvellerepublique.fr<\/li>\n<\/ol>\n","protected":false},"excerpt":{"rendered":"EN DIRECT, guerre en Ukraine : Volodymyr Zelensky affirme que Washington reste d\u00e9termin\u00e9 \u00e0 parvenir \u00e0 un accord&hellip;\n","protected":false},"author":2,"featured_media":619302,"comment_status":"","ping_status":"","sticky":false,"template":"","format":"standard","meta":{"footnotes":""},"categories":[5],"tags":[11,1011,27,14,12,28],"class_list":{"0":"post-619301","1":"post","2":"type-post","3":"status-publish","4":"format-standard","5":"has-post-thumbnail","7":"category-international","8":"tag-actualites","9":"tag-fr","10":"tag-france","11":"tag-international","12":"tag-news","13":"tag-world"},"share_on_mastodon":{"url":"https:\/\/pubeurope.com\/@fr\/115772825848286503","error":""},"_links":{"self":[{"href":"https:\/\/www.europesays.com\/fr\/wp-json\/wp\/v2\/posts\/619301","targetHints":{"allow":["GET"]}}],"collection":[{"href":"https:\/\/www.europesays.com\/fr\/wp-json\/wp\/v2\/posts"}],"about":[{"href":"https:\/\/www.europesays.com\/fr\/wp-json\/wp\/v2\/types\/post"}],"author":[{"embeddable":true,"href":"https:\/\/www.europesays.com\/fr\/wp-json\/wp\/v2\/users\/2"}],"replies":[{"embeddable":true,"href":"https:\/\/www.europesays.com\/fr\/wp-json\/wp\/v2\/comments?post=619301"}],"version-history":[{"count":0,"href":"https:\/\/www.europesays.com\/fr\/wp-json\/wp\/v2\/posts\/619301\/revisions"}],"wp:featuredmedia":[{"embeddable":true,"href":"https:\/\/www.europesays.com\/fr\/wp-json\/wp\/v2\/media\/619302"}],"wp:attachment":[{"href":"https:\/\/www.europesays.com\/fr\/wp-json\/wp\/v2\/media?parent=619301"}],"wp:term":[{"taxonomy":"category","embeddable":true,"href":"https:\/\/www.europesays.com\/fr\/wp-json\/wp\/v2\/categories?post=619301"},{"taxonomy":"post_tag","embeddable":true,"href":"https:\/\/www.europesays.com\/fr\/wp-json\/wp\/v2\/tags?post=619301"}],"curies":[{"name":"wp","href":"https:\/\/api.w.org\/{rel}","templated":true}]}}