{"id":619303,"date":"2025-12-24T05:11:24","date_gmt":"2025-12-24T05:11:24","guid":{"rendered":"https:\/\/www.europesays.com\/fr\/619303\/"},"modified":"2025-12-24T05:11:24","modified_gmt":"2025-12-24T05:11:24","slug":"496-a-0-lassemblee-nationale-adopte-la-loi-speciale-ultime-roue-de-secours","status":"publish","type":"post","link":"https:\/\/www.europesays.com\/fr\/619303\/","title":{"rendered":"496 \u00e0 0\u2026 L\u2019Assembl\u00e9e nationale adopte la loi sp\u00e9ciale, ultime roue de secours"},"content":{"rendered":"<p>L\u2019<a href=\"https:\/\/www.20minutes.fr\/dossier\/assemblee_nationale\" class=\"c-link c-link--is-underlined\" target=\"_blank\" rel=\"noopener\">Assembl\u00e9e nationale<\/a> a adopt\u00e9, mardi, \u00e0 l\u2019unanimit\u00e9 le projet de loi sp\u00e9ciale visant \u00e0 permettre de continuer de financer provisoirement l\u2019Etat, avant la reprise des d\u00e9bats <a href=\"https:\/\/www.20minutes.fr\/economie\/budget\/\" class=\"c-link c-link--is-underlined\" target=\"_blank\" rel=\"noopener\">budg\u00e9taires<\/a> en janvier. Le texte va \u00eatre transmis d\u00e8s ce mardi au <a href=\"https:\/\/www.20minutes.fr\/dossier\/senat\" class=\"c-link c-link--is-underlined\" target=\"_blank\" rel=\"noopener\">S\u00e9nat<\/a> en vue d\u2019une adoption d\u00e9finitive. Il a \u00e9t\u00e9 d\u00e9pos\u00e9 par le gouvernement apr\u00e8s l\u2019\u00e9chec de la commission mixte paritaire d\u00e9put\u00e9s-s\u00e9nateurs sur le projet de budget 2026.<\/p>\n<p>La loi sp\u00e9ciale n\u2019a rien d\u2019un processus extraordinaire tricot\u00e9 pour l\u2019occasion. Mise au placard depuis quarante-cinq ans et sa derni\u00e8re utilisation sous la pr\u00e9sidence de <a href=\"https:\/\/www.20minutes.fr\/dossier\/valery_giscard_d_estaing\" class=\"c-link c-link--is-underlined\" target=\"_blank\" rel=\"noopener\">Val\u00e9ry Giscard\u00a0d&rsquo;Estaing<\/a>, la \u00ab\u00a0loi de finances sp\u00e9ciale\u00a0\u00bb est ressortie \u00e0 la fin de l\u2019ann\u00e9e\u00a02024 avec la censure du gouvernement Barnier qui rendait impossible l\u2019adoption dans les temps d\u2019un budget pour\u00a02025.<\/p>\n<\/p>\n<p>Retraites pay\u00e9es, d\u00e9penses de sant\u00e9 rembours\u00e9es<\/p>\n<p>En l\u2019absence de budget au 1er\u00a0janvier, l\u2019\u00c9tat n\u2019est plus autoris\u00e9 \u00e0 percevoir des imp\u00f4ts. En d\u00e9posant un projet de loi de finances sp\u00e9ciale le gouvernement est ainsi autoris\u00e9 \u00e0 le faire, sans nouvelles mesures fiscales et \u00e0 r\u00e9partir les cr\u00e9dits en se limitant aux d\u00e9penses pour les services vot\u00e9s l\u2019ann\u00e9e pr\u00e9c\u00e9dente et jug\u00e9s indispensables pour poursuivre l\u2019exercice des services publics. Ainsi, les pensions de retraite continuent \u00e0 \u00eatre vers\u00e9es et les d\u00e9penses de sant\u00e9 \u00e0 \u00eatre rembours\u00e9es.<\/p>\n<p><a href=\"https:\/\/www.20minutes.fr\/economie\/budget\/\" class=\"c-link c-btn c-btn--primary\" target=\"_blank\" rel=\"noopener\">Nogre dossier sur le budget<\/a><\/p>\n<p>Toutefois, la promulgation de la loi sp\u00e9ciale et la publication des d\u00e9crets ouvrant les cr\u00e9dits ne remplacent pas le budget. Une loi de finances devra, quoi qu\u2019il en soit, \u00eatre adopt\u00e9e dans les premiers mois de l\u2019ann\u00e9e. Mais cette solution permet ainsi la poursuite des discussions et le report d\u2019un vote all\u00e9g\u00e9 des contraintes de l\u2019urgence.<\/p>\n","protected":false},"excerpt":{"rendered":"L\u2019Assembl\u00e9e nationale a adopt\u00e9, mardi, \u00e0 l\u2019unanimit\u00e9 le projet de loi sp\u00e9ciale visant \u00e0 permettre de continuer de&hellip;\n","protected":false},"author":2,"featured_media":619304,"comment_status":"","ping_status":"","sticky":false,"template":"","format":"standard","meta":{"footnotes":""},"categories":[4],"tags":[47,11,416,1003,422,33,1011,27,12,316,25,11067,5995],"class_list":{"0":"post-619303","1":"post","2":"type-post","3":"status-publish","4":"format-standard","5":"has-post-thumbnail","7":"category-france","8":"tag-actualite","9":"tag-actualites","10":"tag-assemblee-nationale","11":"tag-budget","12":"tag-depute","13":"tag-economie","14":"tag-fr","15":"tag-france","16":"tag-news","17":"tag-politique","18":"tag-republique-francaise","19":"tag-sebastien-lecornu","20":"tag-vote"},"share_on_mastodon":{"url":"https:\/\/pubeurope.com\/@fr\/115772829561739372","error":""},"_links":{"self":[{"href":"https:\/\/www.europesays.com\/fr\/wp-json\/wp\/v2\/posts\/619303","targetHints":{"allow":["GET"]}}],"collection":[{"href":"https:\/\/www.europesays.com\/fr\/wp-json\/wp\/v2\/posts"}],"about":[{"href":"https:\/\/www.europesays.com\/fr\/wp-json\/wp\/v2\/types\/post"}],"author":[{"embeddable":true,"href":"https:\/\/www.europesays.com\/fr\/wp-json\/wp\/v2\/users\/2"}],"replies":[{"embeddable":true,"href":"https:\/\/www.europesays.com\/fr\/wp-json\/wp\/v2\/comments?post=619303"}],"version-history":[{"count":0,"href":"https:\/\/www.europesays.com\/fr\/wp-json\/wp\/v2\/posts\/619303\/revisions"}],"wp:featuredmedia":[{"embeddable":true,"href":"https:\/\/www.europesays.com\/fr\/wp-json\/wp\/v2\/media\/619304"}],"wp:attachment":[{"href":"https:\/\/www.europesays.com\/fr\/wp-json\/wp\/v2\/media?parent=619303"}],"wp:term":[{"taxonomy":"category","embeddable":true,"href":"https:\/\/www.europesays.com\/fr\/wp-json\/wp\/v2\/categories?post=619303"},{"taxonomy":"post_tag","embeddable":true,"href":"https:\/\/www.europesays.com\/fr\/wp-json\/wp\/v2\/tags?post=619303"}],"curies":[{"name":"wp","href":"https:\/\/api.w.org\/{rel}","templated":true}]}}